{"id":3509,"date":"2025-04-04T22:21:10","date_gmt":"2025-04-04T22:21:10","guid":{"rendered":"https:\/\/www.europesays.com\/fr\/3509\/"},"modified":"2025-04-04T22:21:10","modified_gmt":"2025-04-04T22:21:10","slug":"un-vaccin-desormais-rembourse-pour-les-adolescents-et-jeunes-adultes","status":"publish","type":"post","link":"https:\/\/www.europesays.com\/fr\/3509\/","title":{"rendered":"un vaccin d\u00e9sormais rembours\u00e9 pour les adolescents et jeunes adultes"},"content":{"rendered":"<p>                             Par Le Figaro avec AFP<\/p>\n<p>\n            Publi\u00e9<br \/>\n                le 4 avril 2025 \u00e0 17h35,<br \/>\n                 mis \u00e0 jour le 4 avril 2025 \u00e0 17h56<\/p>\n<p>    Le remboursement du Bexsero (laboratoire GSK) est \u00e9largi aux adolescents et jeunes adultes de 15 \u00e0 24 ans.<br \/>\n                Tunatura \/ stock.adobe.com<\/p>\n<p>Pour inciter ce public, particuli\u00e8rement vuln\u00e9rable aux infections \u00e0 m\u00e9ningocoques B, \u00e0 se faire vacciner, le Bexsero sera d\u00e9sormais rembours\u00e9 aux adolescents et jeunes adultes de 15 \u00e0 24 ans.<\/p>\n<p class=\"fig-paragraph\">Face \u00e0 la\u00a0<a href=\"http:\/\/sante.lefigaro.fr\/social\/sante-publique\/meningite-un-nombre-de-cas-particulierement-eleve-en-france-depuis-janvier-20250313\" data-fig-type=\"NewsFlash\" data-gtm-custom-categorie=\"navigation\" data-gtm-custom-action=\"crossclick\" data-gtm-custom-label=\"Contextuel\" data-gtm-event=\"customEventSPE\" data-fig-domain=\"SANTE\" target=\"_blank\" rel=\"noopener\">flamb\u00e9e des cas de m\u00e9ningites<\/a>, la Haute autorit\u00e9 de sant\u00e9 avait renouvel\u00e9 son incitation \u00e0 rembourser ce vaccin pour les adolescents et jeunes adultes (15-24 ans), dans un avis rendu mi-mars. Le ministre charg\u00e9 de la Sant\u00e9 et de l\u2019Acc\u00e8s aux soins Yannick Neuder avait alors promis de mettre rapidement en \u0153uvre ses principales recommandations . C\u2019est d\u00e9sormais chose faite. D\u00e9sormais, le remboursement du Bexsero (laboratoire GSK) est donc \u00e9largi \u00e0 cette cat\u00e9gorie d\u2019\u00e2ge. Cette tranche d\u2019\u00e2ge de la population est en effet particuli\u00e8rement vuln\u00e9rable aux infections \u00e0 m\u00e9ningocoques.<\/p>\n<p class=\"fig-paragraph\">Les nouvelles recommandations de l&rsquo;autorit\u00e9 ind\u00e9pendante visaient surtout \u00e0 amplifier des r\u00e8gles introduites en janvier pour contrer l&rsquo;essor de souches de m\u00e9ningocoques jusqu&rsquo;alors marginales (A, Y, W, C).<\/p>\n<p class=\"fig-paragraph\">Pour la souche B, qui reste dominante, la HAS avait souhait\u00e9, entre autres, que le vaccin soit rembours\u00e9 \u00e0 tous les 15-24 ans souhaitant le recevoir, m\u00eame si elle n&rsquo;\u00e9tait pas all\u00e9e jusqu&rsquo;\u00e0 une recommandation en bonne et due forme dans cette tranche d&rsquo;\u00e2ge. \u00abC&rsquo;est une avanc\u00e9e majeure parce que m\u00eame les plus d\u00e9munis pourront se faire vacciner, notamment les jeunes \u00e9tudiants\u00bb, a d\u00e9clar\u00e9 vendredi \u00e0 l&rsquo;AFP le Dr Herv\u00e9 Haas, pr\u00e9sident du Groupe de pathologie infectieuse p\u00e9diatrique (GPIP). \u00abLa vaccination contre le m\u00e9ningocoque B est relativement ch\u00e8re et pour un jeune qui a des ressources limit\u00e9es, c&rsquo;est 80 euros la dose\u00bb, alors que \u00ables 15-24 ans sont la tranche la plus \u00e0 risque chez l&rsquo;adolescent et l&rsquo;adulte\u00bb, a-t-il ajout\u00e9.<\/p>\n<p class=\"fig-paragraph\">Les infections provoqu\u00e9es par les m\u00e9ningocoques, des bact\u00e9ries, peuvent provoquer une m\u00e9ningite, mais aussi une septic\u00e9mie, voire des arthrites ou des formes aux sympt\u00f4mes gastro-intestinaux. Les cas bondissent depuis plusieurs ann\u00e9es en France comme dans d&rsquo;autres pays, dans un contexte marqu\u00e9 par la fin des restrictions sanitaires de l&rsquo;\u00e8re Covid.<\/p>\n<p class=\"fig-paragraph\">En 2024, plus de 600 infections ont \u00e9t\u00e9 recens\u00e9es dans le pays, niveau record depuis 20 ans. Et le mouvement s&rsquo;est poursuivi d\u00e9but 2025: en janvier et f\u00e9vrier, le nombre de cas a largement d\u00e9pass\u00e9 le niveau d&rsquo;un an plus t\u00f4t.<\/p>\n<p class=\"fig-paragraph\">Apr\u00e8s le d\u00e9c\u00e8s d&rsquo;une jeune femme de 18 ans \u00e0 Rennes et plusieurs cas dans le d\u00e9partement, les autorit\u00e9s sanitaires ont lanc\u00e9 d\u00e9but mars\u00a0<a href=\"http:\/\/sante.lefigaro.fr\/social\/sante-publique\/les-consequences-graves-de-l-infection-font-un-peu-peur-face-aux-clusters-de-meningite-b-a-rennes-les-etudiants-se-font-vacciner-20250306\" data-fig-type=\"Article\" data-gtm-custom-categorie=\"navigation\" data-gtm-custom-action=\"crossclick\" data-gtm-custom-label=\"Contextuel\" data-gtm-event=\"customEventSPE\" data-fig-domain=\"SANTE\" target=\"_blank\" rel=\"noopener\">une vaste campagne de vaccination contre le m\u00e9ningocoque B<\/a>. Sur quelque 100.000 personnes de 15-24 ans cibl\u00e9es, moins de la moiti\u00e9 ont \u00e9t\u00e9 vaccin\u00e9es un mois apr\u00e8s, selon l&rsquo;ARS de Bretagne. Et il leur faudra une deuxi\u00e8me dose quatre semaines apr\u00e8s la premi\u00e8re pour \u00eatre compl\u00e8tement prot\u00e9g\u00e9es.<\/p>\n<p class=\"fig-paragraph\">Le ministre charg\u00e9 de la Sant\u00e9 envisage \u00abavant l&rsquo;\u00e9t\u00e9\u00bb une grande campagne nationale ciblant les 15-24 ans.<\/p>\n<p>\u00a0\u00bb<br \/>\n        data-script=\u00a0\u00bbhttps:\/\/static.lefigaro.fr\/widget-video\/short-ttl\/video\/index.js\u00a0\u00bb<br \/>\n    &gt;<\/p>\n","protected":false},"excerpt":{"rendered":"Par Le Figaro avec AFP Publi\u00e9 le 4 avril 2025 \u00e0 17h35, mis \u00e0 jour le 4 avril&hellip;\n","protected":false},"author":2,"featured_media":3510,"comment_status":"","ping_status":"","sticky":false,"template":"","format":"standard","meta":{"footnotes":""},"categories":[10],"tags":[442,228,440,441,436,1011,27,72,226,439,229,71,435,437,227,438],"class_list":{"0":"post-3509","1":"post","2":"type-post","3":"status-publish","4":"format-standard","5":"has-post-thumbnail","7":"category-sante","8":"tag-administration-de-la-sante","9":"tag-diagnostic","10":"tag-droit-a-la-sante","11":"tag-education-sanitaire-education-sanitaire-individuelle-et-collective","12":"tag-environnement","13":"tag-fr","14":"tag-france","15":"tag-health","16":"tag-maladie","17":"tag-niveau-de-vie","18":"tag-pathologie","19":"tag-sante","20":"tag-sante-de-la-population","21":"tag-services-medicaux","22":"tag-traitement","23":"tag-traitement-preventif"},"share_on_mastodon":{"url":"https:\/\/pubeurope.com\/@fr\/114282029595790349","error":""},"_links":{"self":[{"href":"https:\/\/www.europesays.com\/fr\/wp-json\/wp\/v2\/posts\/3509","targetHints":{"allow":["GET"]}}],"collection":[{"href":"https:\/\/www.europesays.com\/fr\/wp-json\/wp\/v2\/posts"}],"about":[{"href":"https:\/\/www.europesays.com\/fr\/wp-json\/wp\/v2\/types\/post"}],"author":[{"embeddable":true,"href":"https:\/\/www.europesays.com\/fr\/wp-json\/wp\/v2\/users\/2"}],"replies":[{"embeddable":true,"href":"https:\/\/www.europesays.com\/fr\/wp-json\/wp\/v2\/comments?post=3509"}],"version-history":[{"count":0,"href":"https:\/\/www.europesays.com\/fr\/wp-json\/wp\/v2\/posts\/3509\/revisions"}],"wp:featuredmedia":[{"embeddable":true,"href":"https:\/\/www.europesays.com\/fr\/wp-json\/wp\/v2\/media\/3510"}],"wp:attachment":[{"href":"https:\/\/www.europesays.com\/fr\/wp-json\/wp\/v2\/media?parent=3509"}],"wp:term":[{"taxonomy":"category","embeddable":true,"href":"https:\/\/www.europesays.com\/fr\/wp-json\/wp\/v2\/categories?post=3509"},{"taxonomy":"post_tag","embeddable":true,"href":"https:\/\/www.europesays.com\/fr\/wp-json\/wp\/v2\/tags?post=3509"}],"curies":[{"name":"wp","href":"https:\/\/api.w.org\/{rel}","templated":true}]}}