{"id":350900,"date":"2025-08-28T23:50:09","date_gmt":"2025-08-28T23:50:09","guid":{"rendered":"https:\/\/www.europesays.com\/fr\/350900\/"},"modified":"2025-08-28T23:50:09","modified_gmt":"2025-08-28T23:50:09","slug":"le-royaume-uni-lallemagne-et-la-france-declenchent-une-procedure-contre-liran-a-lonu","status":"publish","type":"post","link":"https:\/\/www.europesays.com\/fr\/350900\/","title":{"rendered":"Le Royaume-Uni, l\u2019Allemagne et la France d\u00e9clenchent une proc\u00e9dure contre l\u2019Iran \u00e0 l\u2019ONU"},"content":{"rendered":"<p class=\"mb-4 text-lg md:leading-8 break-words\"><a href=\"https:\/\/www.theguardian.com\/world\/2025\/aug\/28\/uk-germany-and-france-say-they-have-triggered-restored-un-sanctions-on-iran\" rel=\"nofollow noopener\" target=\"_blank\" data-ylk=\"slk:\u00c0 en croire The Guardian;elm:context_link;itc:0;sec:content-canvas\" class=\"link \">\u00c0 en croire <strong>The Guardian<\/strong><\/a><strong>,<\/strong> qui a interrog\u00e9 \u00e0 ce sujet des sources britanniques, la d\u00e9cision \u201cn\u2019a pas \u00e9t\u00e9 prise \u00e0 la l\u00e9g\u00e8re\u201d, et \u201cd\u2019intenses efforts diplomatiques avaient \u00e9t\u00e9 d\u00e9ploy\u00e9s pour tenter d\u2019\u00e9viter cette mesure\u201d. Elle a n\u00e9anmoins \u00e9t\u00e9 officialis\u00e9e ce jeudi 28 ao\u00fbt. \u201cLe Royaume-Uni, la France et l\u2019Allemagne ont officiellement notifi\u00e9 \u00e0 l\u2019ONU avoir d\u00e9clench\u00e9 le r\u00e9tablissement de sanctions contre l\u2019Iran [suspendues en 2015], donnant \u00e0 T\u00e9h\u00e9ran trente jours pour faire des concessions sur l\u2019acc\u00e8s \u00e0 ses sites nucl\u00e9aires\u201d, rapporte dans ses colonnes le m\u00e9dia londonien.<\/p>\n<p class=\"mb-4 text-lg md:leading-8 break-words\">Du point de vue des trois \u00c9tats europ\u00e9ens, depuis 2019, le r\u00e9gime de la R\u00e9publique islamique ne respectait pas l\u2019accord nucl\u00e9aire de 2015, et la France, l\u2019Allemagne et le Royaume-Uni \u00e9taient press\u00e9s d\u2019agir puisque, le 15 octobre, \u201cl\u2019accord arrive \u00e0 expiration, et leur pouvoir de relancer les sanctions aurait pris fin\u201d.<\/p>\n<p class=\"mb-4 text-lg md:leading-8 break-words\">Depuis l\u2019Italie, <a href=\"https:\/\/www.ilpost.it\/2025\/08\/28\/sanzioni-europa-iran\/\" rel=\"nofollow noopener\" target=\"_blank\" data-ylk=\"slk:Il Post s\u2019attend;elm:context_link;itc:0;sec:content-canvas\" class=\"link \"><strong>Il Post<\/strong> s\u2019attend<\/a> \u00e0 ce que les trente jours qui pr\u00e9c\u00e9deront l\u2019entr\u00e9e en vigueur des sanctions seront utilis\u00e9s par les pays occidentaux pour \u201cmettre encore plus de pression diplomatique sur l\u2019Iran et le convaincre de reprendre les n\u00e9gociations\u201d. Mais cette tentative a-t-elle de r\u00e9elles chances d\u2019aboutir ?<\/p>\n<p>La position de l\u2019Iran s\u2019est endurcie<\/p>\n<p class=\"mb-4 text-lg md:leading-8 break-words\">Le probl\u00e8me, fait observer le site d\u2019information transalpin, est que \u201cla position de T\u00e9h\u00e9ran sur les tractations est devenue beaucoup plus rigide depuis que, en juin, Isra\u00ebl et les \u00c9tats-Unis ont bombard\u00e9 ses principaux sites nucl\u00e9aires\u201d. Tant et si bien qu\u2019\u00e0 ce stade, croit savoir le m\u00e9dia en ligne, \u201cl\u2019Iran ne veut pas reprendre les n\u00e9gociations tant qu\u2019il ne recevra pas des garanties sur le fait qu\u2019il ne sera plus attaqu\u00e9\u201d.<\/p>\n<p class=\"mb-4 text-lg md:leading-8 break-words\">Depuis les <a href=\"https:\/\/www.courrierinternational.com\/diaporama\/diaporama-les-unes-de-la-presse-internationale-apres-les-bombardements-americains-en-iran_232286\" rel=\"nofollow noopener\" target=\"_blank\" data-ylk=\"slk:bombardements am\u00e9ricains;elm:context_link;itc:0;sec:content-canvas\" class=\"link \">bombardements am\u00e9ricains<\/a> et isra\u00e9liens sur les sites nucl\u00e9aires iraniens, contextualise par ailleurs The Guardian, \u201cl\u2019IAEA, l\u2019Agence internationale de l\u2019\u00e9nergie atomique, a quitt\u00e9 l\u2019Iran et n\u2019a pas \u00e9t\u00e9 en mesure de n\u00e9gocier un retour sur place pour \u00e9valuer l\u2019\u00e9tat des sites touch\u00e9s\u201d. Cela, poursuit le m\u00e9dia progressiste, parce que \u201cle Parlement iranien, domin\u00e9 par les conservateurs, a fix\u00e9 des conditions tr\u00e8s strictes pour consentir un retour de l\u2019IAEA\u201d.<\/p>\n<p class=\"mb-4 text-lg md:leading-8 break-words\">[&#8230;] <strong><a href=\"https:\/\/www.courrierinternational.com\/article\/nucleaire-le-royaume-uni-l-allemagne-et-la-france-declenchent-une-procedure-contre-l-iran-a-l-onu_234512\" rel=\"nofollow noopener\" target=\"_blank\" data-ylk=\"slk:Lire la suite sur Courrier international;elm:context_link;itc:0;sec:content-canvas\" class=\"link \">Lire la suite sur Courrier international<\/a><\/strong><\/p>\n<p>Sur le m\u00eame sujet :<\/p>\n","protected":false},"excerpt":{"rendered":"\u00c0 en croire The Guardian, qui a interrog\u00e9 \u00e0 ce sujet des sources britanniques, la d\u00e9cision \u201cn\u2019a pas&hellip;\n","protected":false},"author":2,"featured_media":350901,"comment_status":"","ping_status":"","sticky":false,"template":"","format":"standard","meta":{"footnotes":""},"categories":[1587],"tags":[11,672,1804,1805,1803,1777,674,1801,12,48747,1802,48746,9964,36654],"class_list":{"0":"post-350900","1":"post","2":"type-post","3":"status-publish","4":"format-standard","5":"has-post-thumbnail","7":"category-allemagne","8":"tag-actualites","9":"tag-allemagne","10":"tag-bundesrepublik-deutschland","11":"tag-de","12":"tag-deutschland","13":"tag-eu","14":"tag-europe","15":"tag-germany","16":"tag-news","17":"tag-pays-occidentaux","18":"tag-republique-federale-dallemagne","19":"tag-republique-islamique","20":"tag-site-dinformation","21":"tag-the-guardian"},"share_on_mastodon":{"url":"https:\/\/pubeurope.com\/@fr\/115109077122208526","error":""},"_links":{"self":[{"href":"https:\/\/www.europesays.com\/fr\/wp-json\/wp\/v2\/posts\/350900","targetHints":{"allow":["GET"]}}],"collection":[{"href":"https:\/\/www.europesays.com\/fr\/wp-json\/wp\/v2\/posts"}],"about":[{"href":"https:\/\/www.europesays.com\/fr\/wp-json\/wp\/v2\/types\/post"}],"author":[{"embeddable":true,"href":"https:\/\/www.europesays.com\/fr\/wp-json\/wp\/v2\/users\/2"}],"replies":[{"embeddable":true,"href":"https:\/\/www.europesays.com\/fr\/wp-json\/wp\/v2\/comments?post=350900"}],"version-history":[{"count":0,"href":"https:\/\/www.europesays.com\/fr\/wp-json\/wp\/v2\/posts\/350900\/revisions"}],"wp:featuredmedia":[{"embeddable":true,"href":"https:\/\/www.europesays.com\/fr\/wp-json\/wp\/v2\/media\/350901"}],"wp:attachment":[{"href":"https:\/\/www.europesays.com\/fr\/wp-json\/wp\/v2\/media?parent=350900"}],"wp:term":[{"taxonomy":"category","embeddable":true,"href":"https:\/\/www.europesays.com\/fr\/wp-json\/wp\/v2\/categories?post=350900"},{"taxonomy":"post_tag","embeddable":true,"href":"https:\/\/www.europesays.com\/fr\/wp-json\/wp\/v2\/tags?post=350900"}],"curies":[{"name":"wp","href":"https:\/\/api.w.org\/{rel}","templated":true}]}}