{"id":350904,"date":"2025-08-28T23:52:17","date_gmt":"2025-08-28T23:52:17","guid":{"rendered":"https:\/\/www.europesays.com\/fr\/350904\/"},"modified":"2025-08-28T23:52:17","modified_gmt":"2025-08-28T23:52:17","slug":"union-europeenne-quand-emmanuel-macron-veut-relancer-le-couple-franco-allemand-friedrich-merz-prefere-latlantisme","status":"publish","type":"post","link":"https:\/\/www.europesays.com\/fr\/350904\/","title":{"rendered":"Union europ\u00e9enne : quand Emmanuel Macron veut relancer le couple franco-allemand, Friedrich Merz pr\u00e9f\u00e8re l\u2019atlantisme"},"content":{"rendered":"<p>Emmanuel Macron a mis les petits plats dans les grands, au soir de ce jeudi 28\u00a0ao\u00fbt, pour recevoir <a href=\"https:\/\/www.humanite.fr\/monde\/allemagne\/une-premiere-dans-lhistoire-de-la-republique-federale-allemande-friedrich-merz-battu-au-bundestag-rate-son-entree-en-scene\" rel=\"nofollow noopener\" target=\"_blank\">le chancelier allemand, Friedrich Merz,<\/a> dans sa r\u00e9sidence d\u2019\u00e9t\u00e9 de Br\u00e9gan\u00e7on. Rien moins qu\u2019un \u00ab\u00a0reset\u00a0\u00bb, une remise en ordre dans le jargon diplomatique anglo-saxon, des liens franco-allemands au sein de l\u2019Union europ\u00e9enne (UE) \u00e9tait au menu. <\/p>\n<p>Et pour faire bonne mesure, la rencontre des deux chefs d\u2019\u00c9tat est suivie ce vendredi 29\u00a0ao\u00fbt, \u00e0 Toulon, d\u2019un Conseil des ministres franco-allemand regroupant quelque 10 portefeuilles&#8230;<\/p>\n","protected":false},"excerpt":{"rendered":"Emmanuel Macron a mis les petits plats dans les grands, au soir de ce jeudi 28\u00a0ao\u00fbt, pour recevoir&hellip;\n","protected":false},"author":2,"featured_media":350905,"comment_status":"","ping_status":"","sticky":false,"template":"","format":"standard","meta":{"footnotes":""},"categories":[1586],"tags":[11,672,1924,1073,1777,674,1779,1011,27,4710,12,25,1778,364],"class_list":{"0":"post-350904","1":"post","2":"type-post","3":"status-publish","4":"format-standard","5":"has-post-thumbnail","7":"category-europe","8":"tag-actualites","9":"tag-allemagne","10":"tag-armement","11":"tag-emmanuel-macron","12":"tag-eu","13":"tag-europe","14":"tag-european-union","15":"tag-fr","16":"tag-france","17":"tag-friedrich-merz","18":"tag-news","19":"tag-republique-francaise","20":"tag-ue","21":"tag-union-europeenne"},"share_on_mastodon":{"url":"https:\/\/pubeurope.com\/@fr\/115109084767573608","error":""},"_links":{"self":[{"href":"https:\/\/www.europesays.com\/fr\/wp-json\/wp\/v2\/posts\/350904","targetHints":{"allow":["GET"]}}],"collection":[{"href":"https:\/\/www.europesays.com\/fr\/wp-json\/wp\/v2\/posts"}],"about":[{"href":"https:\/\/www.europesays.com\/fr\/wp-json\/wp\/v2\/types\/post"}],"author":[{"embeddable":true,"href":"https:\/\/www.europesays.com\/fr\/wp-json\/wp\/v2\/users\/2"}],"replies":[{"embeddable":true,"href":"https:\/\/www.europesays.com\/fr\/wp-json\/wp\/v2\/comments?post=350904"}],"version-history":[{"count":0,"href":"https:\/\/www.europesays.com\/fr\/wp-json\/wp\/v2\/posts\/350904\/revisions"}],"wp:featuredmedia":[{"embeddable":true,"href":"https:\/\/www.europesays.com\/fr\/wp-json\/wp\/v2\/media\/350905"}],"wp:attachment":[{"href":"https:\/\/www.europesays.com\/fr\/wp-json\/wp\/v2\/media?parent=350904"}],"wp:term":[{"taxonomy":"category","embeddable":true,"href":"https:\/\/www.europesays.com\/fr\/wp-json\/wp\/v2\/categories?post=350904"},{"taxonomy":"post_tag","embeddable":true,"href":"https:\/\/www.europesays.com\/fr\/wp-json\/wp\/v2\/tags?post=350904"}],"curies":[{"name":"wp","href":"https:\/\/api.w.org\/{rel}","templated":true}]}}