{"id":35091,"date":"2025-04-18T23:07:30","date_gmt":"2025-04-18T23:07:30","guid":{"rendered":"https:\/\/www.europesays.com\/fr\/35091\/"},"modified":"2025-04-18T23:07:30","modified_gmt":"2025-04-18T23:07:30","slug":"projection-debat-du-film-nous-sommes-des-champs-de-bataille","status":"publish","type":"post","link":"https:\/\/www.europesays.com\/fr\/35091\/","title":{"rendered":"Projection-d\u00e9bat du film \u00ab\u00a0Nous sommes des champs de bataille\u00a0\u00bb"},"content":{"rendered":"<p class=\"has-text-align-center\"><strong>Contre Attaque et le comit\u00e9 Nantais des Soul\u00e8vements de la Terre organisent une soir\u00e9e de projection <a href=\"https:\/\/contre-attaque.net\/2025\/01\/18\/a-voir-nous-sommes-des-champs-de-bataille-de-mathieu-rigouste\/\" target=\"_blank\" rel=\"noopener\">du documentaire de Mathieu Rigouste \u00ab\u00a0Nous sommes des champs de bataille\u00a0\u00bb<\/a> \u00e0 Nantes.<\/strong><\/p>\n<p><img loading=\"lazy\" decoding=\"async\" width=\"1024\" height=\"1024\" data-attachment-id=\"91965\" data-permalink=\"https:\/\/contre-attaque.net\/2025\/04\/16\/mercredi-23-avril-projection-debat-autour-du-film-nous-sommes-des-champs-de-bataille\/23av2\/\" data-orig-file=\"https:\/\/contre-attaque.net\/wp-content\/uploads\/2025\/04\/23AV2.jpg\" data-orig-size=\"1500,1500\" data-comments-opened=\"0\" data-image-meta=\"{&quot;aperture&quot;:&quot;0&quot;,&quot;credit&quot;:&quot;&quot;,&quot;camera&quot;:&quot;&quot;,&quot;caption&quot;:&quot;&quot;,&quot;created_timestamp&quot;:&quot;0&quot;,&quot;copyright&quot;:&quot;&quot;,&quot;focal_length&quot;:&quot;0&quot;,&quot;iso&quot;:&quot;0&quot;,&quot;shutter_speed&quot;:&quot;0&quot;,&quot;title&quot;:&quot;&quot;,&quot;orientation&quot;:&quot;0&quot;}\" data-image-title=\"23AV2\" data-image-description=\"\" data-image-caption=\"\" data-medium-file=\"https:\/\/contre-attaque.net\/wp-content\/uploads\/2025\/04\/23AV2-300x300.jpg\" data-large-file=\"https:\/\/www.europesays.com\/fr\/wp-content\/uploads\/2025\/04\/23AV2-1024x1024.jpg\" src=\"https:\/\/www.europesays.com\/fr\/wp-content\/uploads\/2025\/04\/23AV2-1024x1024.jpg\" alt=\"L'affiche du film &quot;Nous sommes des champs de bataille&quot; de Mathieu Rigouste.\" class=\"wp-image-91965\"  \/><\/p>\n<p class=\"has-text-align-center\"><strong>La projection sera suivie d\u2019une discussion \/ d\u00e9bat en compagnie du r\u00e9alisateur Mathieu Rigouste et de Pierre Douillard-Lef\u00e8vre, chercheur sur la r\u00e9pression.<\/strong><\/p>\n<p>Le synopsis :<\/p>\n<p>\u00ab\u00a0Depuis le d\u00e9but des ann\u00e9es 2000, j\u2019enqu\u00eate sur le syst\u00e8me s\u00e9curitaire tout en participant aux luttes sociales. Et pour cette raison, j\u2019ai \u00e9t\u00e9 fich\u00e9 par les services de renseignements fran\u00e7ais.<br \/>Mais nous avons besoin de mieux comprendre cette machine de guerre et de contr\u00f4le qui \u00e9crase les peuples. Alors j\u2019ai d\u00e9cid\u00e9 d\u2019aller enqu\u00eater au c\u0153ur de Milipol, <a href=\"https:\/\/contre-attaque.net\/2023\/11\/18\/salon-milipol-des-outils-de-torture-reperes-par-amnesty-international\/\" target=\"_blank\" rel=\"noopener\">le salon mondial de la s\u00e9curit\u00e9 int\u00e9rieure des \u00c9tats<\/a>.<\/p>\n<p>Suivez-moi dans les coulisses de ce business mondial. Nous allons enqu\u00eater ensemble sur la fabrication des guerres, la globalisation de la surveillance et le commerce de la r\u00e9pression.<\/p>\n<p>Il s\u2019agit de mettre en lumi\u00e8re les rouages d\u2019un syst\u00e8me en laissant ses principaux acteurs le raconter eux-m\u00eames, face cam\u00e9ra. Et d\u2019y r\u00e9fl\u00e9chir avec celles et ceux qui subissent l\u2019ordre militaro-s\u00e9curitaire au quotidien et qui tentent de lui r\u00e9sister pour exister.<\/p>\n<p>\u00c0 travers les interstices, nous interrogeons notre participation \u00e0 l\u2019ordre des choses et du monde, notre capacit\u00e9 \u00e0 nous pr\u00e9server et \u00e0 nous transformer.<\/p>\n<p>Dans le reflet de la machine de guerre, nous sommes face \u00e0 nous-m\u00eames et \u00e0 ce que nous voulons devenir.\u00a0\u00bb<\/p>\n<ul class=\"wp-block-list\">\n<li>RDV \u00e0 partir de 18h30, diffusion \u00e0 19h30<\/li>\n<li>La Maison des syndicats, 8 place de la gare de l\u2019\u00c9tat<\/li>\n<li>Entr\u00e9e \u00e0 prix libre<\/li>\n<li>Buvette et petite restauration<\/li>\n<li>Stand de livres sur place, pr\u00e9vois du cash<\/li>\n<\/ul>\n","protected":false},"excerpt":{"rendered":"Contre Attaque et le comit\u00e9 Nantais des Soul\u00e8vements de la Terre organisent une soir\u00e9e de projection du documentaire&hellip;\n","protected":false},"author":2,"featured_media":35092,"comment_status":"","ping_status":"","sticky":false,"template":"","format":"standard","meta":{"footnotes":""},"categories":[1354],"tags":[1924,650,11404,58,59,1346,1011,27,11405,11406,11407,1360,766,11408],"class_list":{"0":"post-35091","1":"post","2":"type-post","3":"status-publish","4":"format-standard","5":"has-post-thumbnail","7":"category-films","8":"tag-armement","9":"tag-cinema","10":"tag-contre-attaque","11":"tag-divertissement","12":"tag-entertainment","13":"tag-films","14":"tag-fr","15":"tag-france","16":"tag-les-soulevements-de-la-terre","17":"tag-mathieu-rigouste","18":"tag-milipol","19":"tag-movies","20":"tag-nantes","21":"tag-technopolice"},"share_on_mastodon":{"url":"https:\/\/pubeurope.com\/@fr\/114361482895100401","error":""},"_links":{"self":[{"href":"https:\/\/www.europesays.com\/fr\/wp-json\/wp\/v2\/posts\/35091","targetHints":{"allow":["GET"]}}],"collection":[{"href":"https:\/\/www.europesays.com\/fr\/wp-json\/wp\/v2\/posts"}],"about":[{"href":"https:\/\/www.europesays.com\/fr\/wp-json\/wp\/v2\/types\/post"}],"author":[{"embeddable":true,"href":"https:\/\/www.europesays.com\/fr\/wp-json\/wp\/v2\/users\/2"}],"replies":[{"embeddable":true,"href":"https:\/\/www.europesays.com\/fr\/wp-json\/wp\/v2\/comments?post=35091"}],"version-history":[{"count":0,"href":"https:\/\/www.europesays.com\/fr\/wp-json\/wp\/v2\/posts\/35091\/revisions"}],"wp:featuredmedia":[{"embeddable":true,"href":"https:\/\/www.europesays.com\/fr\/wp-json\/wp\/v2\/media\/35092"}],"wp:attachment":[{"href":"https:\/\/www.europesays.com\/fr\/wp-json\/wp\/v2\/media?parent=35091"}],"wp:term":[{"taxonomy":"category","embeddable":true,"href":"https:\/\/www.europesays.com\/fr\/wp-json\/wp\/v2\/categories?post=35091"},{"taxonomy":"post_tag","embeddable":true,"href":"https:\/\/www.europesays.com\/fr\/wp-json\/wp\/v2\/tags?post=35091"}],"curies":[{"name":"wp","href":"https:\/\/api.w.org\/{rel}","templated":true}]}}