{"id":350912,"date":"2025-08-28T23:58:09","date_gmt":"2025-08-28T23:58:09","guid":{"rendered":"https:\/\/www.europesays.com\/fr\/350912\/"},"modified":"2025-08-28T23:58:09","modified_gmt":"2025-08-28T23:58:09","slug":"top-14-stade-toulousain-deja-de-la-casse-en-ce-debut-de-saison-teddy-thomas-au-repos-pour-quelques-semaines","status":"publish","type":"post","link":"https:\/\/www.europesays.com\/fr\/350912\/","title":{"rendered":"Top 14 &#8211; Stade Toulousain\u00a0: d\u00e9j\u00e0 de la casse en ce d\u00e9but de saison, Teddy Thomas \u00ab\u00a0au repos\u00a0\u00bb pour quelques semaines"},"content":{"rendered":"<p>Le Stade Toulousain n&rsquo;a fait que deux matches de pr\u00e9paration, mais laisse d\u00e9j\u00e0 des plumes sur le terrain. Teddy Thomas et Nelson \u00c9p\u00e9e ont tous les deux \u00e9t\u00e9 touch\u00e9s lors des matches de pr\u00e9paration. <\/p>\n<p>D\u00e9j\u00e0 de la casse pour le\u00a0<a class=\"IciLink ici-link IciArticleLink g-ici-body-regular-1 underline brand svelte-lu7k6w\" href=\"https:\/\/www.francebleu.fr\/personnes\/stade-toulousain\" rel=\"nofollow noopener\" target=\"_blank\">Stade Toulousain<\/a>. En deux matches de pr\u00e9paration, le premier face au\u00a0<a class=\"IciLink ici-link IciArticleLink g-ici-body-regular-1 underline brand svelte-lu7k6w\" href=\"https:\/\/www.francebleu.fr\/personnes\/rugby-club-vannes\" rel=\"nofollow noopener\" target=\"_blank\">RC Vannes<\/a>, et le deuxi\u00e8me face \u00e0 Bayonne au stade Jean-Dauger, les \u00ab\u00a0Rouge et Noir\u00a0\u00bb voient d\u00e9j\u00e0 leur infirmerie se remplir. Ce jeudi 28 ao\u00fbt, au Pays basque, <strong>le trois-quarts aile Nelson \u00c9p\u00e9e a \u00e9t\u00e9 contraint de quitter ses partenaires<\/strong>\u00a0\u00e0 l&rsquo;approche de l&rsquo;heure de jeu (58e). Auteur d&rsquo;une perc\u00e9e qui a mis dans le vent au moins trois d\u00e9fenseurs bayonnais, le toulousain est sorti en boitant apr\u00e8s s&rsquo;\u00eatre fait plaquer. \u00ab\u00a0Il s&rsquo;est fait mal \u00e0 la jambe gauche, mais on ne sait pas encore ce qu&rsquo;il a\u00a0\u00bb avance prudemment l&rsquo;entra\u00eeneur des avants Jean Bouilhou apr\u00e8s la rencontre, en attendant des examens suppl\u00e9mentaires.<\/p>\n<p> Une recrue d\u00e9j\u00e0 \u00e9loign\u00e9e des terrains<\/p>\n<p>L&rsquo;autre coup dur concerne un deuxi\u00e8me ailier, Teddy Thomas.\u00a0<a class=\"IciLink ici-link IciArticleLink g-ici-body-regular-1 underline brand svelte-lu7k6w\" href=\"https:\/\/www.francebleu.fr\/sports\/rugby\/top-14-teddy-thomas-signe-enfin-avec-le-stade-toulousain-1820852\" rel=\"nofollow noopener\" target=\"_blank\">Arriv\u00e9 de La Rochelle \u00e0 l&rsquo;intersaison<\/a>\u00a0avec son co\u00e9quipier de la premi\u00e8re ligne Georges-Henri Colombes, l&rsquo;international fran\u00e7ais, form\u00e9 au <a class=\"IciLink ici-link IciArticleLink g-ici-body-regular-1 underline brand svelte-lu7k6w\" href=\"https:\/\/www.francebleu.fr\/personnes\/biarritz-olympique\" rel=\"nofollow noopener\" target=\"_blank\">Biarritz Olympique<\/a>, n&rsquo;a pas pris part au deuxi\u00e8me match de pr\u00e9paration du Stade Toulousain. \u00ab\u00a0Il s&rsquo;est bless\u00e9 lors du match contre Vannes, il va avoir quelques semaines de repos, je pense\u00a0\u00bb explique \u00e0 nouveau Jean Bouilhou, sans toutefois pr\u00e9ciser la nature exacte de la blessure dont souffre le joueur de 31 ans. Capable de jouer \u00e0 l&rsquo;aile ou au centre, <strong>Teddy Thomas manquera donc selon toute vraisemblance le d\u00e9but de saison<\/strong>, \u00e0 commencer par la premi\u00e8re journ\u00e9e de championnat et le d\u00e9placement \u00e0 Clermont le dimanche 7 septembre prochain.<\/p>\n","protected":false},"excerpt":{"rendered":"Le Stade Toulousain n&rsquo;a fait que deux matches de pr\u00e9paration, mais laisse d\u00e9j\u00e0 des plumes sur le terrain.&hellip;\n","protected":false},"author":2,"featured_media":350913,"comment_status":"","ping_status":"","sticky":false,"template":"","format":"standard","meta":{"footnotes":""},"categories":[1416],"tags":[1011,27,479,1468,60],"class_list":{"0":"post-350912","1":"post","2":"type-post","3":"status-publish","4":"format-standard","5":"has-post-thumbnail","7":"category-rugby","8":"tag-fr","9":"tag-france","10":"tag-rugby","11":"tag-rugby-football","12":"tag-sports"},"share_on_mastodon":{"url":"https:\/\/pubeurope.com\/@fr\/115109108369666193","error":""},"_links":{"self":[{"href":"https:\/\/www.europesays.com\/fr\/wp-json\/wp\/v2\/posts\/350912","targetHints":{"allow":["GET"]}}],"collection":[{"href":"https:\/\/www.europesays.com\/fr\/wp-json\/wp\/v2\/posts"}],"about":[{"href":"https:\/\/www.europesays.com\/fr\/wp-json\/wp\/v2\/types\/post"}],"author":[{"embeddable":true,"href":"https:\/\/www.europesays.com\/fr\/wp-json\/wp\/v2\/users\/2"}],"replies":[{"embeddable":true,"href":"https:\/\/www.europesays.com\/fr\/wp-json\/wp\/v2\/comments?post=350912"}],"version-history":[{"count":0,"href":"https:\/\/www.europesays.com\/fr\/wp-json\/wp\/v2\/posts\/350912\/revisions"}],"wp:featuredmedia":[{"embeddable":true,"href":"https:\/\/www.europesays.com\/fr\/wp-json\/wp\/v2\/media\/350913"}],"wp:attachment":[{"href":"https:\/\/www.europesays.com\/fr\/wp-json\/wp\/v2\/media?parent=350912"}],"wp:term":[{"taxonomy":"category","embeddable":true,"href":"https:\/\/www.europesays.com\/fr\/wp-json\/wp\/v2\/categories?post=350912"},{"taxonomy":"post_tag","embeddable":true,"href":"https:\/\/www.europesays.com\/fr\/wp-json\/wp\/v2\/tags?post=350912"}],"curies":[{"name":"wp","href":"https:\/\/api.w.org\/{rel}","templated":true}]}}