{"id":350914,"date":"2025-08-28T23:59:16","date_gmt":"2025-08-28T23:59:16","guid":{"rendered":"https:\/\/www.europesays.com\/fr\/350914\/"},"modified":"2025-08-28T23:59:16","modified_gmt":"2025-08-28T23:59:16","slug":"jannik-sinner-simpose-facilement-face-a-alexei-popyrin-au-deuxieme-tour-de-lus-open-lequipe","status":"publish","type":"post","link":"https:\/\/www.europesays.com\/fr\/350914\/","title":{"rendered":"Jannik Sinner s&#039;impose facilement face \u00e0 Alexei Popyrin au deuxi\u00e8me tour de l&#039;US Open &#8211; L&#039;\u00c9quipe"},"content":{"rendered":"<ol>\n<li><a href=\"https:\/\/news.google.com\/rss\/articles\/CBMi0wFBVV95cUxPNjNIX1hyc3huRFl5UUJWeUVWR0ZpN1B2bUFqMlpmb19XMHk3NkItYlJMVXJRLXB2bjhsOXh5eXZDM0d3UE1WbjRhQjF5QUs0dmF3UXZOWVdMR09zcy1ta3daY2JJLWdMZTRwd0hTYm03QWhxaWdRbjlxLVMtSmlIaVRLM3VpbmhBOUdDTkVTTVBGU3JFOWxXMzFzTjlZX01wOWtDTTR4LUdWLUlSNV9HQ0dBSEl0aXZSdVpaY2MxZXZqOGRMbzN0UkM3YUlnWWZ6MFlz?oc=5\" target=\"_blank\" rel=\"nofollow noopener\">Jannik Sinner s&rsquo;impose facilement face \u00e0 Alexei Popyrin au deuxi\u00e8me tour de l&rsquo;US Open<\/a>&nbsp;&nbsp;L&rsquo;\u00c9quipe<\/li>\n<li><a href=\"https:\/\/news.google.com\/rss\/articles\/CBMi8wFBVV95cUxNREpJWkJSbmhpNE5peDZaWG9LajM0X3YtQ1QtYWRpY0h0Z2U2QXhOOTM2UUczVHU3a1dEVENmWkVBRjAzLTViSkhuWWdQS3Z4QWlqWm9UNDYwYlBFd3hudnJuNXE4QlZPZmhOZEpMMDVlU3BxTnBrblhPY0FlRGlBVl9SRDF3Z1NUZnBIZGc5WFFqYjUxeHgwQnlOZk9oRG4wZThhS0xqUUpuYXdnSGFrTlZQT2dQZWtQWmZEWTcxVTRLa1pYODVOWWJRUWh6WkFlMDFTOWVQTUF2U0xBRjNkUjZSUWxIN2g0UXJRdzcyelVpTTA?oc=5\" target=\"_blank\" rel=\"nofollow noopener\">Sinner, toujours aussi bluffant<\/a>&nbsp;&nbsp;Eurosport<\/li>\n<li><a href=\"https:\/\/news.google.com\/rss\/articles\/CBMiiAFBVV95cUxOeXQzWjhnQjhVNEFCcHRFS3lrQ3ZFYkVjR0NDTi1rV2FsOVZ2N0hITVF0YjJCQ01ZLW5LWnBVTlN6UXpjb0xJbVVhN3k2alpfTjlEU0o3cVpyOHM0enVXSHctN1BNb2g5RjFQS3VqZ1JoNlQ4TEwzWHMxb0tVNGxmSDU3SHFKLUdh?oc=5\" target=\"_blank\" rel=\"nofollow noopener\">Pronostic Jannik Sinner &#8211; Alexei Popyrin<\/a>&nbsp;&nbsp;RueDesJoueurs<\/li>\n<li><a href=\"https:\/\/news.google.com\/rss\/articles\/CBMi0AFBVV95cUxQN2FBcWUxMVEzUWZKbklkWmVOQUFDOVZQSW9KS0J0ZmpvMFRQZTM3b3dWZWRqRUYyOTh4YzJKemJaeGxCWnFfRk51SWdISm1HMjVJLWY0anN4UzVjbnNxYWEwNGlTekcyNzVSTnE2Y3ZLTHZja3hGcGZHV2YtSV9VMnFlV05kdWlYQkk5dW9tZjRwY182ckh1Qi1ZdkVXdWdlbTNFNGM3eUEyTjBXUVhjam84c29Qa01vbW9JLWVNU1o4NmM5S2JWMF9pV1doaTNm?oc=5\" target=\"_blank\" rel=\"nofollow noopener\">Tennis: Le num\u00e9ro 1 mondial tranquille \u00e0 New York<\/a>&nbsp;&nbsp;Blick<\/li>\n<li><a href=\"https:\/\/news.google.com\/rss\/articles\/CBMingFBVV95cUxOYTl1dUZKRTJUWXV1cHQwR0NQNnYzUC1YU0hoRFd5Q3RzWThGYUhxaUkyelRZOFJsTEd6RFNJUVhDc1l5YlNBVzQ3QzlsS25LWnBPMWVzR3Rkb29uYm9zT0hORVp5UVFPcm0xVEF5QkFDMW13LVRPVDhIejE0R202bnRlY1hCejd3dU9aQk5QTkptNG9mR0hHNWhrRDRCUQ?oc=5\" target=\"_blank\" rel=\"nofollow noopener\">Swiatek souffre mais s\u2019impose \u00e0 Flushing Meadows, Sinner \u00e0 suivre<\/a>&nbsp;&nbsp;Le Devoir<\/li>\n<\/ol>\n","protected":false},"excerpt":{"rendered":"Jannik Sinner s&rsquo;impose facilement face \u00e0 Alexei Popyrin au deuxi\u00e8me tour de l&rsquo;US Open&nbsp;&nbsp;L&rsquo;\u00c9quipe Sinner, toujours aussi bluffant&nbsp;&nbsp;Eurosport&hellip;\n","protected":false},"author":2,"featured_media":350915,"comment_status":"","ping_status":"","sticky":false,"template":"","format":"standard","meta":{"footnotes":""},"categories":[1415],"tags":[1011,27,60,1467],"class_list":{"0":"post-350914","1":"post","2":"type-post","3":"status-publish","4":"format-standard","5":"has-post-thumbnail","7":"category-tennis","8":"tag-fr","9":"tag-france","10":"tag-sports","11":"tag-tennis"},"share_on_mastodon":{"url":"https:\/\/pubeurope.com\/@fr\/115109112267081619","error":""},"_links":{"self":[{"href":"https:\/\/www.europesays.com\/fr\/wp-json\/wp\/v2\/posts\/350914","targetHints":{"allow":["GET"]}}],"collection":[{"href":"https:\/\/www.europesays.com\/fr\/wp-json\/wp\/v2\/posts"}],"about":[{"href":"https:\/\/www.europesays.com\/fr\/wp-json\/wp\/v2\/types\/post"}],"author":[{"embeddable":true,"href":"https:\/\/www.europesays.com\/fr\/wp-json\/wp\/v2\/users\/2"}],"replies":[{"embeddable":true,"href":"https:\/\/www.europesays.com\/fr\/wp-json\/wp\/v2\/comments?post=350914"}],"version-history":[{"count":0,"href":"https:\/\/www.europesays.com\/fr\/wp-json\/wp\/v2\/posts\/350914\/revisions"}],"wp:featuredmedia":[{"embeddable":true,"href":"https:\/\/www.europesays.com\/fr\/wp-json\/wp\/v2\/media\/350915"}],"wp:attachment":[{"href":"https:\/\/www.europesays.com\/fr\/wp-json\/wp\/v2\/media?parent=350914"}],"wp:term":[{"taxonomy":"category","embeddable":true,"href":"https:\/\/www.europesays.com\/fr\/wp-json\/wp\/v2\/categories?post=350914"},{"taxonomy":"post_tag","embeddable":true,"href":"https:\/\/www.europesays.com\/fr\/wp-json\/wp\/v2\/tags?post=350914"}],"curies":[{"name":"wp","href":"https:\/\/api.w.org\/{rel}","templated":true}]}}