{"id":350916,"date":"2025-08-29T00:01:13","date_gmt":"2025-08-29T00:01:13","guid":{"rendered":"https:\/\/www.europesays.com\/fr\/350916\/"},"modified":"2025-08-29T00:01:13","modified_gmt":"2025-08-29T00:01:13","slug":"parlons-motogp-marco-bezzecchi-est-il-le-seul-qui-peut-faire-plier-marc-marquez","status":"publish","type":"post","link":"https:\/\/www.europesays.com\/fr\/350916\/","title":{"rendered":"Parlons MotoGP\u00a0: Marco Bezzecchi est-il le seul qui peut faire plier Marc Marquez\u00a0?"},"content":{"rendered":"<p><strong>Une fois de plus, en Hongrie, Marco Bezzecchi s\u2019est<br \/>\nillustr\u00e9 et a crois\u00e9 le fer avec Marc Marquez. Le temps de quelques<br \/>\ntours, je vous l\u2019accorde, mais cette saison, personne n\u2019a pos\u00e9 plus<br \/>\nde probl\u00e8me \u00e0 l\u2019officiel Ducati que le \u00ab\u00a0Bez\u00a0\u00bb, quatri\u00e8me<br \/>\ndu classement g\u00e9n\u00e9ral. Franchement, il m\u2019\u00e9pate.<\/strong><\/p>\n<p>\u00a0<\/p>\n<p>Un \u00e9tat d\u2019esprit irr\u00e9prochable<\/p>\n<p>\u00a0<\/p>\n<p>Cette saison de Marco Bezzecchi est d\u00e9j\u00e0 une r\u00e9ussite, peu<br \/>\nimporte ce qui arrivera dans les prochaines semaines. <strong>Pour<br \/>\nson premier exercice avec Aprilia, le \u00ab\u00a0Bez\u00a0\u00bb accomplit<br \/>\ndes choses assez impressionnantes<\/strong>. <strong><a href=\"https:\/\/www.paddock-gp.com\/parlons-motogp-ce-pilote-risque-de-vous-surprendre\/\" target=\"_blank\" rel=\"noopener\">Je suis ravi de le revoir \u00e0 ce<br \/>\nniveau, car, comme beaucoup, j\u2019imagine, il m\u2019avait \u00e9lectris\u00e9 en<br \/>\n2023<\/a><\/strong>. Sur la RS-GP, qu\u2019il a pu prendre en main sans<br \/>\nsouffrir de la comparaison avec un co\u00e9quipier absent, Bezzecchi<br \/>\nmontre des qualit\u00e9s insoup\u00e7onn\u00e9es jusqu\u2019alors, comme cette capacit\u00e9<br \/>\n\u00e0 se sortir de situations d\u00e9sesp\u00e9r\u00e9es. Je m\u2019explique.<\/p>\n<p>\u00a0<\/p>\n<p><img loading=\"lazy\" decoding=\"async\" aria-describedby=\"caption-attachment-1323510\" class=\"size-full wp-image-1323510\" src=\"https:\/\/www.europesays.com\/fr\/wp-content\/uploads\/2025\/08\/Bezzecchi-4.jpg\" alt=\"Bezzecchi Marquez\" width=\"799\" height=\"533\"  \/><\/p>\n<p id=\"caption-attachment-1323510\" class=\"wp-caption-text\">Tout le<br \/>\nmonde l\u2019annon\u00e7ait perdant face \u00e0 Jorge Martin, mais l\u2019absence de ce<br \/>\ndernier a probablement jou\u00e9 en sa faveur. Photo : Michelin<br \/>\nMotorsport<\/p>\n<p>\u00a0<\/p>\n<p>En 2023, lorsqu\u2019il \u00e9tait chez Ducati VR46, il avait un statut<br \/>\nd\u2019outsider, capable de faire des exploits ponctuels. On pr\u00eatait<br \/>\nmoins attention \u00e0 ses moments de faiblesse. D\u00e9sormais, <strong>j\u2019ai<br \/>\nl\u2019impression qu\u2019il prend tr\u00e8s \u00e0 c\u0153ur son statut de pilote<br \/>\nd\u2019usine<\/strong>, poste dont il r\u00eavait depuis tout petit. Ainsi, il<br \/>\ns\u2019est comme transform\u00e9, en un homme plus s\u00fbr, plus r\u00e9gulier, mais<br \/>\ncertainement pas moins talentueux. J\u2019ai r\u00e9ellement l\u2019impression<br \/>\nqu\u2019il s\u2019est am\u00e9lior\u00e9 sur le plan mental, l\u00e0 o\u00f9 il pouvait craquer<br \/>\nauparavant.<\/p>\n<p>Lors des deux derniers Grands Prix, Bezzecchi n\u2019a pas r\u00e9ussi la<br \/>\nPractice, car les deux trac\u00e9s \u2013 le Red Bull Ring puis la Hongrie \u2013<br \/>\nne convenaient pas vraiment aux qualit\u00e9s de la RS-GP, qui s\u2019inscrit<br \/>\nmieux dans les longues courbes \u00e0 plat et sur les freinages en<br \/>\nligne. \u00c0 chaque fois, il a r\u00e9ussi \u00e0 se d\u00e9barrasser de ses<br \/>\nadversaires en Q1, et \u00e0 se qualifier tr\u00e8s haut sur la grille en Q2.<br \/>\nIl est carr\u00e9ment parti depuis la pole position en Autriche, et de<br \/>\nla deuxi\u00e8me place au Balaton Park.<\/p>\n<p>C\u2019est remarquable, car cela traduit une grande qualit\u00e9<br \/>\nd\u2019adaptation\u00a0: <strong>Bezzecchi a la force mentale pour<br \/>\nrepenser sa moto d\u2019un jour \u00e0 l\u2019autre, et de performer sous la<br \/>\npression d\u2019une potentielle \u00e9limination en Q1<\/strong>, qui, cette<br \/>\nfois, condamnerait son week-end. C\u2019est tr\u00e8s fort, et peu en sont<br \/>\ncapables. Beaucoup, quand \u00e7a ne marche pas le vendredi soir, disent<br \/>\nqu\u2019ils n\u2019y arrivent pas, qu\u2019ils n\u2019ont pas de sensations, et ne<br \/>\ntrouvent rien le lendemain. Lui ne se plaint pas, part bosser avec<br \/>\nses ing\u00e9nieurs et garde une assez grande flexibilit\u00e9 mentale pour<br \/>\nd\u00e9nicher le bon r\u00e9glage et s\u2019y adapter.<\/p>\n<p>Massimo Rivola et ses hommes doivent \u00eatre tr\u00e8s heureux d\u2019avoir<br \/>\nun tel pilote dans leurs rangs, car <strong>c\u2019est pr\u00e9cis\u00e9ment la<br \/>\nforce de caract\u00e8re que l\u2019on attend d\u2019un pilote<br \/>\nofficiel.<\/strong><\/p>\n<p>\u00a0<\/p>\n<blockquote class=\"twitter-tweet\" data-width=\"550\" data-dnt=\"true\">\n<p lang=\"en\" dir=\"ltr\">LISTEN TO THE CROWD! \ud83d\udd0a<a href=\"https:\/\/twitter.com\/marcmarquez93?ref_src=twsrc%5Etfw\" target=\"_blank\" rel=\"noopener\">@marcmarquez93<\/a><br \/>\n\ud83c\udd9a Bez is living up to the expectations \ud83c\udf7f<a href=\"https:\/\/twitter.com\/hashtag\/HungarianGP?src=hash&amp;ref_src=twsrc%5Etfw\" target=\"_blank\" rel=\"noopener\">#HungarianGP<\/a><br \/>\n\ud83c\udded\ud83c\uddfa <a href=\"https:\/\/t.co\/CuwGifuGLm\">pic.twitter.com\/CuwGifuGLm<\/a><\/p>\n<p>\u2014 MotoGP\u2122\ud83c\udfc1 (@MotoGP) <a href=\"https:\/\/twitter.com\/MotoGP\/status\/1959590804936069595?ref_src=twsrc%5Etfw\" target=\"_blank\" rel=\"noopener\"><br \/>\nAugust 24, 2025<\/a><\/p>\n<\/blockquote>\n<p>\u00a0<\/p>\n<p>O\u00f9 s\u2019arr\u00eatera-t-il\u00a0?<\/p>\n<p>\u00a0<\/p>\n<p>Sa progression est un autre point impressionnant. Au fil de<br \/>\ncette saison, il a r\u00e9ussi \u00e0 acqu\u00e9rir une vraie r\u00e9gularit\u00e9 dans la<br \/>\nperformance, \u00e0 tel point qu\u2019il est d\u00e9sormais toujours candidat au<br \/>\ntop 5, si ce n\u2019est au podium. Depuis deux ans, <strong>Aprilia<br \/>\navait perdu ce profil<\/strong>. Aleix Espargaro comme Maverick<br \/>\nVinales n\u2019arrivaient pas \u00e0 constamment s\u2019imposer dans le haut du<br \/>\nclassement (depuis 2023 au moins), et devaient leur r\u00e9putation \u00e0<br \/>\nquelques rares coups d\u2019\u00e9clat. Bezzecchi donne l\u2019impression, chaque<br \/>\nweek-end, de faire deux pas en avant, <strong>mais jamais un en<br \/>\narri\u00e8re<\/strong>, ce qui est pourtant fr\u00e9quent dans un processus<br \/>\nd\u2019apprentissage.<\/p>\n<p>Je ne sais pas combien de temps \u00e7a peut durer, mais la rapidit\u00e9<br \/>\n\u00e0 laquelle cela se produit est saisissante. Exemple\u00a0: les<br \/>\nqualifications. En d\u00e9but de saison, Bezzecchi avait d\u00e9j\u00e0 du rythme,<br \/>\nmais peinait sur un tour et sur les d\u00e9parts. <strong>Moins de six<br \/>\nmois plus tard, il est d\u00e9j\u00e0 l\u2019un des meilleurs en qualifications,<br \/>\net a m\u00eame r\u00e9alis\u00e9 le holeshot lors du GP en Hongrie<\/strong>.<\/p>\n<p>En 2024, mais aussi en 2023, on sentait, parfois, une esp\u00e8ce de<br \/>\nf\u00e9brilit\u00e9 en course, notamment en bataille rapproch\u00e9e. Cela aussi<br \/>\nsemble derri\u00e8re lui. Face \u00e0 Marc Marquez, il a su garder son calme,<br \/>\nne pas l\u00e2cher, et livrer une joute honorable sur les deux derni\u00e8res<br \/>\nmanches. Certes, l\u2019issue de ces combats \u00e9tait connue, mais<br \/>\n<strong>personne ne s\u2019est aussi bien oppos\u00e9 \u00e0 Marc que lui cette<br \/>\nann\u00e9e<\/strong>. En ce sens, <strong><a href=\"https:\/\/www.paddock-gp.com\/parlons-motogp-imaginez-ou-serait-fabio-quartararo-a-la-place-de-marco-bezzecchi\/\" target=\"_blank\" rel=\"noopener\">je trouve personnellement qu\u2019il<br \/>\nd\u00e9gage plus de s\u00e9r\u00e9nit\u00e9 qu\u2019Alex Marquez en situation<br \/>\ntendue<\/a><\/strong>, c\u2019est un concurrent plus s\u00e9rieux.<\/p>\n<p>\u00a0<\/p>\n<p><img loading=\"lazy\" decoding=\"async\" aria-describedby=\"caption-attachment-1323512\" class=\"size-full wp-image-1323512\" src=\"https:\/\/www.europesays.com\/fr\/wp-content\/uploads\/2025\/08\/Bezzecchi-3.jpg\" alt=\"Bezzecchi Marquez\" width=\"799\" height=\"533\"  \/><\/p>\n<p id=\"caption-attachment-1323512\" class=\"wp-caption-text\">Je vous<br \/>\navais dit de le surveiller car je croyais en lui, et je suis plut\u00f4t<br \/>\nfier de ce pronostic. Photo : Michelin Motorsport<\/p>\n<p>\u00a0<\/p>\n<p>Jusqu\u2019o\u00f9 peut-il aller\u00a0?<\/p>\n<p>\u00a0<\/p>\n<p>Revenons au titre de cet article. Est-il celui qui peut d\u00e9tr\u00f4ner<br \/>\nMarc Marquez en <a href=\"https:\/\/www.motogp.com\/fr\/\" target=\"_blank\" rel=\"noopener\">MotoGP<\/a> ? Je pense effectivement qu\u2019il<br \/>\nfait partie des rares \u00e0 pouvoir prendre une victoire au n\u00b093 sur la<br \/>\nfin de saison. Vu qu\u2019il arrive \u00e0 faire fonctionner la RS-GP sur<br \/>\ndiff\u00e9rents profils de circuits, il y a des chances qu\u2019on le voie<br \/>\nencore mener des courses, <strong>ce que n\u2019a pas r\u00e9ellement r\u00e9ussi<br \/>\n\u00e0 faire Pedro Acosta<\/strong>, autre pr\u00e9tendant s\u00e9rieux. Et puis,<br \/>\ndes trac\u00e9s que l\u2019on sait favorables \u00e0 l\u2019Aprilia et \u00e0 Marco<br \/>\nBezzecchi arrivent : je pense \u00e0 Barcelone, notamment, mais aussi \u00e0<br \/>\nMandalika.<\/p>\n<p>Ce n\u2019est que mon avis, mais compar\u00e9 aux autres qui peuvent<br \/>\npotentiellement venir \u00e0 bout de Marquez le temps d\u2019une course,<br \/>\n<strong>je trouve qu\u2019il d\u00e9gage un poil plus de solidit\u00e9 gr\u00e2ce \u00e0 sa<br \/>\nr\u00e9gularit\u00e9 et sa force mentale<\/strong>. Il devient donc plus \u00e0<br \/>\nm\u00eame de profiter d\u2019un coup de moins bien de l\u2019octuple champion du<br \/>\nmonde, contrairement \u00e0 Aldeguer, Alex Marquez ou Acosta qui peuvent<br \/>\nbriller, certes, mais aussi totalement passer \u00e0 c\u00f4t\u00e9.<\/p>\n<p>En tout cas, s\u2019il continue comme \u00e7a, <strong>je le vois ravir la<br \/>\ntroisi\u00e8me place du championnat \u00e0 son ami Pecco Bagnaia<\/strong>, ce<br \/>\nqui serait juste \u00e9norme.<\/p>\n<p>Quel regard portez-vous sur la saison de Marco Bezzecchi jusqu\u2019\u00e0<br \/>\nmaintenant\u00a0? <strong>Dites-le-moi en<br \/>\ncommentaires\u00a0!<\/strong><\/p>\n<p>Pour rappel, cet article ne refl\u00e8te que la pens\u00e9e de son auteur,<br \/>\net pas de l\u2019enti\u00e8ret\u00e9 de la r\u00e9daction.<\/p>\n<p>\u00a0<\/p>\n<p><img loading=\"lazy\" decoding=\"async\" aria-describedby=\"caption-attachment-1323514\" class=\"size-full wp-image-1323514\" src=\"https:\/\/www.europesays.com\/fr\/wp-content\/uploads\/2025\/08\/Bezzecchi-1-1.jpg\" alt=\"\" width=\"799\" height=\"533\"  \/><\/p>\n<p id=\"caption-attachment-1323514\" class=\"wp-caption-text\">Marco<br \/>\nBezzecchi est l\u2019un des trois pilotes qui a battu Marc Marquez<br \/>\nlorsque celui-ci n\u2019est pas tomb\u00e9 (\u00e0 Silverstone). Il l\u2019a fait et il<br \/>\npeut le refaire. Photo : Michelin Motorsport<\/p>\n<p>\u00a0<\/p>\n<p>Photo de couverture : Michelin Motorsport<\/p>\n<p><script async src=\"https:\/\/platform.twitter.com\/widgets.js\" charset=\"utf-8\"><\/script><\/p>\n","protected":false},"excerpt":{"rendered":"Une fois de plus, en Hongrie, Marco Bezzecchi s\u2019est illustr\u00e9 et a crois\u00e9 le fer avec Marc Marquez.&hellip;\n","protected":false},"author":2,"featured_media":350917,"comment_status":"","ping_status":"","sticky":false,"template":"","format":"standard","meta":{"footnotes":""},"categories":[1413],"tags":[1011,27,1457,1456,60],"class_list":{"0":"post-350916","1":"post","2":"type-post","3":"status-publish","4":"format-standard","5":"has-post-thumbnail","7":"category-moto","8":"tag-fr","9":"tag-france","10":"tag-moto","11":"tag-motocycle","12":"tag-sports"},"share_on_mastodon":{"url":"https:\/\/pubeurope.com\/@fr\/115109120523822781","error":""},"_links":{"self":[{"href":"https:\/\/www.europesays.com\/fr\/wp-json\/wp\/v2\/posts\/350916","targetHints":{"allow":["GET"]}}],"collection":[{"href":"https:\/\/www.europesays.com\/fr\/wp-json\/wp\/v2\/posts"}],"about":[{"href":"https:\/\/www.europesays.com\/fr\/wp-json\/wp\/v2\/types\/post"}],"author":[{"embeddable":true,"href":"https:\/\/www.europesays.com\/fr\/wp-json\/wp\/v2\/users\/2"}],"replies":[{"embeddable":true,"href":"https:\/\/www.europesays.com\/fr\/wp-json\/wp\/v2\/comments?post=350916"}],"version-history":[{"count":0,"href":"https:\/\/www.europesays.com\/fr\/wp-json\/wp\/v2\/posts\/350916\/revisions"}],"wp:featuredmedia":[{"embeddable":true,"href":"https:\/\/www.europesays.com\/fr\/wp-json\/wp\/v2\/media\/350917"}],"wp:attachment":[{"href":"https:\/\/www.europesays.com\/fr\/wp-json\/wp\/v2\/media?parent=350916"}],"wp:term":[{"taxonomy":"category","embeddable":true,"href":"https:\/\/www.europesays.com\/fr\/wp-json\/wp\/v2\/categories?post=350916"},{"taxonomy":"post_tag","embeddable":true,"href":"https:\/\/www.europesays.com\/fr\/wp-json\/wp\/v2\/tags?post=350916"}],"curies":[{"name":"wp","href":"https:\/\/api.w.org\/{rel}","templated":true}]}}