{"id":350918,"date":"2025-08-29T00:02:09","date_gmt":"2025-08-29T00:02:09","guid":{"rendered":"https:\/\/www.europesays.com\/fr\/350918\/"},"modified":"2025-08-29T00:02:09","modified_gmt":"2025-08-29T00:02:09","slug":"apres-lom-un-enorme-clash-revele-dans-le-vestiaire-de-lequipe-de-france","status":"publish","type":"post","link":"https:\/\/www.europesays.com\/fr\/350918\/","title":{"rendered":"Apr\u00e8s l\u2019OM, un \u00e9norme clash r\u00e9v\u00e9l\u00e9 dans le vestiaire de l\u2019\u00e9quipe de France !"},"content":{"rendered":"<p>                    Hugo Chirossel<br \/>\n                        &#8211;<\/p>\n<p>Journaliste<\/p>\n<p>Passionn\u00e9 de football depuis le plus jeune \u00e2ge, devenir journaliste sportif est rapidement devenu une \u00e9vidence pour Hugo. Il se d\u00e9couvrira plus tard un amour pour la NBA, avant d\u2019explorer d\u2019autres horizons comme ceux de la Formule 1 et de la NFL.<\/p>\n<p class=\"heading\">Invit\u00e9 de G\u00e9n\u00e9ration After sur RMC, Samir Nasri est revenu sur ses ann\u00e9es compliqu\u00e9es en \u00e9quipe de France et notamment l\u2019Euro 2012. Une comp\u00e9tition qui a cass\u00e9 sa relation avec les Bleus selon lui, alors qu\u2019une altercation entre joueurs s\u2019\u00e9tait produite dans le vestiaire apr\u00e8s la d\u00e9faite face \u00e0 la Su\u00e8de (2-0) en phase de groupes. <\/p>\n<p>\u00c0 l\u2019occasion de la sortie du commentaire \u00ab Samir Nasri : Rebelle \u00bb dimanche sur Canal+, <a href=\"https:\/\/le10sport.com\/football\/mercato\/mercato-enfant-de-lom-il-recale-le-psg-755895\" rel=\"nofollow noopener\" target=\"_blank\">Samir Nasri<\/a> \u00e9tait l\u2019invit\u00e9 de l\u2019\u00e9mission G\u00e9n\u00e9ration After sur RMC mercredi soir. Le joueur form\u00e9 \u00e0 l\u2019<strong>OM<\/strong>, qu&rsquo;il a quitt\u00e9 en 2008, et pass\u00e9 ensuite par<strong> Arsenal<\/strong> et <strong>Manchester City<\/strong> est notamment revenu sur l\u2019Euro 2012. Apr\u00e8s son match nul contre l\u2019<strong>Angleterre<\/strong> (1-1) et sa victoire face \u00e0 l\u2019<strong>Ukraine<\/strong> (2-0), l\u2019<strong>\u00e9quipe de France<\/strong> avait \u00e9t\u00e9 battue par la <strong>Su\u00e8de<\/strong> (2-0) lors de son dernier match de poules, alors que la qualification pour les quarts de finale \u00e9tait d\u00e9j\u00e0 acquise. <\/p>\n<p>                                            \u00ab Il y a des incidents dans le vestiaire, pas physique mais par la parole \u00bb<\/p>\n<p>\u00ab Ce match contre la Su\u00e8de, on ne pouvait pas le gagner. Contre la Su\u00e8de, on perd mais dans le groupe, c&rsquo;est le feu, c&rsquo;est le bordel. La journ\u00e9e du match de la Su\u00e8de, c&rsquo;est un bordel complet pour des tensions entre les joueurs, les femmes qui arrivent\u2026 \u00c0 la fin du match, il y a des incidents dans le vestiaire, pas physique mais par la parole. Je demande \u00e0 Laurent Blanc de faire une r\u00e9union avec tous les joueurs pour calmer la chose parce qu&rsquo;on a un quart de finale qui arrive \u00bb, a confi\u00e9 <strong>Samir Nasri<\/strong>. <\/p>\n<p>                                            Une relation avec l\u2019\u00e9quipe de France \u00ab cass\u00e9e \u00e0 partir de 2012 \u00bb<\/p>\n<p>\u00ab Mais si tu avais \u00e9t\u00e9 dans le groupe, ce match contre la Su\u00e8de, on ne pouvait pas le gagner. Tout le monde \u00e9tait \u00e0 droite et \u00e0 gauche et tout le monde ne pensait pas au match \u00bb, a ajout\u00e9 l\u2019ancien joueur de l\u2019<strong>OM<\/strong>. Selon lui, sa relation avec l\u2019<strong>\u00e9quipe de France<\/strong> s\u2019est \u00ab cass\u00e9e \u00e0 partir de 2012 \u00bb, alors qu\u2019il avait \u00e9galement eu une altercation avec un journaliste. \u00ab Apr\u00e8s ma non-s\u00e9lection, j&rsquo;aurais pu continuer \u00e0 pers\u00e9v\u00e9rer avec l&rsquo;\u00e9quipe de France mais comme j&rsquo;ai su que des joueurs ne voulaient pas de moi, je n&rsquo;ai pas voulu faire l&rsquo;hypocrite. \u00bb<\/p>\n","protected":false},"excerpt":{"rendered":"Hugo Chirossel &#8211; Journaliste Passionn\u00e9 de football depuis le plus jeune \u00e2ge, devenir journaliste sportif est rapidement devenu&hellip;\n","protected":false},"author":2,"featured_media":350919,"comment_status":"","ping_status":"","sticky":false,"template":"","format":"standard","meta":{"footnotes":""},"categories":[1412],"tags":[1451,1452,1453,1454,1455,1011,27,60],"class_list":{"0":"post-350918","1":"post","2":"type-post","3":"status-publish","4":"format-standard","5":"has-post-thumbnail","7":"category-f1","8":"tag-f1","9":"tag-formula-1","10":"tag-formula1","11":"tag-formule-1","12":"tag-formule1","13":"tag-fr","14":"tag-france","15":"tag-sports"},"share_on_mastodon":{"url":"https:\/\/pubeurope.com\/@fr\/115109124060851974","error":""},"_links":{"self":[{"href":"https:\/\/www.europesays.com\/fr\/wp-json\/wp\/v2\/posts\/350918","targetHints":{"allow":["GET"]}}],"collection":[{"href":"https:\/\/www.europesays.com\/fr\/wp-json\/wp\/v2\/posts"}],"about":[{"href":"https:\/\/www.europesays.com\/fr\/wp-json\/wp\/v2\/types\/post"}],"author":[{"embeddable":true,"href":"https:\/\/www.europesays.com\/fr\/wp-json\/wp\/v2\/users\/2"}],"replies":[{"embeddable":true,"href":"https:\/\/www.europesays.com\/fr\/wp-json\/wp\/v2\/comments?post=350918"}],"version-history":[{"count":0,"href":"https:\/\/www.europesays.com\/fr\/wp-json\/wp\/v2\/posts\/350918\/revisions"}],"wp:featuredmedia":[{"embeddable":true,"href":"https:\/\/www.europesays.com\/fr\/wp-json\/wp\/v2\/media\/350919"}],"wp:attachment":[{"href":"https:\/\/www.europesays.com\/fr\/wp-json\/wp\/v2\/media?parent=350918"}],"wp:term":[{"taxonomy":"category","embeddable":true,"href":"https:\/\/www.europesays.com\/fr\/wp-json\/wp\/v2\/categories?post=350918"},{"taxonomy":"post_tag","embeddable":true,"href":"https:\/\/www.europesays.com\/fr\/wp-json\/wp\/v2\/tags?post=350918"}],"curies":[{"name":"wp","href":"https:\/\/api.w.org\/{rel}","templated":true}]}}