{"id":350920,"date":"2025-08-29T00:03:13","date_gmt":"2025-08-29T00:03:13","guid":{"rendered":"https:\/\/www.europesays.com\/fr\/350920\/"},"modified":"2025-08-29T00:03:13","modified_gmt":"2025-08-29T00:03:13","slug":"sud-gironde-cyclisme-yohan-soubes-dit-stop","status":"publish","type":"post","link":"https:\/\/www.europesays.com\/fr\/350920\/","title":{"rendered":"Sud Gironde \u2013 CYCLISME \u2014 \u2014 Yohan Soubes dit stop"},"content":{"rendered":"<p>&#13;<br \/>\n    &#13;<\/p>\n<p class=\"uk-article-meta\">Publi\u00e9 le 28 ao\u00fbt 2025 dans Interviews<\/p>\n<p>&#13;<\/p>\n<p>Yohan Soubes , la comp\u00e9tition c\u2019est fini!<\/p>\n<p>&#13;<\/p>\n<p class=\"has-luminous-vivid-amber-background-color has-background\"><strong>Fin d\u2019une brillante carri\u00e8re cycliste pour Yohan Soubes<\/strong><\/p>\n<p>Apr\u00e8s une coupure cet \u00e9t\u00e9 et une bonne reprise \u00e0 Saint Martin de Seignanx (4\u00e8me le 17 ao\u00fbt dernier), le coureur de Dordogne Sud Cyclisme participait ce samedi 23 ao\u00fbt \u00e0 Saint Symphorien \u00e0 la course de sa localit\u00e9. Une \u00e9preuve Open-Acess facile sauf qu\u2019une chute est venue acc\u00e9l\u00e9rer sa d\u00e9cision.<\/p>\n<p><img fetchpriority=\"high\" decoding=\"async\" width=\"788\" height=\"912\" src=\"https:\/\/www.europesays.com\/fr\/wp-content\/uploads\/2025\/08\/yo.png\" alt=\"\" class=\"wp-image-122411\"  \/><\/p>\n<p>Pour \u00e9viter de percuter 2 coureurs victimes d\u2019une chute, il dut faire un \u00e9cart et celui qui suivait le percuta. Bilan fracture de la clavicule, la m\u00eame qui mit fin \u00e0 sa saison 2023.<\/p>\n<p>Sur ce, Yohan Soubes qui avait fait ses d\u00e9buts au V\u00e9lo Club Bazas Bernos Beaulac, annonce sa retraite cycliste.<\/p>\n<p>Lui qui avait donn\u00e9 son accord pour faire le Tour des Landes dans une \u00e9quipe \u00ab\u00a0Entente Stade Montois-Dordogne Sud\u00a0\u00bb et devait ensuite participer au Championnat de France de la SNCF (Union Sportive des Cheminots de France) sur la cyclo-sportive Jean Fran\u00e7ois Bernard \u00e0 Nevers, doit mettre fin \u00e0 ses activit\u00e9s.<\/p>\n<p>Apr\u00e8s 15 ans de haut niveau pass\u00e9s dans les \u00e9quipes du CC P\u00e9rigueux Dordogne, CC Marmande et Dordogne Sud avec une cinquantaine de belles victoires \u00e9lite \u00e0 la cl\u00e9, il laissera l\u2019image d\u2019un coureur sympathique, passe partout, mais tr\u00e8s rapide.<\/p>\n<p><strong>A 35 ans cette id\u00e9e de fin de carri\u00e8re trottait dans sa t\u00eate depuis un moment d\u00e9j\u00e0, c\u2019est act\u00e9\u00a0!<\/strong><\/p>\n<p>Celui qui pr\u00e9sente un palmar\u00e8s riche en belles victoires d\u00e9cide de ranger le v\u00e9lo comp\u00e9tition, pas celui plaisir.<\/p>\n<p><strong>Yohan, quels sont tes plus beaux souvenirs cyclistes\u00a0?<\/strong><\/p>\n<p>Le meilleur fut sans h\u00e9siter le Tour de Mareuil et Verteillac 2011. 2\u00e8me sur la premi\u00e8re \u00e9tape battu seulement par Arnaud Demare, vainqueur de la 3\u00e8me \u00e9tape (Demare 3\u00e8me), 7\u00e8me au g\u00e9n\u00e9ral.<\/p>\n<p>La premi\u00e8re \u00e9tape au Tour de la Dordogne 2012, le Grand Prix du P\u00e9rigord Blanc \u00e0 Mussidan (coupe de France 2013), les nocturnes je n\u2019oublie pas.<\/p>\n<p>Le triptyque Biran, Puy l\u2019Ev\u00eaque, les Milandes les difficiles courses du sud-ouest font aussi partie de mes meilleurs souvenirs avec une \u00e9motion sp\u00e9ciale sur le Tour des Ecureuils 2024 que j\u2019ai enfin pu gagner apr\u00e8s 4 victoires d\u2019\u00e9tapes sur les diff\u00e9rentes \u00e9ditions.<\/p>\n<p><strong>Ta plus grande d\u00e9ception\u00a0?<\/strong><\/p>\n<p>Le Championnat d\u2019Aquitaine\u2026. J\u2019y ai fait 3\u00e8me (2017), 4\u00e8me 2012 sur probl\u00e8me m\u00e9canique en plein sprint, souvent dans les 10 premiers mais jamais vainqueur.<\/p>\n<p><strong>La course que tu aurais aim\u00e9 ajouter \u00e0 ton palmar\u00e8s\u00a0?<\/strong><\/p>\n<p>Justement le championnat r\u00e9gional Aquitaine\u00a0!!!<\/p>\n<p><strong>La suite\u00a0?<\/strong><\/p>\n<p>R\u00e9cup\u00e9rer (op\u00e9ration ou immobilisation) de cette fracture, puis \u00eatre plus pr\u00e8s de ma famille. Etre coureur cycliste nous fait \u00eatre souvent absent, on s\u2019en rend compte en prenant de l\u2019\u00e2ge. Faire quelques randonn\u00e9es avec mon \u00e9pouse et rouler \u00e0 l\u2019occasion avec les copains \u2026..un beau programme\u00a0!<\/p>\n<p>&#13;<\/p>\n","protected":false},"excerpt":{"rendered":"&#13; &#13; Publi\u00e9 le 28 ao\u00fbt 2025 dans Interviews &#13; Yohan Soubes , la comp\u00e9tition c\u2019est fini! &#13;&hellip;\n","protected":false},"author":2,"featured_media":350921,"comment_status":"","ping_status":"","sticky":false,"template":"","format":"standard","meta":{"footnotes":""},"categories":[1411],"tags":[1154,207,1011,27,60],"class_list":{"0":"post-350920","1":"post","2":"type-post","3":"status-publish","4":"format-standard","5":"has-post-thumbnail","7":"category-cyclisme","8":"tag-cycling","9":"tag-cyclisme","10":"tag-fr","11":"tag-france","12":"tag-sports"},"share_on_mastodon":{"url":"https:\/\/pubeurope.com\/@fr\/115109128098594971","error":""},"_links":{"self":[{"href":"https:\/\/www.europesays.com\/fr\/wp-json\/wp\/v2\/posts\/350920","targetHints":{"allow":["GET"]}}],"collection":[{"href":"https:\/\/www.europesays.com\/fr\/wp-json\/wp\/v2\/posts"}],"about":[{"href":"https:\/\/www.europesays.com\/fr\/wp-json\/wp\/v2\/types\/post"}],"author":[{"embeddable":true,"href":"https:\/\/www.europesays.com\/fr\/wp-json\/wp\/v2\/users\/2"}],"replies":[{"embeddable":true,"href":"https:\/\/www.europesays.com\/fr\/wp-json\/wp\/v2\/comments?post=350920"}],"version-history":[{"count":0,"href":"https:\/\/www.europesays.com\/fr\/wp-json\/wp\/v2\/posts\/350920\/revisions"}],"wp:featuredmedia":[{"embeddable":true,"href":"https:\/\/www.europesays.com\/fr\/wp-json\/wp\/v2\/media\/350921"}],"wp:attachment":[{"href":"https:\/\/www.europesays.com\/fr\/wp-json\/wp\/v2\/media?parent=350920"}],"wp:term":[{"taxonomy":"category","embeddable":true,"href":"https:\/\/www.europesays.com\/fr\/wp-json\/wp\/v2\/categories?post=350920"},{"taxonomy":"post_tag","embeddable":true,"href":"https:\/\/www.europesays.com\/fr\/wp-json\/wp\/v2\/tags?post=350920"}],"curies":[{"name":"wp","href":"https:\/\/api.w.org\/{rel}","templated":true}]}}