{"id":350922,"date":"2025-08-29T00:04:10","date_gmt":"2025-08-29T00:04:10","guid":{"rendered":"https:\/\/www.europesays.com\/fr\/350922\/"},"modified":"2025-08-29T00:04:10","modified_gmt":"2025-08-29T00:04:10","slug":"tfc-sidibe-sur-le-depart-maxifoot","status":"publish","type":"post","link":"https:\/\/www.europesays.com\/fr\/350922\/","title":{"rendered":"TFC : Sidib\u00e9 sur le d\u00e9part ? &#8211; Maxifoot"},"content":{"rendered":"<ol>\n<li><a href=\"https:\/\/news.google.com\/rss\/articles\/CBMickFVX3lxTE94MFBybW5raEtiOG95T2tDdTV6eTJ5SkpDcm5lNEllT1kyaUVfenhuZHhsWFItMnhXQmJXeVF4QzNRYUFPVGdnUDcyU0xid3R1S0lWSXFrSi1KdFZqT3BCNzZGNS1VM0tSeEZMTk1ac2NJd9IBckFVX3lxTE9HazdmQVFVY3Y0cmNqY2Q5YktsRm9BWDlaX3k4WFhKSTlRU3NmTmE2T3NCemRPUjNxaXVlT2E3a1NNblF6S1ZsN1Q0WlpBQmxjUWVMR1djVEVuRk5IbDdqVUtHcFRLTTVsaWtxbjVFNlNfUQ?oc=5\" target=\"_blank\" rel=\"noopener\">TFC : Sidib\u00e9 sur le d\u00e9part ?<\/a>&nbsp;&nbsp;Maxifoot<\/li>\n<li><a href=\"https:\/\/news.google.com\/rss\/articles\/CBMirwFBVV95cUxOTHRqblFwdGxBcXBGSktxTWVMMk1ScFY1VmtzQTRjSlBBUGloYVNNTVFKRzBiU1JlMHBRYnVGSGJXMVVPQm9vVVlGWkRWbU9PZDI2enJCZjgyZHh2Skt2SWVXWnQzeE1RTi1ZcjBDWEJJTzMtdy1LZEdtQzJQbTlCdGxkNXZjNDBBYkNxS0plYktyZC1XY2lBVlRSUXZBd1NYWDd3N2l6anJuTzZhYTdJ?oc=5\" target=\"_blank\" rel=\"noopener\">Toulouse : Djibril Sidib\u00e9 pist\u00e9 par la Liga et l\u2019Arabie saoudite<\/a>&nbsp;&nbsp;Foot Mercato<\/li>\n<li><a href=\"https:\/\/news.google.com\/rss\/articles\/CBMi4wFBVV95cUxNVXBhTXVZWTRRaHRyRnhHMEhKMzJwN2k5dmlIejJ2MU95VnVCSEh0UlkwZ0taMW9xQmRfUHl0Yi05RUc5VC02SC1CS3BBQzFEd1JIU0c5LURfVEc3UF9ObUd4VHpCanRPNVRmZGlNVi1ZQ2tVZDdNLWd3bmlaZnFnZDlGWVpFYURTODE2N1EwVUFCeWVWRy16SnY5S1ZrdlFrUTVicjBYbzRHNDlUQ1FOMF83UEFOYkV3Zkd0YldPU3BpcW5md2IwS3NNRW5EampCU1czTUwtYXF6dlE4azU4Zkt2TQ?oc=5\" target=\"_blank\" rel=\"noopener\">Toulouse: Liga, Arabie saoudite&#8230; Djibril Sidib\u00e9 est courtis\u00e9 en cette fin de mercato<\/a>&nbsp;&nbsp;RMC Sport<\/li>\n<li><a href=\"https:\/\/news.google.com\/rss\/articles\/CBMirwFBVV95cUxPdnNvaVBiTEpuUlhDR3dvTXlQM3AtUjdKSGlQQXZRUzNBamhRRDk4S3dSLXRBSk5pbS0yb2l5UEtpMno1TEluTVVsUXk4bE9UOU52M1Iyb045bEtIVUNfeDBXWEpYWjg3dUM1WnFJQ1JVelZwY3BQcXVlYklHTTVPYmFmS0R1bjltY0NtdUJxRF9rSVg4MGl2ZWYyZlpnMWZlTlo4LXFkQ3B1SWoyNlBz?oc=5\" target=\"_blank\" rel=\"noopener\">Mercato : Sidib\u00e9 tr\u00e8s courtis\u00e9, l\u2019Espagne et l\u2019Arabie Saoudite s\u2019activent<\/a>&nbsp;&nbsp;LesViolets.Com<\/li>\n<li><a href=\"https:\/\/news.google.com\/rss\/articles\/CBMi5AFBVV95cUxNdXVMN2EtelNHQzdnYmp4MUJHU0JSeWJubWhicmZWdUpXZ3lKX2pZWW5EZXdpS0ZpaDhoa1JTOC1CX3YtQmVqZVpIY3MtWXhTVzlIY1ZURUE0N2Nxd1FseV9JUVhfSnB2VmZVdmwwWnE1SGdsT2hYeFRpNDB1dWZHaEpIcnV0S20taVBsVE51UXlwX2pIWXV3MGp4YkxOX1hMcENNTFZ0UW9nZTdxU3NxaWlyWExFS2ZTTjZ0U01ZZHh4MDhGOUFrT3haTDdTN0FMeXc2eVQ4Szk4czRGSHpPaENTMEE?oc=5\" target=\"_blank\" rel=\"noopener\">Mercato TFC : Un cadre du TFC pourrait quitter le club dans les derni\u00e8res heures du mercato !<\/a>&nbsp;&nbsp;MadeinFoot.com<\/li>\n<\/ol>\n","protected":false},"excerpt":{"rendered":"TFC : Sidib\u00e9 sur le d\u00e9part ?&nbsp;&nbsp;Maxifoot Toulouse : Djibril Sidib\u00e9 pist\u00e9 par la Liga et l\u2019Arabie saoudite&nbsp;&nbsp;Foot&hellip;\n","protected":false},"author":2,"featured_media":350923,"comment_status":"","ping_status":"","sticky":false,"template":"","format":"standard","meta":{"footnotes":""},"categories":[1410],"tags":[2266,2262,2261,1981,83,2260,451,2263,462,2269,2257,63,1011,27,2265,1441,453,66,447,2267,955,2268,241,149,70,1817,93,2264,2258,2259,60,969,455],"class_list":{"0":"post-350922","1":"post","2":"type-post","3":"status-publish","4":"format-standard","5":"has-post-thumbnail","7":"category-football","8":"tag-as-monaco","9":"tag-bundesligua","10":"tag-calcio","11":"tag-classement","12":"tag-coupe-de-france","13":"tag-coupe-de-la-ligue","14":"tag-coupe-du-monde","15":"tag-equipe","16":"tag-fc-nantes","17":"tag-fifa","18":"tag-foot","19":"tag-football","20":"tag-fr","21":"tag-france","22":"tag-girondins-bordeaux","23":"tag-joueur","24":"tag-liga","25":"tag-ligue-1","26":"tag-ligue-des-champions","27":"tag-losc","28":"tag-match","29":"tag-ogc-nice","30":"tag-ol","31":"tag-om","32":"tag-premier-league","33":"tag-pronostic","34":"tag-psg","35":"tag-rc-lens","36":"tag-resultat","37":"tag-score","38":"tag-sports","39":"tag-transfert","40":"tag-uefa"},"share_on_mastodon":{"url":"https:\/\/pubeurope.com\/@fr\/115109132014836311","error":""},"_links":{"self":[{"href":"https:\/\/www.europesays.com\/fr\/wp-json\/wp\/v2\/posts\/350922","targetHints":{"allow":["GET"]}}],"collection":[{"href":"https:\/\/www.europesays.com\/fr\/wp-json\/wp\/v2\/posts"}],"about":[{"href":"https:\/\/www.europesays.com\/fr\/wp-json\/wp\/v2\/types\/post"}],"author":[{"embeddable":true,"href":"https:\/\/www.europesays.com\/fr\/wp-json\/wp\/v2\/users\/2"}],"replies":[{"embeddable":true,"href":"https:\/\/www.europesays.com\/fr\/wp-json\/wp\/v2\/comments?post=350922"}],"version-history":[{"count":0,"href":"https:\/\/www.europesays.com\/fr\/wp-json\/wp\/v2\/posts\/350922\/revisions"}],"wp:featuredmedia":[{"embeddable":true,"href":"https:\/\/www.europesays.com\/fr\/wp-json\/wp\/v2\/media\/350923"}],"wp:attachment":[{"href":"https:\/\/www.europesays.com\/fr\/wp-json\/wp\/v2\/media?parent=350922"}],"wp:term":[{"taxonomy":"category","embeddable":true,"href":"https:\/\/www.europesays.com\/fr\/wp-json\/wp\/v2\/categories?post=350922"},{"taxonomy":"post_tag","embeddable":true,"href":"https:\/\/www.europesays.com\/fr\/wp-json\/wp\/v2\/tags?post=350922"}],"curies":[{"name":"wp","href":"https:\/\/api.w.org\/{rel}","templated":true}]}}