{"id":350924,"date":"2025-08-29T00:05:11","date_gmt":"2025-08-29T00:05:11","guid":{"rendered":"https:\/\/www.europesays.com\/fr\/350924\/"},"modified":"2025-08-29T00:05:11","modified_gmt":"2025-08-29T00:05:11","slug":"mort-de-jean-pormanove-audrey-crespo-mara-a-convaincu-la-mere-du-streamer-de-tout-balancer","status":"publish","type":"post","link":"https:\/\/www.europesays.com\/fr\/350924\/","title":{"rendered":"Mort de Jean Pormanove : Audrey Crespo-Mara a convaincu la m\u00e8re du streamer de tout balancer"},"content":{"rendered":"<p>      R\u00e9sum\u00e9<\/p>\n<p>La m\u00e8re de Jean Pormanove, streamer d\u00e9c\u00e9d\u00e9, s&rsquo;appr\u00eaterait \u00e0 livrer son t\u00e9moignage face \u00e0 Audrey Crespo-Mara, alors que l&rsquo;autopsie \u00e9carte toute cause criminelle.<\/p>\n<p>        Sommaire<\/p>\n<p>Si les streamers Naruto et Safine ont pris la parole sur leurs r\u00e9seaux sociaux ou via leurs avocats, la m\u00e8re de Rapha\u00ebl Graven, <a href=\"https:\/\/www.public.fr\/le-streamer-raphael-graven-alias-jean-pormanove-est-decede-dans-son-sommeil\" target=\"_blank\" rel=\"noopener\">alias Jean Pormanove<\/a>, n\u2019avait pas encore r\u00e9agi publiquement. Cela sera bient\u00f4t chose faite chez <a href=\"https:\/\/www.public.fr\/tag\/audrey-crespo-mara\" target=\"_blank\" rel=\"noopener\">Audrey Crespo-Mara<\/a> \u00e0 en croire les informations de notre confr\u00e8re Cl\u00e9ment Garin.\u00a0<\/p>\n<p>Ce dimanche 31 ao\u00fbt 2025, la m\u00e8re du cr\u00e9ateur de contenu d\u00e9c\u00e9d\u00e9 devrait en effet r\u00e9pondre aux questions d\u2019<a href=\"https:\/\/vsd.fr\/tag\/audrey-crespo-mara\/\" target=\"_blank\" rel=\"noopener\">Audrey Crespo-Mara <\/a>pour le prochain num\u00e9ro de <strong>\u00ab\u00a0Sept \u00e0 huit\u00a0\u00bb<\/strong>. Pour le moment, ni TF1, ni la journaliste, n\u2019ont confirm\u00e9 l\u2019information.\u00a0<\/p>\n<p>L&rsquo;autopsie de Jean Pormanove a parl\u00e9<\/p>\n<p>Pour rappel, Jean Pormanove, streamer connu sur Kick pour ses apparitions dans <strong>\u00ab\u00a0Le Local\u00a0\u00bb<\/strong> de Naruto, <strong>a perdu la vie le 18 ao\u00fbt dernier.<\/strong> Pendant plusieurs jours, l\u2019homme \u00e2g\u00e9 de 46 ans a subi plusieurs actes violents et des humiliations de la part de ses \u00ab\u00a0amis\u00a0\u00bb en plein live.<\/p>\n<p>Nombre d\u2019internautes semblaient d\u2019ailleurs persuad\u00e9s que les s\u00e9vices subis par le streamer seraient \u00e0 l\u2019origine de son d\u00e9c\u00e8s. Mais quelques jours apr\u00e8s sa disparition, l\u2019autopsie a \u00f4t\u00e9 tout soup\u00e7on. En effet, le parquet de\u00a0Nice a indiqu\u00e9 que l\u2019autopsie privil\u00e9giait une\u00a0cause\u00a0\u00ab\u00a0d\u2019origine m\u00e9dicale ou toxicologique\u00a0\u00bb. Cela \u00e9cartant clairement\u00a0\u00ab\u00a0<strong>l\u2019intervention d\u2019un tiers\u00a0\u00bb.<\/strong><\/p>\n<p>N\u00e9anmoins, des analyses compl\u00e9mentaires doivent encore \u00eatre men\u00e9es. Les clients des strates Naruto et Safine ont donc profit\u00e9 de cette information pour d\u00e9fendre leurs clients qui n\u2019ont, selon eux, aucune responsabilit\u00e9 dans ce drame.<\/p>\n<p>La m\u00e8re du streamer d\u00e9c\u00e9d\u00e9 invit\u00e9e chez Audrey Crespo-Mara ? <\/p>\n<p>\u00ab\u00a0Mon client et les autres participants \u00e0 ces directs ne sont pas la cause du d\u00e9c\u00e8s. L\u2019expertise le dit, c\u2019est une mort dite naturelle\u00a0\u00bb, a par exemple insist\u00e9 Me\u00a0Philippe-Henry Honegger\u00a0aupr\u00e8s du\u00a0Parisien, qui d\u00e9fend Narutovie.<\/p>\n<p>Ce dernier, vivement critiqu\u00e9 et insult\u00e9 depuis la disparition de son ami Jean Pormanove, <a href=\"https:\/\/www.public.fr\/mort-de-jean-pormanove-ses-collegues-soulages-apres-lautopsie\" target=\"_blank\" rel=\"noopener\">se dit soulag\u00e9 par l\u2019autopsie<\/a> \u00ab\u00a0ayant r\u00e9v\u00e9l\u00e9 la r\u00e9alit\u00e9 qu\u2019il connaissait\u00a0\u00bb. \u00ab\u00a0Tout cela n\u2019\u00e9tait que fiction, c\u2019\u00e9taient des r\u00f4les et c\u2019\u00e9tait faux\u00a0\u00bb, plaide encore son avocat en \u00e9voquant les images dans lesquelles le streamer d\u00e9c\u00e9d\u00e9 subit des violences et des humiliations.<\/p>\n<p>Du c\u00f4t\u00e9 de Jo\u00eblle Pormanove, celle-ci ne semble pas consid\u00e9rer Naruto et Safine comme responsable de la disparition de son fils. Elle a par exemple pris la pose \u00e0 leurs c\u00f4t\u00e9s<a href=\"https:\/\/www.public.fr\/mort-de-jean-pormanove-la-surprenante-demande-de-sa-mere-a-ses-obseques\" target=\"_blank\" rel=\"noopener\"> lors des obs\u00e8ques de son enfant<\/a> ce mercredi 27 ao\u00fbt 2025.<\/p>\n<p>Elle pourra r\u00e9ellement <strong>donner sa version dans quelques jours<\/strong>, ce dimanche 31 ao\u00fbt 2025, face \u00e0 Audrey Crespo-Mara. En effet, selon les informations de notre confr\u00e8re Cl\u00e9ment Garin, <strong>celle-ci devrait \u00eatre l\u2019invit\u00e9e de \u00ab\u00a0Sept \u00e0 huit\u00a0\u00bb<\/strong> dans le prochain num\u00e9ro de l\u2019\u00e9mission hebdomadaire.\u00a0<\/p>\n<p>      Mentionn\u00e9s dans cet article<\/p>\n<p>      Sur le m\u00eame sujet<\/p>\n","protected":false},"excerpt":{"rendered":"R\u00e9sum\u00e9 La m\u00e8re de Jean Pormanove, streamer d\u00e9c\u00e9d\u00e9, s&rsquo;appr\u00eaterait \u00e0 livrer son t\u00e9moignage face \u00e0 Audrey Crespo-Mara, alors&hellip;\n","protected":false},"author":2,"featured_media":350925,"comment_status":"","ping_status":"","sticky":false,"template":"","format":"standard","meta":{"footnotes":""},"categories":[1359],"tags":[17979,2715,58,59,1011,27,18,973,17978,128,199],"class_list":{"0":"post-350924","1":"post","2":"type-post","3":"status-publish","4":"format-standard","5":"has-post-thumbnail","7":"category-people","8":"tag-audrey-crespo-mara","9":"tag-disparition","10":"tag-divertissement","11":"tag-entertainment","12":"tag-fr","13":"tag-france","14":"tag-mort","15":"tag-people","16":"tag-sept-a-huit","17":"tag-streaming","18":"tag-tf1"},"share_on_mastodon":{"url":"https:\/\/pubeurope.com\/@fr\/115109135926344061","error":""},"_links":{"self":[{"href":"https:\/\/www.europesays.com\/fr\/wp-json\/wp\/v2\/posts\/350924","targetHints":{"allow":["GET"]}}],"collection":[{"href":"https:\/\/www.europesays.com\/fr\/wp-json\/wp\/v2\/posts"}],"about":[{"href":"https:\/\/www.europesays.com\/fr\/wp-json\/wp\/v2\/types\/post"}],"author":[{"embeddable":true,"href":"https:\/\/www.europesays.com\/fr\/wp-json\/wp\/v2\/users\/2"}],"replies":[{"embeddable":true,"href":"https:\/\/www.europesays.com\/fr\/wp-json\/wp\/v2\/comments?post=350924"}],"version-history":[{"count":0,"href":"https:\/\/www.europesays.com\/fr\/wp-json\/wp\/v2\/posts\/350924\/revisions"}],"wp:featuredmedia":[{"embeddable":true,"href":"https:\/\/www.europesays.com\/fr\/wp-json\/wp\/v2\/media\/350925"}],"wp:attachment":[{"href":"https:\/\/www.europesays.com\/fr\/wp-json\/wp\/v2\/media?parent=350924"}],"wp:term":[{"taxonomy":"category","embeddable":true,"href":"https:\/\/www.europesays.com\/fr\/wp-json\/wp\/v2\/categories?post=350924"},{"taxonomy":"post_tag","embeddable":true,"href":"https:\/\/www.europesays.com\/fr\/wp-json\/wp\/v2\/tags?post=350924"}],"curies":[{"name":"wp","href":"https:\/\/api.w.org\/{rel}","templated":true}]}}