{"id":350926,"date":"2025-08-29T00:06:11","date_gmt":"2025-08-29T00:06:11","guid":{"rendered":"https:\/\/www.europesays.com\/fr\/350926\/"},"modified":"2025-08-29T00:06:11","modified_gmt":"2025-08-29T00:06:11","slug":"sophie-dardenne-expose-en-pastel-sa-vie-animaliere-a-la-galerie-de-montaut-les-creneaux","status":"publish","type":"post","link":"https:\/\/www.europesays.com\/fr\/350926\/","title":{"rendered":"Sophie Dardenne expose, en pastel, sa vie animali\u00e8re \u00e0 la galerie de Montaut-les-Cr\u00e9neaux"},"content":{"rendered":"<p>\n                                                                    l&rsquo;essentiel<br \/>\n                                                                La pastelliste gersoise Sophie Dardenne pr\u00e9sente ses portraits animaliers saisissants \u00e0 la galerie CAP Montaut. Entre r\u00e9alisme, douceur et intensit\u00e9, ses \u0153uvres captivantes sont \u00e0 d\u00e9couvrir jusqu\u2019au 7\u00a0septembre.\n                            <\/p>\n<p>Dans les ann\u00e9es 1960-1970, Fr\u00e9d\u00e9ric Rossif pr\u00e9sentait une \u00e9mission t\u00e9l\u00e9vis\u00e9e devenue culte qui avait pour titre \u00ab\u00a0La vie des animaux\u00a0\u00bb. Entre l\u2019\u00e9mission de t\u00e9l\u00e9vision et aujourd\u2019hui, le pastel est toujours l\u00e0 au milieu des divers outils pour exprimer son art. Dans les mains de Sophie Dardenne, il donne vie \u00e0 ses animaux qu\u2019ils soient de compagnie ou sauvages.<\/p>\n<p class=\"std-elt__inline\">\n        <strong>\u00c0 lire aussi :<\/strong><br \/>\n        <a href=\"https:\/\/www.ladepeche.fr\/2025\/08\/05\/reportage-tu-as-vu-comme-les-roses-sentent-bon-entre-nature-et-patrimoine-montaut-les-creneaux-un-joyau-gascon-a-decouvrir-12826017.php\" rel=\"nofollow noopener\" target=\"_blank\">REPORTAGE. \u00ab\u00a0Tu as vu comme les roses sentent bon\u00a0?\u00a0\u00bb\u00a0: entre nature et patrimoine, Montaut-les-Cr\u00e9neaux, un joyau gascon \u00e0 d\u00e9couvrir<\/a>\n    <\/p>\n<p>Depuis le 18\u00a0ao\u00fbt et jusqu\u2019au 7\u00a0septembre, la pastelliste gersoise Sophie Dardenne pr\u00e9sente \u00e0 la galerie CAP Montaut de <a href=\"https:\/\/www.ladepeche.fr\/communes\/montaut-les-creneaux,32279\/\" target=\"_blank\" rel=\"nofollow noopener\">Montaut-les-Cr\u00e9neaux<\/a> sa vie animali\u00e8re. Les visiteurs pourront y croiser des panth\u00e8res au pelage soyeux et au regard inqui\u00e9tant, des ours majestueux, des chiens de chasse pr\u00eats \u00e0 l\u2019arr\u00eat, des oiseaux aux plumes d\u2019art.<\/p>\n<p>Des portraits vivants et hypnotisants<\/p>\n<p>Ici, Sophie Dardenne propose une approche du pastel particuli\u00e8rement soign\u00e9e et rend des animaux velours. Si le pastel, symbole de la gr\u00e2ce, est souvent consid\u00e9r\u00e9 comme \u00ab\u00a0l\u2019art du portrait\u00a0\u00bb, Sophie Dardenne r\u00e9alise avec grand bonheur et sensibilit\u00e9 les portraits d\u2019animaux plus vrais que nature, quasiment vivants et hypnotisant de r\u00e9alit\u00e9.<\/p>\n<p>Les personnes pr\u00e9sentes lors du vernissage ont confirm\u00e9 la qualit\u00e9 et la justesse des cr\u00e9ations pr\u00e9sentes sur les cimaises de la galerie Montaltaise. La vie animale de Sophie Dardenne d\u00e9montre toute sa palette de douceur, de cr\u00e9dibilit\u00e9, de respect, de tendresse, d\u2019application mais aussi de rigueur, d\u2019une certaine agressivit\u00e9 parfois dans les regards de ses animaux qui en disent long. Un moment avec Sophie Dardenne et ses \u0153uvres magiques s\u2019imposent \u00e0 la galerie CAP Montaut d\u2019autant plus que l\u2019artiste est rare.<\/p>\n<p>La galerie est ouverte du 18 au 31\u00a0ao\u00fbt de 10\u00a0heures \u00e0 12\u00a0h\u00a030 et de 15\u00a0h\u00a030 \u00e0 18\u00a0heures. L\u2019artiste sera pr\u00e9sente le dimanche 31\u00a0ao\u00fbt de 15\u00a0heures \u00e0 18\u00a0heures. Du 1er au 7\u00a0septembre, la galerie sera ouverte sous r\u00e9serve ou sur rendez-vous de 16\u00a0heures \u00e0 18\u00a0heures.<\/p>\n","protected":false},"excerpt":{"rendered":"l&rsquo;essentiel La pastelliste gersoise Sophie Dardenne pr\u00e9sente ses portraits animaliers saisissants \u00e0 la galerie CAP Montaut. Entre r\u00e9alisme,&hellip;\n","protected":false},"author":2,"featured_media":350927,"comment_status":"","ping_status":"","sticky":false,"template":"","format":"standard","meta":{"footnotes":""},"categories":[1358],"tags":[1348,1384,1385,1386,58,59,1011,27],"class_list":{"0":"post-350926","1":"post","2":"type-post","3":"status-publish","4":"format-standard","5":"has-post-thumbnail","7":"category-arts-et-design","8":"tag-arts","9":"tag-arts-and-design","10":"tag-arts-et-design","11":"tag-design","12":"tag-divertissement","13":"tag-entertainment","14":"tag-fr","15":"tag-france"},"share_on_mastodon":{"url":"https:\/\/pubeurope.com\/@fr\/115109139879537589","error":""},"_links":{"self":[{"href":"https:\/\/www.europesays.com\/fr\/wp-json\/wp\/v2\/posts\/350926","targetHints":{"allow":["GET"]}}],"collection":[{"href":"https:\/\/www.europesays.com\/fr\/wp-json\/wp\/v2\/posts"}],"about":[{"href":"https:\/\/www.europesays.com\/fr\/wp-json\/wp\/v2\/types\/post"}],"author":[{"embeddable":true,"href":"https:\/\/www.europesays.com\/fr\/wp-json\/wp\/v2\/users\/2"}],"replies":[{"embeddable":true,"href":"https:\/\/www.europesays.com\/fr\/wp-json\/wp\/v2\/comments?post=350926"}],"version-history":[{"count":0,"href":"https:\/\/www.europesays.com\/fr\/wp-json\/wp\/v2\/posts\/350926\/revisions"}],"wp:featuredmedia":[{"embeddable":true,"href":"https:\/\/www.europesays.com\/fr\/wp-json\/wp\/v2\/media\/350927"}],"wp:attachment":[{"href":"https:\/\/www.europesays.com\/fr\/wp-json\/wp\/v2\/media?parent=350926"}],"wp:term":[{"taxonomy":"category","embeddable":true,"href":"https:\/\/www.europesays.com\/fr\/wp-json\/wp\/v2\/categories?post=350926"},{"taxonomy":"post_tag","embeddable":true,"href":"https:\/\/www.europesays.com\/fr\/wp-json\/wp\/v2\/tags?post=350926"}],"curies":[{"name":"wp","href":"https:\/\/api.w.org\/{rel}","templated":true}]}}