{"id":350928,"date":"2025-08-29T00:07:11","date_gmt":"2025-08-29T00:07:11","guid":{"rendered":"https:\/\/www.europesays.com\/fr\/350928\/"},"modified":"2025-08-29T00:07:11","modified_gmt":"2025-08-29T00:07:11","slug":"a-la-foret-des-livres-en-indre-et-loire-les-souvenirs-se-ramassent-a-la-pelle-lanouvellerepublique-fr","status":"publish","type":"post","link":"https:\/\/www.europesays.com\/fr\/350928\/","title":{"rendered":"\u00c0 la For\u00eat des Livres en Indre-et-Loire, les souvenirs se ramassent \u00e0 la pelle\u2026 &#8211; lanouvellerepublique.fr"},"content":{"rendered":"<ol>\n<li><a href=\"https:\/\/news.google.com\/rss\/articles\/CBMi_gFBVV95cUxQOHRPU0hIcGhiWjFwUWx6QlBNcUVpaFhCbGNBSF9NNkFGODRGdmx5WXVMSEQwNWdFb00xRmU1ZTVObVMtVkl4VkROaHlmM0ExdnpRWW03QmYzVFA3TV9kWnVjaVdTbFdVR2V1LXA1V2p5bEU3dkVuV3BWOUhpY1dMOThBbDV0cWptX0J5cnVBRm9YMW13TW1hWFVQVkJ2NE9OUWdHLXk5ZlZ5dzVNZURVaVlnMEVYaE9FN3VpdWRDaFgyTFBSS1N1TnJ3aE83M0V1ZVFidUl1Yl9BOXFiLXFCV29yLUNHdDlNMUl6WFh0Q3VKelVhYjNsb3AwT3ZGQQ?oc=5\" target=\"_blank\" rel=\"nofollow noopener\">\u00c0 la For\u00eat des Livres en Indre-et-Loire, les souvenirs se ramassent \u00e0 la pelle\u2026<\/a>&nbsp;&nbsp;lanouvellerepublique.fr<\/li>\n<li><a href=\"https:\/\/news.google.com\/rss\/articles\/CBMipwFBVV95cUxNX0h6SVl0aUpjbVlHckJtSkZ6aW1nU1RuVXNPemt4ejhtWkY5LTJ4UnhPUmtBd2k4TkZ1cGpId3RhZG1YbWZLY3M0bFhGZUtpM0Y0Ry1TRk9wRTE5MVJTRFF1Qk81b2VHazhZZVp5NE93R1ZPeWxCWllLeDRXZTFmOE9lTU9wLUNsdzVFb3JmSTM5RDktTmV3NTVtS0RvWWtFUG5vbTdmdw?oc=5\" target=\"_blank\" rel=\"nofollow noopener\">Le palmar\u00e8s du prix La For\u00eat des Livres chez Gonzague Saint Bris 2025<\/a>&nbsp;&nbsp;Livres Hebdo<\/li>\n<li><a href=\"https:\/\/news.google.com\/rss\/articles\/CBMiwAFBVV95cUxON016MVdBNXcwWlp0SF84d2RrV2JvWi0yLTV5Rk1IQklpRjctZFNpRTdhdjV0c2otMHBIU2YyUUo2TkRIbmZjTXM4VVhDdFZHazU1bUZaVGFuOE84cHUzTnltM19KYVFwcEdzR1RwUEhZcDRza28wb2FKS0VYblNmYlNOa0t5M1BQVGZzUkljaFF0QXB5QVRCRUFWZGtqTFN5c0drUWxXb3pXS21TMjlsdjdKZlR1aFVSSFUwdkZJdEQ?oc=5\" target=\"_blank\" rel=\"nofollow noopener\">Rentr\u00e9e litt\u00e9raire : Ad\u00e9la\u00efde de Clermont-Tonnerre et Rapha\u00ebl Sigal premiers prim\u00e9s<\/a>&nbsp;&nbsp;La Croix<\/li>\n<li><a href=\"https:\/\/news.google.com\/rss\/articles\/CBMixgFBVV95cUxQUHZ1SnpVb25ORlE5N2pwMFJWYUYtRW8zYnVtdHN2NElLcnZzUHNzenVzS0hxbEdMbGRoTDN2aUZpclB4ODlyTWtzU0lJcWtCX1VlelB3V2U2TE5lbHpORWFSNUJ6WmVnRzZfUzF0M3JNNHRhaTdWXzNfakd1Rm5IV0pSNkNuTTh4Mks1WWRVVngzaHBvZjVRU0YtWDdxRlJWcnFLLXFOc2JJb3otdk5TMVNmV0VoMm44RTAzRTlsRHFiVWJHSFE?oc=5\" target=\"_blank\" rel=\"nofollow noopener\">Une longue liste d\u2019autrices et d\u2019auteurs prim\u00e9s et r\u00e9put\u00e9s \u00e0 La For\u00eat des Livres 2025<\/a>&nbsp;&nbsp;Info Tours<\/li>\n<li><a href=\"https:\/\/news.google.com\/rss\/articles\/CBMizwFBVV95cUxPalY1U1dBMHN1UTR1TTF0ZWxHSlYyMFJlcDNWd2N1X290c2FfMXVqR0Nib3lMOHRDMWNLeThUY29TT0t5emd2dFItUVFoWGFWRUo3NGxkTDVLbGNWVG95T1pHYjB5UVJxWDF5RkYxZkc1R2ItSmw5YTJnMGx2QWJDUC1yeVpnYmhOQndoZmV2SktvUF8tYXA0NTJkQkRPSmZnelFHcmk3aEVFZTQ4Qnp1bElsZFEzdXdnaDVDanJuRk93d1F4UWNBbk1pZmUweHM?oc=5\" target=\"_blank\" rel=\"nofollow noopener\">Rentr\u00e9e litt\u00e9raire : Ad\u00e9la\u00efde de Clermont-Tonnerre et Rapha\u00ebl Sigal remportent les premiers prix<\/a>&nbsp;&nbsp;Le Figaro<\/li>\n<\/ol>\n","protected":false},"excerpt":{"rendered":"\u00c0 la For\u00eat des Livres en Indre-et-Loire, les souvenirs se ramassent \u00e0 la pelle\u2026&nbsp;&nbsp;lanouvellerepublique.fr Le palmar\u00e8s du prix&hellip;\n","protected":false},"author":2,"featured_media":1445,"comment_status":"","ping_status":"","sticky":false,"template":"","format":"standard","meta":{"footnotes":""},"categories":[1357],"tags":[1379,58,59,1011,27,1380],"class_list":{"0":"post-350928","1":"post","2":"type-post","3":"status-publish","4":"format-standard","5":"has-post-thumbnail","7":"category-livres","8":"tag-books","9":"tag-divertissement","10":"tag-entertainment","11":"tag-fr","12":"tag-france","13":"tag-livres"},"share_on_mastodon":{"url":"https:\/\/pubeurope.com\/@fr\/115109143770105658","error":""},"_links":{"self":[{"href":"https:\/\/www.europesays.com\/fr\/wp-json\/wp\/v2\/posts\/350928","targetHints":{"allow":["GET"]}}],"collection":[{"href":"https:\/\/www.europesays.com\/fr\/wp-json\/wp\/v2\/posts"}],"about":[{"href":"https:\/\/www.europesays.com\/fr\/wp-json\/wp\/v2\/types\/post"}],"author":[{"embeddable":true,"href":"https:\/\/www.europesays.com\/fr\/wp-json\/wp\/v2\/users\/2"}],"replies":[{"embeddable":true,"href":"https:\/\/www.europesays.com\/fr\/wp-json\/wp\/v2\/comments?post=350928"}],"version-history":[{"count":0,"href":"https:\/\/www.europesays.com\/fr\/wp-json\/wp\/v2\/posts\/350928\/revisions"}],"wp:featuredmedia":[{"embeddable":true,"href":"https:\/\/www.europesays.com\/fr\/wp-json\/wp\/v2\/media\/1445"}],"wp:attachment":[{"href":"https:\/\/www.europesays.com\/fr\/wp-json\/wp\/v2\/media?parent=350928"}],"wp:term":[{"taxonomy":"category","embeddable":true,"href":"https:\/\/www.europesays.com\/fr\/wp-json\/wp\/v2\/categories?post=350928"},{"taxonomy":"post_tag","embeddable":true,"href":"https:\/\/www.europesays.com\/fr\/wp-json\/wp\/v2\/tags?post=350928"}],"curies":[{"name":"wp","href":"https:\/\/api.w.org\/{rel}","templated":true}]}}