{"id":350929,"date":"2025-08-29T00:08:31","date_gmt":"2025-08-29T00:08:31","guid":{"rendered":"https:\/\/www.europesays.com\/fr\/350929\/"},"modified":"2025-08-29T00:08:31","modified_gmt":"2025-08-29T00:08:31","slug":"cecilia-hornus-plus-belle-la-vie-donne-son-opinion-sur-leuthanasie-a-laquelle-hector-david-brecourt-lamoureux-de-blanche-va-avoir-recours","status":"publish","type":"post","link":"https:\/\/www.europesays.com\/fr\/350929\/","title":{"rendered":"C\u00e9cilia Hornus (Plus belle la vie) donne son opinion sur l&rsquo;euthanasie \u00e0 laquelle Hector (David Br\u00e9court), l&rsquo;amoureux de Blanche, va avoir recours"},"content":{"rendered":"<p>C\u00e9cilia Hornus, l&rsquo;interpr\u00e8te de Blanche Marci dans la s\u00e9rie Plus belle la vie, encore plus belle, se confie sur l&rsquo;intrigue qu&rsquo;elle partage avec Agathe de La Boulaye (Vanessa) et David Br\u00e9court (Hector) et r\u00e9v\u00e8le ce qu&rsquo;elle pense de l&rsquo;euthanasie&#8230; <\/p>\n<p>Le compte \u00e0 rebours a commenc\u00e9 ! Dans l\u2019\u00e9pisode de Plus belle la vie, encore plus belle diffus\u00e9 ce <a href=\"https:\/\/www.programme-tv.net\/news\/series-tv\/386194-plus-belle-la-vie-en-avance-ariane-est-enceinte-elle-quitte-djawad-hector-fait-ses-adieux-a-vanessa-mirta-decouvre-les-lingots-dans-le-coffre-de-robert-le-resume-de-lepisode-408-du-jeudi-27-aout-2025\/\" data-api-deeplink=\"teleloisirs:\/\/news\/386194\" rel=\"nofollow noopener\" target=\"_blank\">jeudi 28 ao\u00fbt 2025<\/a>, Vanessa Kepler (<a href=\"https:\/\/www.programme-tv.net\/biographie\/3450-de-la-boulaye-agathe\/\" data-link-people=\"d10cbba7-219e-4fd1-b583-7190b5a6182e\" rel=\"nofollow noopener\" target=\"_blank\">Agathe de La Boulaye<\/a>) d\u00e9cide finalement de renoncer \u00e0 placer Hector (<a href=\"https:\/\/www.programme-tv.net\/biographie\/4411-brecourt-david\/\" data-link-people=\"af5ec326-a8ff-4b6c-9ba9-214ca98b8dfd\" rel=\"nofollow noopener\" target=\"_blank\">David Br\u00e9court<\/a>) sous tutelle. Il obtient ainsi la possibilit\u00e9 de recourir \u00e0 l\u2019euthanasie, pr\u00e9vue le 4 septembre. L&rsquo;homme s&#8217;empresse d&rsquo;annoncer la nouvelle \u00e0 sa nouvelle compagne <a href=\"https:\/\/www.programme-tv.net\/biographie\/293963-marci-blanche\/\" data-link-people=\"2e83b842-b493-4368-812f-93924b5500de\" rel=\"nofollow noopener\" target=\"_blank\">Blanche Marci<\/a> (C\u00e9cilia Hornus), qui lui promet de l&rsquo;accompagner avec courage dans cette \u00e9preuve douloureuse&#8230; Interview\u00e9e par T\u00e9l\u00e9 Loisirs, C\u00e9cilia Hornus s&rsquo;est confi\u00e9e sur l&rsquo;int\u00e9r\u00eat qu&rsquo;elle porte \u00e0 cette intrigue soci\u00e9tale : \u00ab\u00a0Au cours de nos vies, nous serons tous confront\u00e9s \u00e0 la mort : la n\u00f4tre et celles de nos proches. Dans l&rsquo;id\u00e9al, on s&rsquo;endort et on ne se r\u00e9veille pas. \u00c7a ne se passe pas toujours comme \u00e7a&#8230;\u00a0\u00bb <\/p>\n<p>                        \u00ab\u00a0Si un jour, je sens que \u00e7a devient trop difficile&#8230;\u00a0\u00bb C\u00e9cilia Hornus (Plus belle la vie) confie qu\u2019elle pourrait envisager l\u2019euthanasie si elle venait \u00e0 tomber gravement malade&#8230;<\/p>\n<p>Interrog\u00e9e au sujet de l\u2019euthanasie, C\u00e9cilia Hornus, <a href=\"https:\/\/www.programme-tv.net\/news\/people\/360635-notre-famille-est-accablee-par-ce-nouveau-deuil-cecilia-hornus-plus-belle-la-vie-annonce-la-mort-de-son-frere-quelques-mois-apres-celle-de-sa-mere\/\" data-api-deeplink=\"teleloisirs:\/\/news\/360635\" rel=\"nofollow noopener\" target=\"_blank\">marqu\u00e9e par la perte de ses parents et de son fr\u00e8re en 2024<\/a>, affirme soutenir l\u2019accompagnement des personnes en fin de vie :\u00a0\u00bbCette question nous touche toutes et tous, que ce soit individuellement ou collectivement, je trouve \u00e7a bien que chaque personne puisse dire \u00ab\u00a0je ne veux plus\u00a0\u00bb, surtout lorsqu&rsquo;on est confront\u00e9 \u00e0 des maladies qui font souffrir et\/ou qui rendent d\u00e9pendantes.\u00a0\u00bb Avant d&rsquo;ajouter un t\u00e9moignage tr\u00e8s personnel : \u00ab\u00a0\u00c9videment, je ne banalise pas ce sujet-l\u00e0, il faut que soit ultra-encadr\u00e9, avec des statuts tr\u00e8s forts et tr\u00e8s puissants, mais oui, \u00e7a m&rsquo;int\u00e9resse parce que peut-\u00eatre qu&rsquo;un jour, j&rsquo;y aurai moi-m\u00eame recours&#8230; Personnellement, si un jour, je sens que \u00e7a va \u00eatre tr\u00e8s compliqu\u00e9, que je vais devenir d\u00e9pendante, que je vais trop souffrir, qu&rsquo;il n&rsquo;y aura plus rien pour m&rsquo;aider, oui, je pense que je pourrais me retrouver dans cette situation.\u00a0\u00bb<\/p>\n<p>            Plus belle la vie : Pour C\u00e9cilia Hornus, \u00ab\u00a0Blanche comprend la position de Vanessa vis-\u00e0-vis d&rsquo;Hector\u00a0\u00bb<\/p>\n<p>Au cours de cette interview, C\u00e9cilia Hornus, s&rsquo;est livr\u00e9e sur le regard que Blanche porte sur Vanessa : \u00ab\u00a0Elle la comprend. \u00c9videmment, et ce, m\u00eame si cette femme est r\u00e9put\u00e9e pour \u00eatre autoritaire et radicale. Elle a de la peine ! Elle porte un amour passionnel \u00e0 Hector. Il a \u00e9t\u00e9 la plus grande histoire de sa vie !\u00a0\u00bb Avant d&rsquo;ajouter : \u00ab\u00a0Vanessa va \u00eatre oblig\u00e9e d&rsquo;accepter la d\u00e9cision. C&rsquo;est dans ce type de moment qu&rsquo;on se dit : \u00ab\u00a0Ce n&rsquo;est pas \u00e9vident d&rsquo;accompagner les gens dans leur fin de vie.\u00a0\u00bb<\/p>\n","protected":false},"excerpt":{"rendered":"C\u00e9cilia Hornus, l&rsquo;interpr\u00e8te de Blanche Marci dans la s\u00e9rie Plus belle la vie, encore plus belle, se confie&hellip;\n","protected":false},"author":2,"featured_media":350930,"comment_status":"","ping_status":"","sticky":false,"template":"","format":"standard","meta":{"footnotes":""},"categories":[1356],"tags":[244,48748,58,1367,59,8644,1011,27,4879,2173,11235,1368,12660,252,199,12661,1364],"class_list":{"0":"post-350929","1":"post","2":"type-post","3":"status-publish","4":"format-standard","5":"has-post-thumbnail","7":"category-television","8":"tag-commentaire","9":"tag-cu00e9cilia-hornus","10":"tag-divertissement","11":"tag-encore-plus-belle","12":"tag-entertainment","13":"tag-exclu","14":"tag-fr","15":"tag-france","16":"tag-hommage","17":"tag-interview","18":"tag-lu00e9a-franu00e7ois","19":"tag-plus-belle-la-vie","20":"tag-syndication","21":"tag-television","22":"tag-tf1","23":"tag-tm","24":"tag-tv"},"share_on_mastodon":{"url":"https:\/\/pubeurope.com\/@fr\/115109147708541656","error":""},"_links":{"self":[{"href":"https:\/\/www.europesays.com\/fr\/wp-json\/wp\/v2\/posts\/350929","targetHints":{"allow":["GET"]}}],"collection":[{"href":"https:\/\/www.europesays.com\/fr\/wp-json\/wp\/v2\/posts"}],"about":[{"href":"https:\/\/www.europesays.com\/fr\/wp-json\/wp\/v2\/types\/post"}],"author":[{"embeddable":true,"href":"https:\/\/www.europesays.com\/fr\/wp-json\/wp\/v2\/users\/2"}],"replies":[{"embeddable":true,"href":"https:\/\/www.europesays.com\/fr\/wp-json\/wp\/v2\/comments?post=350929"}],"version-history":[{"count":0,"href":"https:\/\/www.europesays.com\/fr\/wp-json\/wp\/v2\/posts\/350929\/revisions"}],"wp:featuredmedia":[{"embeddable":true,"href":"https:\/\/www.europesays.com\/fr\/wp-json\/wp\/v2\/media\/350930"}],"wp:attachment":[{"href":"https:\/\/www.europesays.com\/fr\/wp-json\/wp\/v2\/media?parent=350929"}],"wp:term":[{"taxonomy":"category","embeddable":true,"href":"https:\/\/www.europesays.com\/fr\/wp-json\/wp\/v2\/categories?post=350929"},{"taxonomy":"post_tag","embeddable":true,"href":"https:\/\/www.europesays.com\/fr\/wp-json\/wp\/v2\/tags?post=350929"}],"curies":[{"name":"wp","href":"https:\/\/api.w.org\/{rel}","templated":true}]}}