{"id":35093,"date":"2025-04-18T23:08:10","date_gmt":"2025-04-18T23:08:10","guid":{"rendered":"https:\/\/www.europesays.com\/fr\/35093\/"},"modified":"2025-04-18T23:08:10","modified_gmt":"2025-04-18T23:08:10","slug":"infographie-meteo-grippe-pourquoi-lepidemie-de-gastro-est-encore-si-virulente-mi-avril","status":"publish","type":"post","link":"https:\/\/www.europesays.com\/fr\/35093\/","title":{"rendered":"Infographie. M\u00e9t\u00e9o, grippe&#8230; Pourquoi l&rsquo;\u00e9pid\u00e9mie de gastro est encore si virulente mi-avril"},"content":{"rendered":"<p>Mal au ventre, naus\u00e9es, vomissements, diarrh\u00e9es\u2026 Comme beaucoup de Fran\u00e7ais, peut-\u00eatre avez-vous fait les frais ces derniers jours d&rsquo;une gastro-ent\u00e9rite tardive. Malgr\u00e9 l&rsquo;arriv\u00e9e du printemps et du beau temps, le virus continue de circuler dans l&rsquo;Hexagone, plus ou moins selon les r\u00e9gions. Au niveau national, la proportion de consultations SOS M\u00e9decins pour gastro-ent\u00e9rite aigu\u00eb s&rsquo;\u00e9levait \u00e0 8,7% pour la premi\u00e8re semaine du mois d&rsquo;avril, soit une \u00ab\u00a0activit\u00e9 sup\u00e9rieure \u00e0 celle observ\u00e9e lors de la saison 2023-24 et proche des maximums historiques\u00a0\u00bb, souligne le <a href=\"https:\/\/www.santepubliquefrance.fr\/maladies-et-traumatismes\/maladies-infectieuses-d-origine-alimentaire\/gastro-enterites-aigues\/documents\/bulletin-national\/gastro-enterites-aigues.-bulletin-du-10-avril-2025\" target=\"_blank\" rel=\"nofollow noopener\">dernier bulletin <\/a>de Sant\u00e9 Publique France. Ce taux s&rsquo;\u00e9l\u00e8ve m\u00eame \u00e0 11,2% chez les moins de cinq ans, plus concern\u00e9s par cette \u00e9pid\u00e9mie.<\/p>\n<p>\u00ab\u00a0C&rsquo;est un peu toujours les enfants, parce que \u00e7a passe par les mains et quand les tout-petits sont en collectivit\u00e9, avec les jouets et tout ce qu&rsquo;ils peuvent toucher, si le virus est d\u00e9pos\u00e9 dessus et qu&rsquo;ils mettent les mains \u00e0 la bouche\u2026 Mais ce qui est plus \u00e9tonnant, c&rsquo;est qu&rsquo;on en ait encore \u00e0 cette p\u00e9riode de l&rsquo;ann\u00e9e\u00a0\u00bb, observe Brigitte Virey, pr\u00e9sidente du Syndicat national des p\u00e9diatres fran\u00e7ais (SNPF).\u00a0<\/p>\n<p>La moiti\u00e9 nord plus touch\u00e9e<\/p>\n<p>L&rsquo;activit\u00e9 semble in\u00e9gale selon les r\u00e9gions. Le nord de la France appara\u00eet ainsi plus touch\u00e9. Le taux d&rsquo;incidence des cas de diarrh\u00e9e aigu\u00eb vus en consultation de m\u00e9decine g\u00e9n\u00e9rale s&rsquo;\u00e9l\u00e8ve ainsi \u00e0 196 pour 100 000 habitants en Normandie, 126 dans la r\u00e9gion Grand Est et 112 en Bretagne, bien plus qu&rsquo;au niveau national (96). A l&rsquo;inverse, le Centre-Est appara\u00eet davantage \u00e9pargn\u00e9, avec un taux d&rsquo;incidence de 32 en Bourgogne-Franche-Comt\u00e9, de 61 en Auvergne-Rh\u00f4ne-Alpes et de 64 en Centre-Val-de-Loire.<\/p>\n<p>Ces donn\u00e9es avaient cependant connu un pic <a href=\"https:\/\/www.ledauphine.com\/sante\/2025\/01\/30\/la-grippe-s-intensifie-legere-hausse-des-cas-de-gastro-enterite\" target=\"_blank\" rel=\"nofollow noopener\">plus t\u00f4t dans la saison<\/a>, en janvier. \u00ab\u00a0Les \u00e9pid\u00e9mies commencent quelque part puis se propagent\u00a0\u00bb, rappelle Brigitte Virey.<\/p>\n<p>Reste que la m\u00e9t\u00e9o instable et l&rsquo;hiver pluvieux pourraient expliquer que la gastro-ent\u00e9rite soit toujours l\u00e0 \u00e0 la veille de P\u00e2ques. \u00ab Plus il fait froid, moins on a envie d&rsquo;a\u00e9rer. Et quand il fait froid et humide, on se d\u00e9fend moins bien parce qu&rsquo;on a dans le nez des cils qui font barri\u00e8re mais qui sont gel\u00e9s ou englu\u00e9s par l&rsquo;humidit\u00e9\u00a0\u00bb, explique Judith Loebmansour, m\u00e9decin g\u00e9n\u00e9raliste en Normandie. La m\u00e9decin d\u00e9plore \u00e9galement un rel\u00e2chement des gestes barri\u00e8res, comme le fait de se laver les mains, de porter un masque et d&rsquo;\u00e9viter de voir des personnes fragiles quand on est malade. \u00ab\u00a0Je suis choqu\u00e9e de voir arriver dans mon cabinet des gens qui sont malades et non masqu\u00e9s. Les gens qui arrivent en toussant et ne mettant pas de masque, c&rsquo;est une honte\u00a0\u00bb, juge la praticienne.<\/p>\n<p>Une fragilit\u00e9 li\u00e9e \u00e0 la grippe<\/p>\n<p><a href=\"https:\/\/www.ledauphine.com\/sante\/2025\/01\/15\/grippe-hivernale-nette-hausse-des-deces-et-activite-hospitaliere-tres-elevee\" target=\"_blank\" rel=\"nofollow noopener\">L&rsquo;\u00e9pid\u00e9mie de grippe tr\u00e8s virulente<\/a> rencontr\u00e9e cet hiver serait un autre facteur d&rsquo;explication.\u00a0 \u00ab\u00a0Ce qui est s\u00fbr, c&rsquo;est que plus on est malade, plus on est malade : la grippe ayant \u00e9t\u00e9 tr\u00e8s importante, elle a fragilis\u00e9 les gens\u00a0\u00bb, estime Judith Loebmansour. La pand\u00e9mie de Covid-19 a aussi boulevers\u00e9 le rythme des \u00e9pid\u00e9mies hivernales. \u00ab Depuis le Covid, tous les ans, on a quelque chose qu&rsquo;on avait pas avant. C&rsquo;est comme si on se d\u00e9fendait moins bien, ou alors c&rsquo;est une question d&rsquo;\u00e9cologie du syst\u00e8me qui fait qu&rsquo;on voit r\u00e9appara\u00eetre certains virus ou certains germes plus qu&rsquo;on ne les voyait avant\u00a0\u00bb, souligne Brigitte Virey. Les vacances de P\u00e2ques, en cours dans certaines zones, pourraient permettre de mettre un frein \u00e0 l&rsquo;\u00e9pid\u00e9mie.<\/p>\n<p>Si ce d\u00e9calage temporel n&rsquo;est pas particuli\u00e8rement alarmant, certaines pr\u00e9cautions doivent \u00eatre adopt\u00e9es, notamment avec les plus jeunes enfants. \u00ab Il faut bien pr\u00e9venir la d\u00e9shydratation. La premi\u00e8re chose \u00e0 faire quand un enfant a une gastro, c&rsquo;est de le r\u00e9hydrater\u00a0\u00bb, conseille Brigitte Virey. Et ne pas h\u00e9siter \u00e0 consulter un m\u00e9decin d\u00e8s l&rsquo;apparition de signes de d\u00e9shydratation : fatigue, apathie, bouche s\u00e8che, absence d&rsquo;urine.<\/p>\n","protected":false},"excerpt":{"rendered":"Mal au ventre, naus\u00e9es, vomissements, diarrh\u00e9es\u2026 Comme beaucoup de Fran\u00e7ais, peut-\u00eatre avez-vous fait les frais ces derniers jours&hellip;\n","protected":false},"author":2,"featured_media":35094,"comment_status":"","ping_status":"","sticky":false,"template":"","format":"standard","meta":{"footnotes":""},"categories":[10],"tags":[107,1011,27,329,72,8423,71],"class_list":{"0":"post-35093","1":"post","2":"type-post","3":"status-publish","4":"format-standard","5":"has-post-thumbnail","7":"category-sante","8":"tag-fil-info","9":"tag-fr","10":"tag-france","11":"tag-france-monde","12":"tag-health","13":"tag-meteorologie-climat","14":"tag-sante"},"share_on_mastodon":{"url":"https:\/\/pubeurope.com\/@fr\/114361486745674436","error":""},"_links":{"self":[{"href":"https:\/\/www.europesays.com\/fr\/wp-json\/wp\/v2\/posts\/35093","targetHints":{"allow":["GET"]}}],"collection":[{"href":"https:\/\/www.europesays.com\/fr\/wp-json\/wp\/v2\/posts"}],"about":[{"href":"https:\/\/www.europesays.com\/fr\/wp-json\/wp\/v2\/types\/post"}],"author":[{"embeddable":true,"href":"https:\/\/www.europesays.com\/fr\/wp-json\/wp\/v2\/users\/2"}],"replies":[{"embeddable":true,"href":"https:\/\/www.europesays.com\/fr\/wp-json\/wp\/v2\/comments?post=35093"}],"version-history":[{"count":0,"href":"https:\/\/www.europesays.com\/fr\/wp-json\/wp\/v2\/posts\/35093\/revisions"}],"wp:featuredmedia":[{"embeddable":true,"href":"https:\/\/www.europesays.com\/fr\/wp-json\/wp\/v2\/media\/35094"}],"wp:attachment":[{"href":"https:\/\/www.europesays.com\/fr\/wp-json\/wp\/v2\/media?parent=35093"}],"wp:term":[{"taxonomy":"category","embeddable":true,"href":"https:\/\/www.europesays.com\/fr\/wp-json\/wp\/v2\/categories?post=35093"},{"taxonomy":"post_tag","embeddable":true,"href":"https:\/\/www.europesays.com\/fr\/wp-json\/wp\/v2\/tags?post=35093"}],"curies":[{"name":"wp","href":"https:\/\/api.w.org\/{rel}","templated":true}]}}