{"id":350931,"date":"2025-08-29T00:09:13","date_gmt":"2025-08-29T00:09:13","guid":{"rendered":"https:\/\/www.europesays.com\/fr\/350931\/"},"modified":"2025-08-29T00:09:13","modified_gmt":"2025-08-29T00:09:13","slug":"florent-pagny-va-faire-son-retour-a-la-tele-pour-une-interview-evenement-avec-sa-femme-azucena","status":"publish","type":"post","link":"https:\/\/www.europesays.com\/fr\/350931\/","title":{"rendered":"Florent Pagny va faire son retour \u00e0 la t\u00e9l\u00e9 pour une interview \u00e9v\u00e9nement avec sa femme Azucena"},"content":{"rendered":"<p>Bient\u00f4t de retour avec un nouvel album intitul\u00e9 Grandeur nature et une tourn\u00e9e pr\u00e9vue en 2026, Florent Pagny va faire son retour \u00e0 la t\u00e9l\u00e9vision ce dimanche 31 ao\u00fbt pour une interview \u00e9v\u00e9nement. D\u00e9couvrez sur quelle cha\u00eene et \u00e0 quelle heure le retrouver.<\/p>\n<p>Apr\u00e8s deux ans d&rsquo;absence pour soigner son cancer des poumons, Florent Pagny a fait un retour fracassant sur le devant de la sc\u00e8ne m\u00e9diatique. D\u00e9but 2025, le chanteur a accept\u00e9 de regagner son fauteuil rouge dans la saison 14 de The Voice et a remport\u00e9 la victoire avec le groupe Il Cello,<a href=\"https:\/\/www.programme-tv.net\/news\/musique\/378695-mauvaise-nouvelle-pour-il-cello-the-voice-2025-les-proteges-de-florent-pagny-ne-rencontrent-pas-le-succes-espere\/\" data-api-deeplink=\"teleloisirs:\/\/news\/378695\" target=\"_blank\" rel=\"noopener\"> qui n&rsquo;a malheureusement pas connu le succ\u00e8s esp\u00e9r\u00e9 par le coach<\/a>. Il a ensuite annonc\u00e9 son retour en studio pour enregistrer <a href=\"https:\/\/www.programme-tv.net\/news\/musique\/383567-florent-pagny-devoile-un-nouvel-album-ce-chanteur-adore-du-public-qui-l-a-accompagne-dans-son-retour-en-studio\/\" data-api-deeplink=\"teleloisirs:\/\/news\/383567\" target=\"_blank\" rel=\"noopener\">son nouvel album, Grandeur nature<\/a>, qui sortira le 12 septembre prochain et dont <a href=\"https:\/\/www.programme-tv.net\/news\/people\/378082-jai-ecrit-cette-chanson-par-amour-vianney-proche-de-florent-pagny-il-devoile-les-coulisses-du-titre-qu-il-a-compose-pour-lui\/\" data-api-deeplink=\"teleloisirs:\/\/news\/378082\" target=\"_blank\" rel=\"noopener\">un premier single sign\u00e9 Vianney<\/a>, T&rsquo;aimer encore, a d\u00e9j\u00e0 \u00e9t\u00e9 d\u00e9voil\u00e9 au public. Et ce n&rsquo;est pas tout. Florent Pagny fera son grand retour sur sc\u00e8ne en 2026 avec sa premi\u00e8re tourn\u00e9e depuis ses probl\u00e8mes de sant\u00e9. S&rsquo;il revient doucement aupr\u00e8s de ses fans, l&rsquo;interpr\u00e8te de Savoir aimer n&rsquo;accorde que rarement des interviews. Pourtant, il sera ce dimanche 31 ao\u00fbt l&rsquo;invit\u00e9 exceptionnel de Sept \u00e0 huit sur TF1.<\/p>\n<p>                        Florent Pagny de retour \u00e0 la t\u00e9l\u00e9vision ce dimanche 31 ao\u00fbt pour une interview \u00e9v\u00e9nement<\/p>\n<p>C&rsquo;est une interview \u00e9v\u00e9nement. Ce dimanche 31 ao\u00fbt, Audrey Crespo-Mara consacrera son Portrait de la semaine de Sept \u00e0 huit \u00e0 Florent Pagny et sa femme Azucena. <b>\u00ab\u00a0En exclusivit\u00e9 dans <\/b><b>Le portrait de la semaine<\/b><b> d&rsquo;Audrey Crespo-Mara, Florent Pagny et sa femme Azucena\u00a0\u00bb<\/b>, a annonc\u00e9 le programme de la Une sur les r\u00e9seaux sociaux avant de donner rendez-vous aux t\u00e9l\u00e9spectateurs :<b> \u00ab\u00a0Rendez-vous dimanche \u00e0 19h20 sur TF1.\u00a0\u00bb<\/b> Le couple appara\u00eet sur une photo aux c\u00f4t\u00e9s de <a href=\"https:\/\/www.programme-tv.net\/news\/people\/385671-apres-lorage-larc-en-ciel-est-indestructible-dominique-lagrou-sempere-adresse-un-message-de-soutien-a-audrey-crespo-mara-un-mois-apres-la-mort-de-thierry-ardisson\/\" data-api-deeplink=\"teleloisirs:\/\/news\/385671\" target=\"_blank\" rel=\"noopener\">l&rsquo;\u00e9pouse endeuill\u00e9e de Thierry Ardisson<\/a>. Les trois sont accompagn\u00e9s de l&rsquo;adorable bouvier bernois du chanteur. En mars 2023, c&rsquo;\u00e9tait \u00e0 Audrey Crespo-Mara que Florent Pagny avait r\u00e9v\u00e9l\u00e9 la rechute de son cancer des poumons. \u00ab\u00a0J&rsquo;aurais pr\u00e9f\u00e9r\u00e9 \u00eatre l\u00e0 \u00e0 rigoler, \u00e0 balancer des vannes, \u00e0 dire que tout va bien, qu&rsquo;il n&rsquo;y a plus rien, que rien n&rsquo;est revenu, ce n&rsquo;est pas le cas\u00a0\u00bb, avait-il confi\u00e9.<\/p>\n<p>            Florent Pagny en r\u00e9mission d&rsquo;un cancer des poumons, il \u00e9voque sa sant\u00e9 fragile<\/p>\n<p>En mai dernier, Florent Pagny avait \u00e9voqu\u00e9 sa sant\u00e9 fragile dans la matinale de RTL. En pleine r\u00e9mission d&rsquo;un cancer des poumons, le chanteur avait assur\u00e9 que \u00ab\u00a0tout allait bien\u00a0\u00bb mais qu&rsquo;il restait prudent : \u00ab\u00a0C&rsquo;est jamais derri\u00e8re nous quand on chope cette saloperie. On sait qu&rsquo;elle peut revenir \u00e0 tout moment et durant plusieurs ann\u00e9es, on doit contr\u00f4ler.\u00a0\u00bb Plus r\u00e9cemment, <a href=\"https:\/\/www.programme-tv.net\/news\/people\/384592-florent-pagny-gueri-de-son-cancer-line-renaud-fait-une-revelation-inattendue\/\" data-api-deeplink=\"teleloisirs:\/\/news\/384592\" target=\"_blank\" rel=\"noopener\">son amie Line Renaud a affirm\u00e9 qu&rsquo;il \u00e9tait \u00ab\u00a0gu\u00e9ri\u00a0\u00bb<\/a>.<\/p>\n","protected":false},"excerpt":{"rendered":"Bient\u00f4t de retour avec un nouvel album intitul\u00e9 Grandeur nature et une tourn\u00e9e pr\u00e9vue en 2026, Florent Pagny&hellip;\n","protected":false},"author":2,"featured_media":350932,"comment_status":"","ping_status":"","sticky":false,"template":"","format":"standard","meta":{"footnotes":""},"categories":[1355],"tags":[17979,244,58,59,3109,1011,27,1361,873,25547,199],"class_list":{"0":"post-350931","1":"post","2":"type-post","3":"status-publish","4":"format-standard","5":"has-post-thumbnail","7":"category-musique","8":"tag-audrey-crespo-mara","9":"tag-commentaire","10":"tag-divertissement","11":"tag-entertainment","12":"tag-florent-pagny","13":"tag-fr","14":"tag-france","15":"tag-music","16":"tag-musique","17":"tag-sept-u00e0-huit","18":"tag-tf1"},"share_on_mastodon":{"url":"https:\/\/pubeurope.com\/@fr\/115109151663693960","error":""},"_links":{"self":[{"href":"https:\/\/www.europesays.com\/fr\/wp-json\/wp\/v2\/posts\/350931","targetHints":{"allow":["GET"]}}],"collection":[{"href":"https:\/\/www.europesays.com\/fr\/wp-json\/wp\/v2\/posts"}],"about":[{"href":"https:\/\/www.europesays.com\/fr\/wp-json\/wp\/v2\/types\/post"}],"author":[{"embeddable":true,"href":"https:\/\/www.europesays.com\/fr\/wp-json\/wp\/v2\/users\/2"}],"replies":[{"embeddable":true,"href":"https:\/\/www.europesays.com\/fr\/wp-json\/wp\/v2\/comments?post=350931"}],"version-history":[{"count":0,"href":"https:\/\/www.europesays.com\/fr\/wp-json\/wp\/v2\/posts\/350931\/revisions"}],"wp:featuredmedia":[{"embeddable":true,"href":"https:\/\/www.europesays.com\/fr\/wp-json\/wp\/v2\/media\/350932"}],"wp:attachment":[{"href":"https:\/\/www.europesays.com\/fr\/wp-json\/wp\/v2\/media?parent=350931"}],"wp:term":[{"taxonomy":"category","embeddable":true,"href":"https:\/\/www.europesays.com\/fr\/wp-json\/wp\/v2\/categories?post=350931"},{"taxonomy":"post_tag","embeddable":true,"href":"https:\/\/www.europesays.com\/fr\/wp-json\/wp\/v2\/tags?post=350931"}],"curies":[{"name":"wp","href":"https:\/\/api.w.org\/{rel}","templated":true}]}}