{"id":350943,"date":"2025-08-29T00:15:17","date_gmt":"2025-08-29T00:15:17","guid":{"rendered":"https:\/\/www.europesays.com\/fr\/350943\/"},"modified":"2025-08-29T00:15:17","modified_gmt":"2025-08-29T00:15:17","slug":"en-decidant-de-raffiner-les-minerais-sur-son-sol-les-etats-unis-perturbent-la-strategie-de-la-chine","status":"publish","type":"post","link":"https:\/\/www.europesays.com\/fr\/350943\/","title":{"rendered":"en d\u00e9cidant de raffiner les minerais sur son sol, les \u00c9tats-Unis perturbent la strat\u00e9gie de la Chine"},"content":{"rendered":"<p><strong>D\u00c9CRYPTAGE &#8211; <\/strong>En soutenant la compagnie mini\u00e8re am\u00e9ricaine MP Materials, le d\u00e9partement de la D\u00e9fense a fait bondir le cours d\u2019un alliage crucial et fragilise &#8211; un peu &#8211; l\u2019h\u00e9g\u00e9monie de P\u00e9kin.<\/p>\n<p class=\"fig-paragraph\">L\u2019Occident parviendra-t-il \u00e0 mettre fin \u00e0 la domination chinoise, planifi\u00e9e et organis\u00e9e de longue date, sur les<a href=\"http:\/\/www.lefigaro.fr\/flash-eco\/terres-rares-lithium-l-allemagne-et-le-canada-veulent-renforcer-leur-cooperation-20250826\" data-fig-type=\"NewsFlash\" data-gtm-custom-categorie=\"navigation\" data-gtm-custom-action=\"crossclick\" data-gtm-custom-label=\"Contextuel\" data-gtm-event=\"customEventSPE\" data-fig-domain=\"LEFIGARO\" target=\"_blank\" rel=\"noopener\">\u00a0terres rares<\/a>, cette famille de minerais indispensables aux nouvelles technologies\u00a0? L\u2019enjeu est crucial. Et son r\u00e9sultat tr\u00e8s incertain alors que la Chine domine la cha\u00eene d\u2019approvisionnement mondiale, avec 70\u00a0% de la production mini\u00e8re, 90\u00a0% de la capacit\u00e9 de raffinage et 95\u00a0% de la<a href=\"http:\/\/www.lefigaro.fr\/conjoncture\/ils-doivent-nous-donner-des-aimants-trump-menace-la-chine-de-200-de-surtaxe-si-elle-n-accelere-pas-ses-exportations-de-terres-rares-20250825\" data-fig-type=\"NewsFlash\" data-gtm-custom-categorie=\"navigation\" data-gtm-custom-action=\"crossclick\" data-gtm-custom-label=\"Contextuel\" data-gtm-event=\"customEventSPE\" data-fig-domain=\"LEFIGARO\" target=\"_blank\" rel=\"noopener\">\u00a0production des aimants permanents<\/a>, cr\u00e9\u00e9s \u00e0 partir de ces m\u00e9taux.<\/p>\n<p>Des promesses de milliards de dollars<\/p>\n<p class=\"fig-paragraph\">Une mesure r\u00e9cente du gouvernement am\u00e9ricain, qui est pr\u00eat \u00e0 d\u00e9bourser des milliards pour contrer l\u2019h\u00e9g\u00e9monie chinoise, produit des effets in\u00e9dits. Washington a conclu le 10\u00a0juillet un accord avec le principal producteur am\u00e9ricain de terres rares, MP Materials. Celui-ci s\u2019est engag\u00e9 \u00e0 cesser d\u2019envoyer les minerais extraits en Chine pour les y faire raffiner et \u00e0 r\u00e9aliser au contraire cette op\u00e9ration sur le sol am\u00e9ricain.<\/p>\n<p class=\"fig-body-link\">\n            \u00c0 lire aussi<br \/>\n        <a class=\"fig-body-link__link fig-premium-mark\" href=\"http:\/\/www.lefigaro.fr\/conjoncture\/les-terres-rares-un-enjeu-existentiel-au-coeur-de-l-affrontement-entre-donald-trump-et-xi-jinping-20250522\" data-fig-type=\"Article\" data-gtm-custom-categorie=\"navigation\" data-gtm-custom-action=\"crossclick\" data-gtm-custom-label=\"Contextuel\" data-gtm-event=\"customEventSPE\" data-fig-domain=\"LEFIGARO\" target=\"_blank\" rel=\"noopener\">Les terres rares, un \u00abenjeu existentiel\u00bb au c\u0153ur de l\u2019affrontement entre Donald Trump et Xi Jinping<br \/>\n    <\/a>\n<\/p>\n<p class=\"fig-paragraph\">Le minist\u00e8re de la D\u00e9fense am\u00e9ricain, en \u00e9change, prend 15\u00a0% du capital de MP Materials et pr\u00e9voit d\u2019y investir\u2026<\/p>\n<p class=\"fig-premium-paywall__infos\">\n        Cet article est r\u00e9serv\u00e9 aux abonn\u00e9s.        Il vous reste 80% \u00e0 d\u00e9couvrir.\n    <\/p>\n<p>                <img  data- alt=\"Le Figaro\" class=\"fig-img--complete fig-img\"\/><\/p>\n<p class=\"fig-premium-paywall__title\">Vente Flash<\/p>\n<p class=\"fig-premium-paywall__subtitle\">4,99\u20ac par mois pendant 12 mois. Sans engagement<\/p>\n<p class=\"fig-premium-paywall__connect\">\n                D\u00e9j\u00e0 abonn\u00e9\u00a0?                <a class=\"fig-premium-paywall__connect-link\" href=\"https:\/\/connect.lefigaro.fr\/login?client=horizon_web&amp;type=main&amp;redirect_uri=https%3A%2F%2Fwww.lefigaro.fr%2Fconjoncture%2Fterres-rares-en-decidant-de-raffiner-les-minerais-sur-son-sol-les-etats-unis-perturbent-la-strategie-de-la-chine-20250828\" data-js-gtm=\"{&quot;customCategorie&quot;: &quot;conversion&quot;, &quot;customAction&quot;: &quot;before_Landing_Connexion_paywall_auto&quot;, &quot;customLabel&quot;: &quot;bGVmaWdhcm8uZnJfXzFmMDgzZmFhLWY5NjAtNmUzNi04MjI3LTBkZDk2NzgzN2Q4MF9fQXJ0aWNsZQ==_Terres rares\u00a0: en d\u00e9cidant de raffiner les minerais sur son sol, les \u00c9tats-Unis perturbent la strat\u00e9gie de la Chine_109&quot;, &quot;customIDSPE&quot;: &quot;bGVmaWdhcm8uZnJfXzFmMDgzZmFhLWY5NjAtNmUzNi04MjI3LTBkZDk2NzgzN2Q4MF9fQXJ0aWNsZQ==&quot;, &quot;event&quot;: &quot;customEventSPE&quot;}\" target=\"_blank\" rel=\"noopener\"><br \/>\n                    Connectez-vous<br \/>\n                <\/a>\n            <\/p>\n","protected":false},"excerpt":{"rendered":"D\u00c9CRYPTAGE &#8211; En soutenant la compagnie mini\u00e8re am\u00e9ricaine MP Materials, le d\u00e9partement de la D\u00e9fense a fait bondir&hellip;\n","protected":false},"author":2,"featured_media":350944,"comment_status":"","ping_status":"","sticky":false,"template":"","format":"standard","meta":{"footnotes":""},"categories":[6],"tags":[35,309,33,34,73,1011,27,20566],"class_list":{"0":"post-350943","1":"post","2":"type-post","3":"status-publish","4":"format-standard","5":"has-post-thumbnail","7":"category-economie","8":"tag-business","9":"tag-chine","10":"tag-economie","11":"tag-economy","12":"tag-etats-unis","13":"tag-fr","14":"tag-france","15":"tag-terres-rares"},"share_on_mastodon":{"url":"https:\/\/pubeurope.com\/@fr\/115109175288817747","error":""},"_links":{"self":[{"href":"https:\/\/www.europesays.com\/fr\/wp-json\/wp\/v2\/posts\/350943","targetHints":{"allow":["GET"]}}],"collection":[{"href":"https:\/\/www.europesays.com\/fr\/wp-json\/wp\/v2\/posts"}],"about":[{"href":"https:\/\/www.europesays.com\/fr\/wp-json\/wp\/v2\/types\/post"}],"author":[{"embeddable":true,"href":"https:\/\/www.europesays.com\/fr\/wp-json\/wp\/v2\/users\/2"}],"replies":[{"embeddable":true,"href":"https:\/\/www.europesays.com\/fr\/wp-json\/wp\/v2\/comments?post=350943"}],"version-history":[{"count":0,"href":"https:\/\/www.europesays.com\/fr\/wp-json\/wp\/v2\/posts\/350943\/revisions"}],"wp:featuredmedia":[{"embeddable":true,"href":"https:\/\/www.europesays.com\/fr\/wp-json\/wp\/v2\/media\/350944"}],"wp:attachment":[{"href":"https:\/\/www.europesays.com\/fr\/wp-json\/wp\/v2\/media?parent=350943"}],"wp:term":[{"taxonomy":"category","embeddable":true,"href":"https:\/\/www.europesays.com\/fr\/wp-json\/wp\/v2\/categories?post=350943"},{"taxonomy":"post_tag","embeddable":true,"href":"https:\/\/www.europesays.com\/fr\/wp-json\/wp\/v2\/tags?post=350943"}],"curies":[{"name":"wp","href":"https:\/\/api.w.org\/{rel}","templated":true}]}}