{"id":350945,"date":"2025-08-29T00:16:11","date_gmt":"2025-08-29T00:16:11","guid":{"rendered":"https:\/\/www.europesays.com\/fr\/350945\/"},"modified":"2025-08-29T00:16:11","modified_gmt":"2025-08-29T00:16:11","slug":"le-conseil-de-securite-de-lonu-decide-du-depart-des-casques-bleus-en-2027","status":"publish","type":"post","link":"https:\/\/www.europesays.com\/fr\/350945\/","title":{"rendered":"le Conseil de s\u00e9curit\u00e9 de l\u2019ONU d\u00e9cide du d\u00e9part des casques bleus en\u00a02027"},"content":{"rendered":"<p>                          <img loading=\"lazy\" decoding=\"async\" src=\"https:\/\/www.europesays.com\/fr\/wp-content\/uploads\/2025\/08\/ddab246_ftp-import-images-1-sodajonqdvo7-2025-08-27t215854z-1413406549-rc2pdca5d8w7-rtrmadp-3-lebano.jpeg\" alt=\"Des v\u00e9hicules de la Force int\u00e9rimaire des Nations unies au Liban (Finul), \u00e0 Marjeyoun, dans le sud du pays, le\u00a020\u00a0janvier\u00a02025.\"   width=\"664\" height=\"443\"\/>    Des v\u00e9hicules de la Force int\u00e9rimaire des Nations unies au Liban (Finul), \u00e0 Marjeyoun, dans le sud du pays, le\u00a020\u00a0janvier\u00a02025.  MOHAMED AZAKIR \/ REUTERS                          <\/p>\n<p class=\"article__paragraph  \">Le Conseil de s\u00e9curit\u00e9 de l\u2019Organisation des Nations unies (ONU) a d\u00e9cid\u00e9, jeudi 28\u00a0ao\u00fbt, de prolonger le mandat de la Force de maintien de la paix dans le sud du Liban (Finul) et de programmer son retrait en\u00a02027, un d\u00e9part r\u00e9clam\u00e9 par Isra\u00ebl et les Etats-Unis.<\/p>\n<p class=\"article__paragraph  \">La r\u00e9solution, adopt\u00e9e \u00e0 l\u2019unanimit\u00e9, \u00ab\u00a0d\u00e9cide de prolonger pour une derni\u00e8re fois le mandat de la Finul (\u2026) jusqu\u2019au 31\u00a0d\u00e9cembre\u00a02026 et de commencer une r\u00e9duction et un retrait ordonn\u00e9s et s\u00fbrs \u00e0 partir du 31\u00a0d\u00e9cembre\u00a02026 et dans un d\u00e9lai d\u2019un an\u00a0\u00bb.<\/p>\n<p class=\"article__paragraph  \">Le premier ministre libanais, Nawaf Salam, a salu\u00e9 cette d\u00e9cision et remerci\u00e9 la France, \u00e0\u00a0l\u2019origine de cette proposition, ainsi que \u00ab\u00a0tous les Etats amis\u00a0\u00bb membres du Conseil de s\u00e9curit\u00e9 \u00ab\u00a0qui ont fait preuve de compr\u00e9hension \u00e0 l\u2019\u00e9gard des pr\u00e9occupations du Liban\u00a0\u00bb.<\/p>\n<p>                                       Lire aussi |  Article r\u00e9serv\u00e9 \u00e0 nos abonn\u00e9s  <a href=\"https:\/\/www.lemonde.fr\/international\/article\/2025\/03\/03\/israel-entend-se-maintenir-au-liban-sud_6574915_3210.html\" class=\"js-article-read-also catcher--favoris__link\" data-premium=\"1\" id=\"article-title-3412446\" rel=\"nofollow noopener\" target=\"_blank\">Isra\u00ebl entend se maintenir au Liban sud<\/a>    <\/p>\n<p>   Lire plus tard  <\/p>\n<p class=\"article__paragraph  \">La Finul joue un r\u00f4le important dans la surveillance de la situation s\u00e9curitaire dans le sud du pays du C\u00e8dre depuis des d\u00e9cennies. Elle a toutefois suscit\u00e9 des critiques, notamment de l\u2019administration Trump qui a d\u00e9cid\u00e9 de r\u00e9duire drastiquement le financement am\u00e9ricain de l\u2019op\u00e9ration. \u00ab\u00a0L\u2019environnement s\u00e9curitaire au Liban est radicalement diff\u00e9rent de celui d\u2019il y a un an, ce qui cr\u00e9e un espace pour que [ce pays] assume une plus grande responsabilit\u00e9\u00a0\u00bb, a d\u00e9clar\u00e9 l\u2019ambassadrice am\u00e9ricaine aux Nations unies, Dorothy Shea.<\/p>\n<p class=\"article__paragraph  \">\u00ab\u00a0Pour une fois, nous avons une bonne nouvelle de l\u2019ONU\u00a0\u00bb, a d\u00e9clar\u00e9, de son c\u00f4t\u00e9, Danny Danon, l\u2019ambassadeur isra\u00e9lien \u00e0 l\u2019ONU, dans un message vid\u00e9o, accusant la Finul d\u2019avoir \u00e9chou\u00e9 \u00e0\u00a0emp\u00eacher le Hezbollah, le parti pro-iranien, de \u00ab\u00a0prendre le contr\u00f4le de la r\u00e9gion\u00a0\u00bb.<\/p>\n<p>                    Le Liban doit devenir \u00ab\u00a0l\u2019unique garant de la s\u00e9curit\u00e9\u00a0\u00bb dans le Sud                    <\/p>\n<p class=\"article__paragraph  \">La Finul a \u00e9t\u00e9 cr\u00e9\u00e9e pour superviser le retrait des troupes de l\u2019Etat h\u00e9breu du sud du Liban apr\u00e8s l\u2019invasion isra\u00e9lienne de 1978. Sa mission a \u00e9t\u00e9 \u00e9largie apr\u00e8s la guerre de 2006 entre Isra\u00ebl et le Hezbollah, qui avait dur\u00e9 un mois. Apr\u00e8s le nouveau conflit, en\u00a02024, entre l\u2019Etat h\u00e9breu et le groupe militant, les responsables libanais ont appel\u00e9 au maintien de la Finul, affirmant que l\u2019arm\u00e9e du pays, \u00e0 court d\u2019argent et surmen\u00e9e, \u00e9tait dans l\u2019impossibilit\u00e9 de patrouiller sur toute la zone par elle-m\u00eame.<\/p>\n<p class=\"article__paragraph  \">La r\u00e9solution de l\u2019ONU adopt\u00e9e jeudi \u2013 et parrain\u00e9e par la France \u2013 donne \u00e0 la Finul jusqu\u2019au 31\u00a0d\u00e9cembre\u00a02027\u00a0pour retirer ses 10\u00a0800 militaires et civils, ainsi que tout son \u00e9quipement. Durant cette p\u00e9riode, la force internationale est autoris\u00e9e \u00e0 mener quelques activit\u00e9s limit\u00e9es, comme assurer la s\u00e9curit\u00e9 et l\u2019assistance au personnel de l\u2019ONU, ou contribuer \u00e0 la protection des civils et \u00e0 l\u2019acheminement en toute s\u00e9curit\u00e9 de l\u2019aide humanitaire.<\/p>\n<p>                                       Lire aussi |  Article r\u00e9serv\u00e9 \u00e0 nos abonn\u00e9s  <a href=\"https:\/\/www.lemonde.fr\/international\/article\/2024\/10\/14\/la-finul-une-force-internationale-dont-l-histoire-s-entremele-aux-tragedies-du-sud-du-liban_6351510_3210.html\" class=\"js-article-read-also catcher--favoris__link\" data-premium=\"1\" id=\"article-title-3393493\" rel=\"nofollow noopener\" target=\"_blank\">La Finul, une force internationale dont l\u2019histoire s\u2019entrem\u00eale aux trag\u00e9dies du sud du Liban<\/a>    <\/p>\n<p>   Lire plus tard  <\/p>\n<p class=\"article__paragraph  \">La r\u00e9solution de l\u2019ONU affirme que l\u2019objectif est de faire du gouvernement libanais \u00ab\u00a0l\u2019unique garant de la s\u00e9curit\u00e9\u00a0\u00bb dans le sud du pays, au nord de la fronti\u00e8re avec Isra\u00ebl, trac\u00e9e par l\u2019ONU et connue sous le nom de \u00ab\u00a0ligne bleue\u00a0\u00bb. Elle appelle l\u2019Etat h\u00e9breu \u00e0 retirer ses forces du nord de cette ligne.<\/p>\n<p> Le Monde M\u00e9morable  <\/p>\n<p> <a href=\"https:\/\/www.lemonde.fr\/memorable\/?rfextension=inread\" class=\"inread__link js-services-inread-link\" target=\"_blank\" rel=\"nofollow noopener\">  <\/p>\n<p>Testez votre culture g\u00e9n\u00e9rale avec la r\u00e9daction du \u00ab Monde \u00bb<\/p>\n<p>Testez votre culture g\u00e9n\u00e9rale avec la r\u00e9daction du \u00ab Monde \u00bb<\/p>\n<p>D\u00e9couvrir<\/p>\n<p> <\/a>      <\/p>\n<p> Newsletter  <\/p>\n<p> <a href=\"https:\/\/www.lemonde.fr\/newsletters\/a-la-une\/\" class=\"inread__link js-services-inread-link\" target=\"_blank\" rel=\"nofollow noopener\">  <\/p>\n<p>\u00ab A la une \u00bb<\/p>\n<p>Chaque matin, parcourez l&rsquo;essentiel de l&rsquo;actualit\u00e9 du jour avec les derniers titres du \u00ab Monde \u00bb<\/p>\n<p>S&rsquo;inscrire<\/p>\n<p> <\/a>          <\/p>\n<p> Le Monde Application  <\/p>\n<p> <a href=\"https:\/\/lamatinale.onelink.me\/gKMy\/ahw2ubr3\" class=\"inread__link js-services-inread-link\" target=\"_blank\" rel=\"nofollow noopener\">  <\/p>\n<p>La Matinale du Monde<\/p>\n<p>Chaque matin, retrouvez notre s\u00e9lection de 20 articles \u00e0 ne pas manquer <\/p>\n<p>T\u00e9l\u00e9charger l&rsquo;application<\/p>\n<p> <\/a>      <\/p>\n<p> Newsletter abonn\u00e9s  <\/p>\n<p> <a href=\"https:\/\/www.lemonde.fr\/newsletters\/international\/\" class=\"inread__link js-services-inread-link\" target=\"_blank\" rel=\"nofollow noopener\">  <\/p>\n<p>\u00ab International \u00bb<\/p>\n<p>L\u2019essentiel de l\u2019actualit\u00e9 internationale de la semaine<\/p>\n<p>S&rsquo;inscrire<\/p>\n<p> <\/a>             <\/p>\n<p class=\"article__paragraph  \">Les pays europ\u00e9ens, notamment la France et l\u2019Italie, se sont oppos\u00e9s \u00e0 un retrait trop rapide de la Finul. Ils ont fait valoir que mettre fin \u00e0 la mission de maintien de la paix avant que l\u2019arm\u00e9e libanaise ne soit en mesure de s\u00e9curiser pleinement la zone frontali\u00e8re cr\u00e9erait un vide que le Hezbollah pourrait exploiter.<\/p>\n<p class=\"article__paragraph  \">L\u2019ambassadeur adjoint de la France \u00e0 l\u2019ONU, Jay Dharmadhikari, a\u00a0salu\u00e9 le vote unanime, affirmant que la cessation des hostilit\u00e9s entre Isra\u00ebl et le Hezbollah en\u00a0novembre\u00a02024\u00a0pla\u00e7ait le pays du C\u00e8dre sur la voie de la reconqu\u00eate de sa souverainet\u00e9 sur l\u2019ensemble de son territoire et vers la stabilit\u00e9 r\u00e9gionale. Selon lui, les op\u00e9rations en cours de la Finul sont toujours vitales, soulignant que son mandat jusqu\u2019\u00e0 la fin de 2026 donnera \u00e0 la force \u00ab\u00a0un temps pr\u00e9cieux (\u2026) pour travailler aux c\u00f4t\u00e9s des capacit\u00e9s croissantes de la branche libanaise afin que la souverainet\u00e9 puisse \u00eatre \u00e9tendue sur tout le territoire\u00a0\u00bb. M.\u00a0Dharmadhikari a averti que \u00ab\u00a0tout retrait pr\u00e9matur\u00e9 pourrait compromettre ou m\u00eame affaiblir\u00a0\u00bb cet effort.<\/p>\n<p>                    Craintes sur la stabilit\u00e9 de la r\u00e9gion                    <\/p>\n<p class=\"article__paragraph  \">Les Etats-Unis ont salu\u00e9 les progr\u00e8s du d\u00e9ploiement des forces libanaises, a d\u00e9clar\u00e9 l\u2019ambassadrice am\u00e9ricaine Dorothy Shea, et continueront \u00e0 travailler avec elles \u00ab\u00a0pour \u00e9tendre leurs capacit\u00e9s alors que le Liban accomplit son travail essentiel de d\u00e9sarmement du Hezbollah\u00a0\u00bb.<\/p>\n<p>                                       Lire aussi |  Article r\u00e9serv\u00e9 \u00e0 nos abonn\u00e9s  <a href=\"https:\/\/www.lemonde.fr\/international\/article\/2025\/08\/27\/au-liban-la-demilitarisation-du-hezbollah-conclue-avec-les-etats-unis-patine_6636356_3210.html\" class=\"js-article-read-also catcher--favoris__link\" data-premium=\"1\" id=\"article-title-3435503\" rel=\"nofollow noopener\" target=\"_blank\">Au Liban, la d\u00e9militarisation du Hezbollah, conclue avec les Etats-Unis, patine<\/a>    <\/p>\n<p>   Lire plus tard  <\/p>\n<p class=\"article__paragraph  \">Mais certains craignent pour la stabilit\u00e9 de la r\u00e9gion apr\u00e8s le d\u00e9part des soldats de la Finul. L\u2019ambassadeur alg\u00e9rien \u00e0 l\u2019ONU, Amar Bendjama, repr\u00e9sentant arabe au Conseil de s\u00e9curit\u00e9, a\u00a0soulign\u00e9 qu\u2019elle \u00ab\u00a0demeure indispensable \u00e0 la stabilit\u00e9 au Liban et dans la r\u00e9gion\u00a0\u00bb en jouant un r\u00f4le cl\u00e9 dans la d\u00e9sescalade des tensions, en soutenant la cessation des hostilit\u00e9s et en permettant aux forces libanaises de se d\u00e9ployer dans le Sud. D\u00e9clarant que les forces isra\u00e9liennes sont toujours pr\u00e9sentes au Liban en violation des accords pass\u00e9s, M.\u00a0Bendjama a\u00a0averti que \u00ab\u00a0sans mettre fin \u00e0 l\u2019occupation isra\u00e9lienne des terres arabes, la paix et la stabilit\u00e9 dans la r\u00e9gion resteront insaisissables\u00a0\u00bb.<\/p>\n<p class=\"article__paragraph  \">La r\u00e9solution du Conseil de s\u00e9curit\u00e9 de l\u2019ONU exhorte la communaut\u00e9 internationale \u00ab\u00a0\u00e0\u00a0intensifier son soutien, notamment en mati\u00e8re d\u2019\u00e9quipement, de mat\u00e9riel et de financement\u00a0\u00bb aux forces arm\u00e9es libanaises.<\/p>\n<p>                                       Lire aussi |  Article r\u00e9serv\u00e9 \u00e0 nos abonn\u00e9s  <a href=\"https:\/\/www.lemonde.fr\/international\/article\/2025\/08\/07\/des-ecoles-du-liban-sud-ont-ete-vandalisees-par-l-armee-israelienne-et-d-autres-detruites-a-gaza-selon-human-rights-watch_6627285_3210.html\" class=\"js-article-read-also catcher--favoris__link\" data-premium=\"1\" id=\"article-title-3433844\" rel=\"nofollow noopener\" target=\"_blank\">Des \u00e9coles du Liban sud ont \u00e9t\u00e9 vandalis\u00e9es par l\u2019arm\u00e9e isra\u00e9lienne, et d\u2019autres d\u00e9truites \u00e0 Gaza, selon Human Rights Watch<\/a>    <\/p>\n<p>   Lire plus tard  <\/p>\n<p class=\"author__detail\">  Le Monde avec AP et AFP  <\/p>\n<p>                  <a href=\"https:\/\/www.lemonde.fr\/syndication\/\" class=\"reuse__content\" title=\"R\u00e9utiliser ce contenu\" target=\"_blank\" rel=\"nofollow noopener\">R\u00e9utiliser ce contenu<\/a>      <\/p>\n","protected":false},"excerpt":{"rendered":"Des v\u00e9hicules de la Force int\u00e9rimaire des Nations unies au Liban (Finul), \u00e0 Marjeyoun, dans le sud du&hellip;\n","protected":false},"author":2,"featured_media":350946,"comment_status":"","ping_status":"","sticky":false,"template":"","format":"standard","meta":{"footnotes":""},"categories":[5],"tags":[11,1011,27,14,12,28],"class_list":{"0":"post-350945","1":"post","2":"type-post","3":"status-publish","4":"format-standard","5":"has-post-thumbnail","7":"category-international","8":"tag-actualites","9":"tag-fr","10":"tag-france","11":"tag-international","12":"tag-news","13":"tag-world"},"share_on_mastodon":{"url":"https:\/\/pubeurope.com\/@fr\/115109179259425693","error":""},"_links":{"self":[{"href":"https:\/\/www.europesays.com\/fr\/wp-json\/wp\/v2\/posts\/350945","targetHints":{"allow":["GET"]}}],"collection":[{"href":"https:\/\/www.europesays.com\/fr\/wp-json\/wp\/v2\/posts"}],"about":[{"href":"https:\/\/www.europesays.com\/fr\/wp-json\/wp\/v2\/types\/post"}],"author":[{"embeddable":true,"href":"https:\/\/www.europesays.com\/fr\/wp-json\/wp\/v2\/users\/2"}],"replies":[{"embeddable":true,"href":"https:\/\/www.europesays.com\/fr\/wp-json\/wp\/v2\/comments?post=350945"}],"version-history":[{"count":0,"href":"https:\/\/www.europesays.com\/fr\/wp-json\/wp\/v2\/posts\/350945\/revisions"}],"wp:featuredmedia":[{"embeddable":true,"href":"https:\/\/www.europesays.com\/fr\/wp-json\/wp\/v2\/media\/350946"}],"wp:attachment":[{"href":"https:\/\/www.europesays.com\/fr\/wp-json\/wp\/v2\/media?parent=350945"}],"wp:term":[{"taxonomy":"category","embeddable":true,"href":"https:\/\/www.europesays.com\/fr\/wp-json\/wp\/v2\/categories?post=350945"},{"taxonomy":"post_tag","embeddable":true,"href":"https:\/\/www.europesays.com\/fr\/wp-json\/wp\/v2\/tags?post=350945"}],"curies":[{"name":"wp","href":"https:\/\/api.w.org\/{rel}","templated":true}]}}