{"id":350949,"date":"2025-08-29T00:18:12","date_gmt":"2025-08-29T00:18:12","guid":{"rendered":"https:\/\/www.europesays.com\/fr\/350949\/"},"modified":"2025-08-29T00:18:12","modified_gmt":"2025-08-29T00:18:12","slug":"laches-par-francois-bayrou-les-ministres-dechantent-en-choeur-liberation","status":"publish","type":"post","link":"https:\/\/www.europesays.com\/fr\/350949\/","title":{"rendered":"L\u00e2ch\u00e9s par Fran\u00e7ois Bayrou, les ministres d\u00e9chantent en ch\u0153ur \u2013 Lib\u00e9ration"},"content":{"rendered":"<p class=\"sc-ksZaOG ehjQrN text-element\">Ils sont 35 naufrag\u00e9s, observant leur capitaine \u00e9largir chaque jour un peu plus le trou qu\u2019il a perc\u00e9 dans la coque. Rien pour sauver les ministres de Fran\u00e7ois Bayrou, <a href=\"https:\/\/www.liberation.fr\/politique\/vote-de-confiance-au-gouvernement-bayrou-lidee-de-deni-de-la-macronie-20250826_WV62Q4RXRBCFJFDVNAL3JP3N5I\/?redirected=1\" target=\"_blank\" rel=\"noreferrer noopener\" title=\"https:\/\/www.liberation.fr\/politique\/vote-de-confiance-au-gouvernement-bayrou-lidee-de-deni-de-la-macronie-20250826_WV62Q4RXRBCFJFDVNAL3JP3N5I\/?redirected=1\">promis le 8 septembre \u00e0 un vote de confiance perdu<\/a> sur sa trajectoire de r\u00e9tablissement des finances publiques. Les invitations que le Premier ministre a fini par lancer aux oppositions \u00e0 partir du 1er septembre, sur les conseils pressants d\u2019Emmanuel Macron ? Un coup d\u2019\u00e9p\u00e9e dans l\u2019eau : le PS et le RN s\u2019y rendront sans changer leur vote, La France insoumise et Les Ecologistes ont d\u00e9clin\u00e9. La tourn\u00e9e de Bayrou pour rallier l\u2019opinion \u00e0 ses alertes sur la dette ? Des gaffes en s\u00e9rie. Le Premier ministre a constern\u00e9 ses soutiens en d\u00e9clarant mercredi sur TF1 que <a href=\"https:\/\/www.liberation.fr\/politique\/ils-etaient-en-vacances-lexcuse-moisie-de-francois-bayrou-degommee-par-les-oppositions-20250828_ZFLV3BTQD5FITGUV3IAXYKQ2WA\/\" target=\"_blank\" rel=\"noreferrer noopener\" title=\"https:\/\/www.liberation.fr\/politique\/ils-etaient-en-vacances-lexcuse-moisie-de-francois-bayrou-degommee-par-les-oppositions-20250828_ZFLV3BTQD5FITGUV3IAXYKQ2WA\/\">les \u00abvacances\u00bb des ch<\/a><\/p>\n","protected":false},"excerpt":{"rendered":"Ils sont 35 naufrag\u00e9s, observant leur capitaine \u00e9largir chaque jour un peu plus le trou qu\u2019il a perc\u00e9&hellip;\n","protected":false},"author":2,"featured_media":350950,"comment_status":"","ping_status":"","sticky":false,"template":"","format":"standard","meta":{"footnotes":""},"categories":[2],"tags":[11,1073,1011,27,431,418,12],"class_list":{"0":"post-350949","1":"post","2":"type-post","3":"status-publish","4":"format-standard","5":"has-post-thumbnail","7":"category-actualites","8":"tag-actualites","9":"tag-emmanuel-macron","10":"tag-fr","11":"tag-france","12":"tag-francois-bayrou","13":"tag-gouvernement","14":"tag-news"},"share_on_mastodon":{"url":"https:\/\/pubeurope.com\/@fr\/115109187009504571","error":""},"_links":{"self":[{"href":"https:\/\/www.europesays.com\/fr\/wp-json\/wp\/v2\/posts\/350949","targetHints":{"allow":["GET"]}}],"collection":[{"href":"https:\/\/www.europesays.com\/fr\/wp-json\/wp\/v2\/posts"}],"about":[{"href":"https:\/\/www.europesays.com\/fr\/wp-json\/wp\/v2\/types\/post"}],"author":[{"embeddable":true,"href":"https:\/\/www.europesays.com\/fr\/wp-json\/wp\/v2\/users\/2"}],"replies":[{"embeddable":true,"href":"https:\/\/www.europesays.com\/fr\/wp-json\/wp\/v2\/comments?post=350949"}],"version-history":[{"count":0,"href":"https:\/\/www.europesays.com\/fr\/wp-json\/wp\/v2\/posts\/350949\/revisions"}],"wp:featuredmedia":[{"embeddable":true,"href":"https:\/\/www.europesays.com\/fr\/wp-json\/wp\/v2\/media\/350950"}],"wp:attachment":[{"href":"https:\/\/www.europesays.com\/fr\/wp-json\/wp\/v2\/media?parent=350949"}],"wp:term":[{"taxonomy":"category","embeddable":true,"href":"https:\/\/www.europesays.com\/fr\/wp-json\/wp\/v2\/categories?post=350949"},{"taxonomy":"post_tag","embeddable":true,"href":"https:\/\/www.europesays.com\/fr\/wp-json\/wp\/v2\/tags?post=350949"}],"curies":[{"name":"wp","href":"https:\/\/api.w.org\/{rel}","templated":true}]}}