{"id":350951,"date":"2025-08-29T00:19:13","date_gmt":"2025-08-29T00:19:13","guid":{"rendered":"https:\/\/www.europesays.com\/fr\/350951\/"},"modified":"2025-08-29T00:19:13","modified_gmt":"2025-08-29T00:19:13","slug":"cet-institut-de-sondage-enregistre-35-de-chiffre-daffaires","status":"publish","type":"post","link":"https:\/\/www.europesays.com\/fr\/350951\/","title":{"rendered":"cet institut de sondage enregistre +35% de chiffre d&rsquo;affaires"},"content":{"rendered":"<p>La loi impose aux bailleurs sociaux de r\u00e9aliser, au moins tous les deux ans, une enqu\u00eate de satisfaction aupr\u00e8s de leurs locataires. Une poign\u00e9e d\u2019acteurs, des instituts sp\u00e9cialis\u00e9s, se partagent ce march\u00e9. Parmi eux, le St\u00e9phanois Ensome (Ex-Effitel), cr\u00e9\u00e9 il y a vingt-trois ans par Gilles Mathoulin et Marie Ferlat.<\/p>\n<p>Le duo d\u2019entrepreneurs, aujourd\u2019hui \u00e0 la t\u00eate d\u2019une quarantaine de salari\u00e9s (des vacataires r\u00e9guliers pour la plupart), estime d\u00e9tenir environ 20\u00a0% des parts de ce march\u00e9. Ce champ d\u2019activit\u00e9 repr\u00e9sentant plus des trois quarts de son chiffre d\u2019affaires&#8230;.<\/p>\n","protected":false},"excerpt":{"rendered":"La loi impose aux bailleurs sociaux de r\u00e9aliser, au moins tous les deux ans, une enqu\u00eate de satisfaction&hellip;\n","protected":false},"author":2,"featured_media":350952,"comment_status":"","ping_status":"","sticky":false,"template":"","format":"standard","meta":{"footnotes":""},"categories":[9653],"tags":[1111,11,2430,33,7539,1777,674,1011,27,693,3367,12,25,4001,7538],"class_list":{"0":"post-350951","1":"post","2":"type-post","3":"status-publish","4":"format-standard","5":"has-post-thumbnail","7":"category-saint-etienne","8":"tag-actu","9":"tag-actualites","10":"tag-auvergne-rhone-alpes","11":"tag-economie","12":"tag-edition-loire-sud","13":"tag-eu","14":"tag-europe","15":"tag-fr","16":"tag-france","17":"tag-industrie","18":"tag-loire","19":"tag-news","20":"tag-republique-francaise","21":"tag-saint-etienne","22":"tag-saint-etienne-ville"},"share_on_mastodon":{"url":"https:\/\/pubeurope.com\/@fr\/115109191002299114","error":""},"_links":{"self":[{"href":"https:\/\/www.europesays.com\/fr\/wp-json\/wp\/v2\/posts\/350951","targetHints":{"allow":["GET"]}}],"collection":[{"href":"https:\/\/www.europesays.com\/fr\/wp-json\/wp\/v2\/posts"}],"about":[{"href":"https:\/\/www.europesays.com\/fr\/wp-json\/wp\/v2\/types\/post"}],"author":[{"embeddable":true,"href":"https:\/\/www.europesays.com\/fr\/wp-json\/wp\/v2\/users\/2"}],"replies":[{"embeddable":true,"href":"https:\/\/www.europesays.com\/fr\/wp-json\/wp\/v2\/comments?post=350951"}],"version-history":[{"count":0,"href":"https:\/\/www.europesays.com\/fr\/wp-json\/wp\/v2\/posts\/350951\/revisions"}],"wp:featuredmedia":[{"embeddable":true,"href":"https:\/\/www.europesays.com\/fr\/wp-json\/wp\/v2\/media\/350952"}],"wp:attachment":[{"href":"https:\/\/www.europesays.com\/fr\/wp-json\/wp\/v2\/media?parent=350951"}],"wp:term":[{"taxonomy":"category","embeddable":true,"href":"https:\/\/www.europesays.com\/fr\/wp-json\/wp\/v2\/categories?post=350951"},{"taxonomy":"post_tag","embeddable":true,"href":"https:\/\/www.europesays.com\/fr\/wp-json\/wp\/v2\/tags?post=350951"}],"curies":[{"name":"wp","href":"https:\/\/api.w.org\/{rel}","templated":true}]}}