{"id":350958,"date":"2025-08-29T00:23:13","date_gmt":"2025-08-29T00:23:13","guid":{"rendered":"https:\/\/www.europesays.com\/fr\/350958\/"},"modified":"2025-08-29T00:23:13","modified_gmt":"2025-08-29T00:23:13","slug":"le-maire-annule-une-conference-dandre-prone","status":"publish","type":"post","link":"https:\/\/www.europesays.com\/fr\/350958\/","title":{"rendered":"Le maire annule une conf\u00e9rence d\u2019Andr\u00e9 Prone"},"content":{"rendered":"\n<p>Il y a des revirements qui forc\u00e9ment interrogent. Celui de la commune d\u2019Ollioules concernant une conf\u00e9rence programm\u00e9e pour avril 2026 dans le cadre de l\u2019Universit\u00e9 du temps libre d\u2019Ollioules en fait manifestement partie. L\u2019annulation sans r\u00e9elle explication de cette derni\u00e8re intitul\u00e9e \u00ab\u00a0Urbanisation globale, r\u00e9sistances locales\u00a0: pour une autre id\u00e9e de la ville\u00a0\u00bb, fait r\u00e9agir en tout cas l\u2019intervenant soudain \u00ab\u00a0censur\u00e9\u00a0\u00bb. L\u2019environnementaliste et essayiste varois Andr\u00e9 Prone pose, pour le moins, que manifestement \u00ab\u00a0la pens\u00e9e urbaine d\u00e9range\u00a0\u00bb.<\/p>\n<p>\u00ab\u00a0Tout avait pourtant \u00e9t\u00e9 valid\u00e9\u00a0: un accord officiel, une date retenue, un engagement \u00e9crit, une demande de visuel, une fiche administrative compl\u00e8te transmise \u00e0 la mairie\u00a0\u00bb, d\u00e9taille-t-il. Un module propos\u00e9 par l\u2019auteur dans le cadre d\u2019un cycle intitul\u00e9 \u00ab\u00a0La ville, une aventure collective\u00a0\u00bb, \u00ab\u00a0centr\u00e9 sur les tensions qui traversent l\u2019espace urbain contemporain, \u00e0 partir notamment des travaux du sociologue Henri Lefebvre\u00a0\u00bb.<\/p>\n<p>Rien donc d\u2019outrageusement subversif ou r\u00e9volutionnaire susceptible de nuire \u00e0 l\u2019ordre public. M\u00eame s\u2019il s\u2019agissait bien \u00e9videmment de \u00ab\u00a0questionner nos villes comme espaces politiques, sociaux, v\u00e9cus&#8230; et parfois oubli\u00e9s des d\u00e9cisions d\u00e9mocratiques\u00a0\u00bb. Cela a semble-t-il suffit \u00e0 heurter la sensibilit\u00e9 droiti\u00e8re de l\u2019\u00e9dile. Parfois, il en faut peu.<\/p>\n<p>\u00ab\u00a0J\u2019ai re\u00e7u un simple appel t\u00e9l\u00e9phonique suivi d\u2019un courriel, quelques jours apr\u00e8s une relance enthousiaste de la mairie et la r\u00e9ception de mes documents administratifs, m\u2019informant que \u00ab\u00a0Monsieur le maire avait finalement d\u00e9cid\u00e9 de ne pas retenir\u00a0\u00bb ma proposition\u00a0\u00bb, s\u2019\u00e9tonne Andr\u00e9 Prone. C\u2019est s\u00fbr que le d\u00e9ficit d\u2019explication pour motiver ce renoncement autorise toutes les sp\u00e9culations. La premi\u00e8re interpr\u00e9tation conduisant \u00e0 supposer un refus tout bonnement politique. Et \u00e7a c\u2019est emb\u00eatant.<\/p>\n<p>S\u00fbrement un malentendu.<\/p>\n","protected":false},"excerpt":{"rendered":"Il y a des revirements qui forc\u00e9ment interrogent. Celui de la commune d\u2019Ollioules concernant une conf\u00e9rence programm\u00e9e pour&hellip;\n","protected":false},"author":2,"featured_media":350959,"comment_status":"","ping_status":"","sticky":false,"template":"","format":"standard","meta":{"footnotes":""},"categories":[9619],"tags":[1111,11,6211,1777,674,1011,27,12,882,25,2310],"class_list":{"0":"post-350958","1":"post","2":"type-post","3":"status-publish","4":"format-standard","5":"has-post-thumbnail","7":"category-toulon","8":"tag-actu","9":"tag-actualites","10":"tag-conference","11":"tag-eu","12":"tag-europe","13":"tag-fr","14":"tag-france","15":"tag-news","16":"tag-provence-alpes-cote-dazur","17":"tag-republique-francaise","18":"tag-toulon"},"share_on_mastodon":{"url":"https:\/\/pubeurope.com\/@fr\/115109206918676919","error":""},"_links":{"self":[{"href":"https:\/\/www.europesays.com\/fr\/wp-json\/wp\/v2\/posts\/350958","targetHints":{"allow":["GET"]}}],"collection":[{"href":"https:\/\/www.europesays.com\/fr\/wp-json\/wp\/v2\/posts"}],"about":[{"href":"https:\/\/www.europesays.com\/fr\/wp-json\/wp\/v2\/types\/post"}],"author":[{"embeddable":true,"href":"https:\/\/www.europesays.com\/fr\/wp-json\/wp\/v2\/users\/2"}],"replies":[{"embeddable":true,"href":"https:\/\/www.europesays.com\/fr\/wp-json\/wp\/v2\/comments?post=350958"}],"version-history":[{"count":0,"href":"https:\/\/www.europesays.com\/fr\/wp-json\/wp\/v2\/posts\/350958\/revisions"}],"wp:featuredmedia":[{"embeddable":true,"href":"https:\/\/www.europesays.com\/fr\/wp-json\/wp\/v2\/media\/350959"}],"wp:attachment":[{"href":"https:\/\/www.europesays.com\/fr\/wp-json\/wp\/v2\/media?parent=350958"}],"wp:term":[{"taxonomy":"category","embeddable":true,"href":"https:\/\/www.europesays.com\/fr\/wp-json\/wp\/v2\/categories?post=350958"},{"taxonomy":"post_tag","embeddable":true,"href":"https:\/\/www.europesays.com\/fr\/wp-json\/wp\/v2\/tags?post=350958"}],"curies":[{"name":"wp","href":"https:\/\/api.w.org\/{rel}","templated":true}]}}