{"id":350960,"date":"2025-08-29T00:24:13","date_gmt":"2025-08-29T00:24:13","guid":{"rendered":"https:\/\/www.europesays.com\/fr\/350960\/"},"modified":"2025-08-29T00:24:13","modified_gmt":"2025-08-29T00:24:13","slug":"refuse-a-lentree-dun-restaurant-avec-son-chien-guide-il-porte-plainte-2","status":"publish","type":"post","link":"https:\/\/www.europesays.com\/fr\/350960\/","title":{"rendered":"Refus\u00e9 \u00e0 l\u2019entr\u00e9e d\u2019un restaurant avec son chien guide, il porte plainte"},"content":{"rendered":"<p>A <a href=\"https:\/\/www.20minutes.fr\/dossier\/toulon\" target=\"_blank\" class=\"c-link c-link--is-underlined\" rel=\"nofollow noopener\">Toulon<\/a>, un retrait\u00e9 <a href=\"https:\/\/www.20minutes.fr\/dossier\/aveugle\" target=\"_blank\" class=\"c-link c-link--is-underlined\" rel=\"nofollow noopener\">malvoyant<\/a> a \u00e9t\u00e9 refoul\u00e9 d\u2019un <a href=\"https:\/\/www.20minutes.fr\/dossier\/restaurant\" target=\"_blank\" class=\"c-link c-link--is-underlined\" rel=\"nofollow noopener\">restaurant<\/a> car il \u00e9tait accompagn\u00e9 de son chien guide, rapporte <a href=\"https:\/\/www.varmatin.com\/vie-locale\/a-toulon-il-est-refuse-au-resto-car-accompagne-de-son-chien-guide-999254\" rel=\"nofollow noopener\" target=\"_blank\" class=\"c-link c-link--is-underlined\">Var-Matin<\/a>. Il a port\u00e9 plainte pour discrimination, d\u00e9non\u00e7ant une nouvelle entrave \u00e0 sa libert\u00e9 de d\u00e9placement.<\/p>\n<p>Georges, ancien <a href=\"https:\/\/www.20minutes.fr\/dossier\/fonctionnaires\" target=\"_blank\" class=\"c-link c-link--is-underlined\" rel=\"nofollow noopener\">fonctionnaire<\/a> du minist\u00e8re de la D\u00e9fense, se d\u00e9place toujours avec Noum\u00e9a, son <a href=\"https:\/\/www.20minutes.fr\/dossier\/chien\" target=\"_blank\" class=\"c-link c-link--is-underlined\" rel=\"nofollow noopener\">labrador<\/a> d\u2019assistance. Vendredi, un restaurateur lui a refus\u00e9 l\u2019acc\u00e8s \u00e0 la salle, expliquant que les <a href=\"https:\/\/www.20minutes.fr\/planete\/animaux\/\" target=\"_blank\" class=\"c-link c-link--is-underlined\" rel=\"nofollow noopener\">animaux<\/a> n\u2019\u00e9taient pas accept\u00e9s pour des raisons d\u2019<a href=\"https:\/\/www.20minutes.fr\/dossier\/hygiene\" target=\"_blank\" class=\"c-link c-link--is-underlined\" rel=\"nofollow noopener\">hygi\u00e8ne<\/a>. Le client a refus\u00e9 de s\u2019installer en terrasse et rappelle que la loi de\u00a02005 garantit l\u2019acc\u00e8s des chiens guides dans tous les lieux publics.<\/p>\n<\/p>\n<p>Le restaurateur se d\u00e9fend<\/p>\n<p>Ce n\u2019est pas la premi\u00e8re fois que Georges se retrouve dans cette situation. Il affirme avoir d\u00e9j\u00e0 \u00e9t\u00e9 refoul\u00e9 dans d\u2019autres commerces du <a href=\"https:\/\/www.20minutes.fr\/societe\/var\/\" target=\"_blank\" class=\"c-link c-link--is-underlined\" rel=\"nofollow noopener\">Var<\/a> et ne veut plus \u00ab\u00a0laisser passer\u00a0\u00bb ces <a href=\"https:\/\/www.20minutes.fr\/dossier\/discrimination\" target=\"_blank\" class=\"c-link c-link--is-underlined\" rel=\"nofollow noopener\">discriminations<\/a>. La l\u00e9gislation pr\u00e9voit pourtant une amende pouvant aller jusqu\u2019\u00e0 450 euros en cas de refus. La direction du restaurant Chez le Palestinien assure ne rien avoir \u00ab\u00a0contre les chiens\u00a0\u00bb mais invoque le manque de place en salle. Elle se dit pr\u00eate \u00e0 accueillir le retrait\u00e9 et son chien, mais uniquement en terrasse.<\/p>\n<p><a href=\"https:\/\/www.20minutes.fr\/societe\/var\/\" target=\"_blank\" class=\"c-link c-btn c-btn--primary\" rel=\"nofollow noopener\">Toute l&rsquo;actualit\u00e9 du Var<\/a><\/p>\n<p>Quelques jours plus t\u00f4t, \u00e0 Hy\u00e8res, une famille de malentendants accompagn\u00e9e d\u2019un chien guide avait elle aussi \u00e9t\u00e9 emp\u00each\u00e9e de d\u00e9jeuner dans un restaurant. Malheureusement, ces incidents rappellent que l\u2019application de la loi reste in\u00e9gale, vingt ans apr\u00e8s son adoption.<\/p>\n","protected":false},"excerpt":{"rendered":"A Toulon, un retrait\u00e9 malvoyant a \u00e9t\u00e9 refoul\u00e9 d\u2019un restaurant car il \u00e9tait accompagn\u00e9 de son chien guide,&hellip;\n","protected":false},"author":2,"featured_media":350961,"comment_status":"","ping_status":"","sticky":false,"template":"","format":"standard","meta":{"footnotes":""},"categories":[9619],"tags":[1111,47,11,40519,11412,1777,674,1273,1011,27,420,12,883,882,25,1340,137,104,2310,7506],"class_list":{"0":"post-350960","1":"post","2":"type-post","3":"status-publish","4":"format-standard","5":"has-post-thumbnail","7":"category-toulon","8":"tag-actu","9":"tag-actualite","10":"tag-actualites","11":"tag-aveugle","12":"tag-discrimination","13":"tag-eu","14":"tag-europe","15":"tag-fonctionnaires","16":"tag-fr","17":"tag-france","18":"tag-loi","19":"tag-news","20":"tag-paca","21":"tag-provence-alpes-cote-dazur","22":"tag-republique-francaise","23":"tag-restaurant","24":"tag-retraite","25":"tag-societe","26":"tag-toulon","27":"tag-var"},"share_on_mastodon":{"url":"https:\/\/pubeurope.com\/@fr\/115109210562596118","error":""},"_links":{"self":[{"href":"https:\/\/www.europesays.com\/fr\/wp-json\/wp\/v2\/posts\/350960","targetHints":{"allow":["GET"]}}],"collection":[{"href":"https:\/\/www.europesays.com\/fr\/wp-json\/wp\/v2\/posts"}],"about":[{"href":"https:\/\/www.europesays.com\/fr\/wp-json\/wp\/v2\/types\/post"}],"author":[{"embeddable":true,"href":"https:\/\/www.europesays.com\/fr\/wp-json\/wp\/v2\/users\/2"}],"replies":[{"embeddable":true,"href":"https:\/\/www.europesays.com\/fr\/wp-json\/wp\/v2\/comments?post=350960"}],"version-history":[{"count":0,"href":"https:\/\/www.europesays.com\/fr\/wp-json\/wp\/v2\/posts\/350960\/revisions"}],"wp:featuredmedia":[{"embeddable":true,"href":"https:\/\/www.europesays.com\/fr\/wp-json\/wp\/v2\/media\/350961"}],"wp:attachment":[{"href":"https:\/\/www.europesays.com\/fr\/wp-json\/wp\/v2\/media?parent=350960"}],"wp:term":[{"taxonomy":"category","embeddable":true,"href":"https:\/\/www.europesays.com\/fr\/wp-json\/wp\/v2\/categories?post=350960"},{"taxonomy":"post_tag","embeddable":true,"href":"https:\/\/www.europesays.com\/fr\/wp-json\/wp\/v2\/tags?post=350960"}],"curies":[{"name":"wp","href":"https:\/\/api.w.org\/{rel}","templated":true}]}}