{"id":350962,"date":"2025-08-29T00:25:16","date_gmt":"2025-08-29T00:25:16","guid":{"rendered":"https:\/\/www.europesays.com\/fr\/350962\/"},"modified":"2025-08-29T00:25:16","modified_gmt":"2025-08-29T00:25:16","slug":"montpellier-un-conducteur-alcoolise-percute-une-voiture-en-cours-de-depannage-et-prend-la-fuite","status":"publish","type":"post","link":"https:\/\/www.europesays.com\/fr\/350962\/","title":{"rendered":"Montpellier : un conducteur alcoolis\u00e9 percute une voiture en cours de d\u00e9pannage et prend la fuite"},"content":{"rendered":"<p>\u00c0 la suite du choc, le conducteur impliqu\u00e9 est descendu de son v\u00e9hicule avec un sac \u00e0 la main, avant de prendre la fuite \u00e0 pied. Dans ce sac, les policiers retrouveront ensuite plusieurs bouteilles de bi\u00e8re. L\u2019homme aurait expliqu\u00e9 avoir consomm\u00e9 de l\u2019alcool un peu plus t\u00f4t sur un chantier, en compagnie d\u2019ouvriers. Sa fuite s\u2019est poursuivie jusqu\u2019au rond-point Antonin-Artaud, o\u00f9 il a finalement \u00e9t\u00e9 retrouv\u00e9 et interpell\u00e9 par les policiers.<\/p>\n","protected":false},"excerpt":{"rendered":"\u00c0 la suite du choc, le conducteur impliqu\u00e9 est descendu de son v\u00e9hicule avec un sac \u00e0 la&hellip;\n","protected":false},"author":2,"featured_media":350963,"comment_status":"","ping_status":"","sticky":false,"template":"","format":"standard","meta":{"footnotes":""},"categories":[9599],"tags":[1111,11,1777,674,1011,27,2208,12,2680,25],"class_list":{"0":"post-350962","1":"post","2":"type-post","3":"status-publish","4":"format-standard","5":"has-post-thumbnail","7":"category-montpellier","8":"tag-actu","9":"tag-actualites","10":"tag-eu","11":"tag-europe","12":"tag-fr","13":"tag-france","14":"tag-montpellier","15":"tag-news","16":"tag-occitanie","17":"tag-republique-francaise"},"share_on_mastodon":{"url":"https:\/\/pubeurope.com\/@fr\/115109214636976295","error":""},"_links":{"self":[{"href":"https:\/\/www.europesays.com\/fr\/wp-json\/wp\/v2\/posts\/350962","targetHints":{"allow":["GET"]}}],"collection":[{"href":"https:\/\/www.europesays.com\/fr\/wp-json\/wp\/v2\/posts"}],"about":[{"href":"https:\/\/www.europesays.com\/fr\/wp-json\/wp\/v2\/types\/post"}],"author":[{"embeddable":true,"href":"https:\/\/www.europesays.com\/fr\/wp-json\/wp\/v2\/users\/2"}],"replies":[{"embeddable":true,"href":"https:\/\/www.europesays.com\/fr\/wp-json\/wp\/v2\/comments?post=350962"}],"version-history":[{"count":0,"href":"https:\/\/www.europesays.com\/fr\/wp-json\/wp\/v2\/posts\/350962\/revisions"}],"wp:featuredmedia":[{"embeddable":true,"href":"https:\/\/www.europesays.com\/fr\/wp-json\/wp\/v2\/media\/350963"}],"wp:attachment":[{"href":"https:\/\/www.europesays.com\/fr\/wp-json\/wp\/v2\/media?parent=350962"}],"wp:term":[{"taxonomy":"category","embeddable":true,"href":"https:\/\/www.europesays.com\/fr\/wp-json\/wp\/v2\/categories?post=350962"},{"taxonomy":"post_tag","embeddable":true,"href":"https:\/\/www.europesays.com\/fr\/wp-json\/wp\/v2\/tags?post=350962"}],"curies":[{"name":"wp","href":"https:\/\/api.w.org\/{rel}","templated":true}]}}