{"id":350964,"date":"2025-08-29T00:26:11","date_gmt":"2025-08-29T00:26:11","guid":{"rendered":"https:\/\/www.europesays.com\/fr\/350964\/"},"modified":"2025-08-29T00:26:11","modified_gmt":"2025-08-29T00:26:11","slug":"a-montpellier-michael-delafosse-entretient-le-flou-mais-prepare-le-terrain","status":"publish","type":"post","link":"https:\/\/www.europesays.com\/fr\/350964\/","title":{"rendered":"\u00e0 Montpellier, Micha\u00ebl Delafosse entretient le flou mais pr\u00e9pare le terrain"},"content":{"rendered":"<p>Au compteur qui \u00e9gr\u00e8ne le temps qui lui reste d&rsquo;ici \u00e0 la fin de son mandat, s&rsquo;affichent 197 jours. \u00ab\u00a0Chaque jour doit \u00eatre utile\u00a0\u00bb, mart\u00e8le <a href=\"https:\/\/www.latribune.fr\/economie\/politique\/michael-delafosse-pour-la-gratuite-des-transports-une-mesure-d-ecologie-positive-et-populaire-985296.html\" target=\"_blank\" rel=\"noopener\">Micha\u00ebl Delafosse<\/a>, maire (PS) de <a href=\"https:\/\/objectif-languedoc-roussillon.latribune.fr\/entreprises\/tourisme\/2025-07-11\/transavia-france-un-bilan-contraste-apres-cinq-ans-a-l-aeroport-de-montpellier-1029427.html\" target=\"_blank\" rel=\"noopener\">Montpellier<\/a> depuis juillet 2020 et pr\u00e9sident de la M\u00e9tropole. Ce 29 ao\u00fbt, l&rsquo;\u00e9lu de 48 ans fera n\u00e9anmoins sa rentr\u00e9e scolaire au coll\u00e8ge Foncarrade. Depuis sa prise de fonction, ce professeur d&rsquo;histoire-g\u00e9ographie a tenu \u00e0 pr\u00e9server trois heures de cours par semaine&#8230;<\/p>\n<p>Alors que les dates des \u00e9lections municipales viennent d&rsquo;\u00eatre annonc\u00e9es, les 15 et 22\u00a0mars 2026, le socialiste n&rsquo;a toujours pas dit s&rsquo;il serait candidat \u00e0 sa succession, m\u00eame si cette valse h\u00e9sitation laisse peu de doutes dans le mundillo politique&#8230; Aux insistantes questions des journalistes, il oppose invariablement la m\u00eame r\u00e9ponse, qu&rsquo;il formule \u00e0 nouveau le 27 ao\u00fbt lors de sa conf\u00e9rence de presse de rentr\u00e9e\u00a0: \u00ab\u00a0Mon \u00e9quipe, la majorit\u00e9 de gauche et \u00e9cologiste, travaille d\u00e9j\u00e0 aux id\u00e9es, mais je suis tr\u00e8s attentif \u00e0 l&rsquo;\u00e9quilibre de ma famille, et je prendrai du temps en d\u00e9cembre pour y r\u00e9fl\u00e9chir. Je m&rsquo;exprimerai d\u00e9but janvier. J&rsquo;ai vu tellement de gens faire le mandat de trop&#8230; M\u00eame si j&rsquo;ai encore plein d&rsquo;id\u00e9es pour ce territoire\u00a0\u00bb.<\/p>\n","protected":false},"excerpt":{"rendered":"Au compteur qui \u00e9gr\u00e8ne le temps qui lui reste d&rsquo;ici \u00e0 la fin de son mandat, s&rsquo;affichent 197&hellip;\n","protected":false},"author":2,"featured_media":350965,"comment_status":"","ping_status":"","sticky":false,"template":"","format":"standard","meta":{"footnotes":""},"categories":[9599],"tags":[17,1111,11,48749,48750,1777,674,48751,1011,27,3102,4564,36305,2208,3554,12,2680,25],"class_list":{"0":"post-350964","1":"post","2":"type-post","3":"status-publish","4":"format-standard","5":"has-post-thumbnail","7":"category-montpellier","8":"tag-17","9":"tag-actu","10":"tag-actualites","11":"tag-delafosse","12":"tag-entretient","13":"tag-eu","14":"tag-europe","15":"tag-flou","16":"tag-fr","17":"tag-france","18":"tag-la-tribune-dimanche","19":"tag-mais","20":"tag-michael","21":"tag-montpellier","22":"tag-municipales","23":"tag-news","24":"tag-occitanie","25":"tag-republique-francaise"},"share_on_mastodon":{"url":"https:\/\/pubeurope.com\/@fr\/115109218390534860","error":""},"_links":{"self":[{"href":"https:\/\/www.europesays.com\/fr\/wp-json\/wp\/v2\/posts\/350964","targetHints":{"allow":["GET"]}}],"collection":[{"href":"https:\/\/www.europesays.com\/fr\/wp-json\/wp\/v2\/posts"}],"about":[{"href":"https:\/\/www.europesays.com\/fr\/wp-json\/wp\/v2\/types\/post"}],"author":[{"embeddable":true,"href":"https:\/\/www.europesays.com\/fr\/wp-json\/wp\/v2\/users\/2"}],"replies":[{"embeddable":true,"href":"https:\/\/www.europesays.com\/fr\/wp-json\/wp\/v2\/comments?post=350964"}],"version-history":[{"count":0,"href":"https:\/\/www.europesays.com\/fr\/wp-json\/wp\/v2\/posts\/350964\/revisions"}],"wp:featuredmedia":[{"embeddable":true,"href":"https:\/\/www.europesays.com\/fr\/wp-json\/wp\/v2\/media\/350965"}],"wp:attachment":[{"href":"https:\/\/www.europesays.com\/fr\/wp-json\/wp\/v2\/media?parent=350964"}],"wp:term":[{"taxonomy":"category","embeddable":true,"href":"https:\/\/www.europesays.com\/fr\/wp-json\/wp\/v2\/categories?post=350964"},{"taxonomy":"post_tag","embeddable":true,"href":"https:\/\/www.europesays.com\/fr\/wp-json\/wp\/v2\/tags?post=350964"}],"curies":[{"name":"wp","href":"https:\/\/api.w.org\/{rel}","templated":true}]}}