{"id":350972,"date":"2025-08-29T00:33:15","date_gmt":"2025-08-29T00:33:15","guid":{"rendered":"https:\/\/www.europesays.com\/fr\/350972\/"},"modified":"2025-08-29T00:33:15","modified_gmt":"2025-08-29T00:33:15","slug":"rentree-scolaire-2025-2026-rennes-entre-grandes-ambitions-et-realites-contrastees","status":"publish","type":"post","link":"https:\/\/www.europesays.com\/fr\/350972\/","title":{"rendered":"Rentr\u00e9e scolaire 2025-2026 : Rennes entre grandes ambitions et r\u00e9alit\u00e9s contrast\u00e9es"},"content":{"rendered":"<p>            <a href=\"https:\/\/unidivers.fr\/wp-content\/uploads\/2025\/08\/ecole-rennas-publique-avis-probleme.jpg\" data-caption=\"\" rel=\"nofollow noopener\" target=\"_blank\"><\/p>\n<p><img loading=\"lazy\" decoding=\"async\" class=\"lazy\" width=\"696\" height=\"464\" src=\"https:\/\/www.europesays.com\/fr\/wp-content\/uploads\/2025\/08\/ecole-rennas-publique-avis-probleme-696x464.jpg\"  data- alt=\"ecole rennes publique avis probleme\"\/><\/p>\n<p><\/a><\/p>\n<p>Pr\u00e8s de 14 800 \u00e9l\u00e8ves font leur rentr\u00e9e dans les 89 \u00e9coles publiques rennaises. Avec plus de 110 millions d\u2019euros investis dans l\u2019enfance et la jeunesse, la Ville de Rennes affiche sa priorit\u00e9 \u00e9ducative. Mais derri\u00e8re les grands projets et les dispositifs innovants, les familles et les \u00e9quipes \u00e9ducatives constatent des progr\u00e8s r\u00e9els\u2026 et des fragilit\u00e9s persistantes.<\/p>\n<p>Des chantiers d\u2019ampleur, mais une attente prolong\u00e9e<\/p>\n<p>Depuis 2020, Rennes a ouvert quatre nouveaux \u00e9tablissements (Pasteur, Simone-Veil, Toni-Morrison, Miriam-Makeba). Les prochains grands chantiers \u2014 Volga, Guyenne, Clemenceau, Albert-de-Mun \u2014 repr\u00e9sentent \u00e0 eux seuls pr\u00e8s de 19 millions d\u2019euros. Mais ces livraisons s\u2019\u00e9chelonnent jusqu\u2019en 2027. D\u2019ici l\u00e0, certains \u00e9tablissements restent \u00e0 l\u2019\u00e9troit ou vivent au rythme des travaux. M\u00eame constat pour les cr\u00e8ches : la reconstruction de Papu et Henri-Wallon est en cours, Bois-Perrin n\u2019ouvrira pas avant 2028. La dynamique est tangible, mais elle se heurte au temps long des infrastructures et aux attentes pressantes des familles.<\/p>\n<p><img loading=\"lazy\" class=\"lazy\" decoding=\"async\" width=\"1866\" height=\"1188\" src=\"https:\/\/www.europesays.com\/fr\/wp-content\/uploads\/2025\/08\/rentree-ecoles-publique-rennes-rennaise_7.21.jpeg\" alt=\"rennes ecole publique scolaire\"  data-\/><\/p>\n<p>Une \u00e9cole plus \u00e9cologique, mais encore in\u00e9gale<\/p>\n<p>Un tiers des investissements scolaires concerne la performance \u00e9nerg\u00e9tique et le confort thermique. Isolation, panneaux solaires et cours v\u00e9g\u00e9talis\u00e9es sont d\u00e9sormais int\u00e9gr\u00e9s aux projets. Depuis 2020, quinze cours d\u2019\u00e9coles ont \u00e9t\u00e9 transform\u00e9es en \u00eelots de fra\u00eecheur, dont celles de Torign\u00e9 et Sonia-Delaunay \u00e0 l\u2019\u00e9t\u00e9 2025. Pourtant, la majorit\u00e9 des \u00e9tablissements restent confront\u00e9s aux surchauffes estivales et \u00e0 des b\u00e2timents vieillissants. Les ambitions climatiques sont r\u00e9elles, mais leur application reste progressive, \u00e9cole apr\u00e8s \u00e9cole. Au final, le rythme est-il le bon ?<\/p>\n<p><img loading=\"lazy\" class=\"lazy\" decoding=\"async\" width=\"1420\" height=\"906\" src=\"https:\/\/www.europesays.com\/fr\/wp-content\/uploads\/2025\/08\/rentree-ecoles-publique-rennes-rennaise_7.00.jpeg\" alt=\"rennes ecole publique scolaire\"  data-\/><\/p>\n<p>S\u00e9curit\u00e9 et mobilit\u00e9s : un dispositif encore limit\u00e9<\/p>\n<p>Les \u00ab rues aux \u00e9coles \u00bb se d\u00e9ploient : cinq \u00e9tablissements en b\u00e9n\u00e9ficient d\u00e9j\u00e0, deux sites sont p\u00e9rennis\u00e9s cette ann\u00e9e (Guillevic, Oscar-Leroux) et une exp\u00e9rimentation d\u00e9marre \u00e0 Jean-Moulin. Ces fermetures temporaires aux voitures s\u00e9curisent les trajets et favorisent l\u2019autonomie des enfants. Mais seules quelques \u00e9coles sont concern\u00e9es, et ailleurs, les abords restent marqu\u00e9s par la densit\u00e9 automobile et les stationnements difficiles. <strong>La s\u00e9curit\u00e9 progresse, mais par zones, laissant un paysage encore in\u00e9gal selon les quartiers.<\/strong><\/p>\n<p>Dans certains cas, la probl\u00e9matique d\u00e9passe largement la circulation. Autour de l\u2019\u00e9cole du Gros-Ch\u00eane, \u00e0 Maurepas, des familles et enseignants alertent depuis longtemps sur la pr\u00e9sence r\u00e9currente de trafics aux abords, parfois accompagn\u00e9s de chiens d\u2019intimidation. Cette situation, banalis\u00e9e par son caract\u00e8re quotidien, interroge profond\u00e9ment : comment garantir la s\u00e9r\u00e9nit\u00e9 d\u2019un cadre scolaire lorsque l\u2019environnement imm\u00e9diat v\u00e9hicule un sentiment d\u2019ins\u00e9curit\u00e9 ? <strong>L\u2019exemple illustre la tension entre l\u2019ambition d\u2019une ville \u00e9ducatrice et la r\u00e9alit\u00e9 du terrain, o\u00f9 l\u2019\u00e9cole, cens\u00e9e \u00eatre un sanctuaire, se trouve fragilis\u00e9e par une violence ordinaire qui finit par sembler tol\u00e9r\u00e9e.<\/strong> Et les riverains de s\u2019interroger : les a-ton abandonn\u00e9s ?<\/p>\n<p>Le Projet \u00e9ducatif local : inclusion, nature et citoyennet\u00e9<\/p>\n<p>Adopt\u00e9 en 2023, le Projet \u00e9ducatif local (PEL) veut faire de Rennes une \u00ab ville \u00e9ducatrice \u00bb en luttant contre les in\u00e9galit\u00e9s. Ses axes majeurs sont :<\/p>\n<ul class=\"wp-block-list\">\n<li><strong>Inclusion<\/strong> : un plan de formation avec l\u2019ADAPEI35 et ASKORIA pour mieux accueillir les enfants en situation de handicap.<\/li>\n<li><strong>Nature<\/strong> : le Plan Local d\u2019\u00c9ducation Nature (PLEN\u2019R), adopt\u00e9 en 2025, engage d\u00e9j\u00e0 230 classes dans des \u00ab \u00e9coles dehors \u00bb. Mais la logistique reste complexe.<\/li>\n<li><strong>Sant\u00e9<\/strong> : apprentissage renforc\u00e9 du v\u00e9lo et de la natation, m\u00eame si tous les \u00e9l\u00e8ves n\u2019en b\u00e9n\u00e9ficient pas encore.<\/li>\n<li><strong>Participation<\/strong> : en 2026, cinq \u00e9coles de La Pommeraie disposeront de 50 000 \u20ac pour financer des projets propos\u00e9s et vot\u00e9s par les enfants.<\/li>\n<\/ul>\n<p><strong>Ce cadre est porteur d\u2019une vision g\u00e9n\u00e9reuse, mais son d\u00e9ploiement reste souvent partiel et d\u00e9pendant des moyens humains.<\/strong><\/p>\n<p><img loading=\"lazy\" class=\"lazy\" decoding=\"async\" width=\"1182\" height=\"898\" src=\"https:\/\/www.europesays.com\/fr\/wp-content\/uploads\/2025\/08\/rentree-ecoles-publique-rennes-rennaise_7.10.jpeg\" alt=\"rennes ecole publique scolaire\"  data-\/><\/p>\n<p>Dotation scolaire : un soutien utile mais limit\u00e9<\/p>\n<p>Comme chaque ann\u00e9e, la Ville verse une dotation de 40 \u20ac par \u00e9l\u00e8ve pour les fournitures, repr\u00e9sentant une \u00e9conomie r\u00e9elle gr\u00e2ce aux prix n\u00e9goci\u00e9s. Mais pour de nombreuses familles, ce coup de pouce ne compense pas la totalit\u00e9 des co\u00fbts li\u00e9s \u00e0 la scolarit\u00e9 (cantine, activit\u00e9s, extras).<\/p>\n<p>Carte scolaire : un \u00e9quilibre fragile<\/p>\n<p>La stabilit\u00e9 des effectifs masque un jeu d\u2019ajustements permanents : huit ouvertures et six \u00e0 huit fermetures de classes cette ann\u00e9e. Certaines \u00e9coles voient leurs effectifs augmenter, d\u2019autres redoutent un affaiblissement. L\u2019ouverture d\u2019une unit\u00e9 pour \u00e9l\u00e8ves allophones (UPE2A) \u00e0 l\u2019\u00e9cole Andr\u00e9e-Chedid illustre la volont\u00e9 d\u2019inclusion, mais ajoute une charge suppl\u00e9mentaire pour les \u00e9quipes.<\/p>\n<p><img loading=\"lazy\" class=\"lazy\" decoding=\"async\" width=\"1196\" height=\"742\" src=\"https:\/\/www.europesays.com\/fr\/wp-content\/uploads\/2025\/08\/rentree-ecoles-publique-rennes-rennaise_6.44.jpeg\" alt=\"rennes ecole publique scolaire\"  data-\/><\/p>\n<p>Entre volontarisme et r\u00e9alit\u00e9 du terrain<\/p>\n<p>Les chiffres certes impressionnent : 82 millions d\u2019euros investis d\u2019ici 2027, 1 500 agents municipaux mobilis\u00e9s, 26 centres de loisirs, 49 restaurants scolaires. Rennes se donne incontestablement les moyens d\u2019une politique \u00e9ducative ambitieuse. Mais, sur le terrain, enseignants, parents et animateurs t\u00e9moignent d\u2019un quotidien plus nuanc\u00e9\u2026 Notamment les d\u00e9lais de chantiers, disparit\u00e9s entre quartiers, pressions d\u00e9mographiques, fatigue des \u00e9quipes.<\/p>\n<p><strong>La rentr\u00e9e 2025-2026 rennaise se lit ainsi \u00e0 deux vitesses : celle d\u2019une Ville qui affiche une ambition \u00e9ducative forte, et celle des r\u00e9alit\u00e9s quotidiennes o\u00f9 la mise en \u0153uvre reste souvent partielle et progressive. L\u2019exemple du Gros-Ch\u00eane illustre cette tension : l\u2019\u00e9cole est au c\u0153ur des discours, mais parfois en premi\u00e8re ligne d\u2019une violence banalis\u00e9e que la collectivit\u00e9 \u00e9choue \u00e0 enrayer.<\/strong><\/p>\n<p><img loading=\"lazy\" class=\"lazy\" decoding=\"async\" width=\"1626\" height=\"920\" src=\"https:\/\/www.europesays.com\/fr\/wp-content\/uploads\/2025\/08\/rentree-ecoles-publique-rennes-rennaise_6.36.png\" alt=\"rennes ecole publique scolaire\"  data-\/><\/p>\n","protected":false},"excerpt":{"rendered":"Pr\u00e8s de 14 800 \u00e9l\u00e8ves font leur rentr\u00e9e dans les 89 \u00e9coles publiques rennaises. Avec plus de 110&hellip;\n","protected":false},"author":2,"featured_media":350973,"comment_status":"","ping_status":"","sticky":false,"template":"","format":"standard","meta":{"footnotes":""},"categories":[2821],"tags":[1111,11,829,1777,674,1011,27,12,584,25],"class_list":{"0":"post-350972","1":"post","2":"type-post","3":"status-publish","4":"format-standard","5":"has-post-thumbnail","7":"category-rennes","8":"tag-actu","9":"tag-actualites","10":"tag-bretagne","11":"tag-eu","12":"tag-europe","13":"tag-fr","14":"tag-france","15":"tag-news","16":"tag-rennes","17":"tag-republique-francaise"},"share_on_mastodon":{"url":"https:\/\/pubeurope.com\/@fr\/115109246291538982","error":""},"_links":{"self":[{"href":"https:\/\/www.europesays.com\/fr\/wp-json\/wp\/v2\/posts\/350972","targetHints":{"allow":["GET"]}}],"collection":[{"href":"https:\/\/www.europesays.com\/fr\/wp-json\/wp\/v2\/posts"}],"about":[{"href":"https:\/\/www.europesays.com\/fr\/wp-json\/wp\/v2\/types\/post"}],"author":[{"embeddable":true,"href":"https:\/\/www.europesays.com\/fr\/wp-json\/wp\/v2\/users\/2"}],"replies":[{"embeddable":true,"href":"https:\/\/www.europesays.com\/fr\/wp-json\/wp\/v2\/comments?post=350972"}],"version-history":[{"count":0,"href":"https:\/\/www.europesays.com\/fr\/wp-json\/wp\/v2\/posts\/350972\/revisions"}],"wp:featuredmedia":[{"embeddable":true,"href":"https:\/\/www.europesays.com\/fr\/wp-json\/wp\/v2\/media\/350973"}],"wp:attachment":[{"href":"https:\/\/www.europesays.com\/fr\/wp-json\/wp\/v2\/media?parent=350972"}],"wp:term":[{"taxonomy":"category","embeddable":true,"href":"https:\/\/www.europesays.com\/fr\/wp-json\/wp\/v2\/categories?post=350972"},{"taxonomy":"post_tag","embeddable":true,"href":"https:\/\/www.europesays.com\/fr\/wp-json\/wp\/v2\/tags?post=350972"}],"curies":[{"name":"wp","href":"https:\/\/api.w.org\/{rel}","templated":true}]}}