{"id":350976,"date":"2025-08-29T00:35:10","date_gmt":"2025-08-29T00:35:10","guid":{"rendered":"https:\/\/www.europesays.com\/fr\/350976\/"},"modified":"2025-08-29T00:35:10","modified_gmt":"2025-08-29T00:35:10","slug":"le-debrief-complet-de-la-belle-soiree-strasbourgeoise-video","status":"publish","type":"post","link":"https:\/\/www.europesays.com\/fr\/350976\/","title":{"rendered":"le debrief complet de la belle soir\u00e9e strasbourgeoise vid\u00e9o"},"content":{"rendered":"<p>\n                                            19 ans apr\u00e8s, le Racing Club de Strasbourg va retrouver la Coupe d&rsquo;Europe. Les Alsaciens sont all\u00e9s chercher leur billet pour la Ligue Europa Conference en s&rsquo;imposant \u00e0 Brondby (2-3). L&rsquo;avantage aurait sans doute d\u00fb \u00eatre plus large pour les hommes de Liam Rosenior qui se sont encore procur\u00e9s pas mal d&rsquo;occasions. Mais ont tout de m\u00eame assur\u00e9 l&rsquo;essentiel. Debrief de cette soir\u00e9e avec Daniel Riolo, Jean-Louis Tourre et Florent Gautreau.\u00a0\n                                    <\/p>\n<p>Vid\u00e9o suivante dans 5 secondes<\/p>\n","protected":false},"excerpt":{"rendered":"19 ans apr\u00e8s, le Racing Club de Strasbourg va retrouver la Coupe d&rsquo;Europe. Les Alsaciens sont all\u00e9s chercher&hellip;\n","protected":false},"author":2,"featured_media":350977,"comment_status":"","ping_status":"","sticky":false,"template":"","format":"standard","meta":{"footnotes":""},"categories":[2820],"tags":[1111,11,22926,1777,674,63,1011,27,775,66,20708,12,4448,25,640],"class_list":{"0":"post-350976","1":"post","2":"type-post","3":"status-publish","4":"format-standard","5":"has-post-thumbnail","7":"category-strasbourg","8":"tag-actu","9":"tag-actualites","10":"tag-after-foot","11":"tag-eu","12":"tag-europe","13":"tag-football","14":"tag-fr","15":"tag-france","16":"tag-grand-est","17":"tag-ligue-1","18":"tag-ligue-europa-conference","19":"tag-news","20":"tag-rc-strasbourg","21":"tag-republique-francaise","22":"tag-strasbourg"},"share_on_mastodon":{"url":"https:\/\/pubeurope.com\/@fr\/115109253888736894","error":""},"_links":{"self":[{"href":"https:\/\/www.europesays.com\/fr\/wp-json\/wp\/v2\/posts\/350976","targetHints":{"allow":["GET"]}}],"collection":[{"href":"https:\/\/www.europesays.com\/fr\/wp-json\/wp\/v2\/posts"}],"about":[{"href":"https:\/\/www.europesays.com\/fr\/wp-json\/wp\/v2\/types\/post"}],"author":[{"embeddable":true,"href":"https:\/\/www.europesays.com\/fr\/wp-json\/wp\/v2\/users\/2"}],"replies":[{"embeddable":true,"href":"https:\/\/www.europesays.com\/fr\/wp-json\/wp\/v2\/comments?post=350976"}],"version-history":[{"count":0,"href":"https:\/\/www.europesays.com\/fr\/wp-json\/wp\/v2\/posts\/350976\/revisions"}],"wp:featuredmedia":[{"embeddable":true,"href":"https:\/\/www.europesays.com\/fr\/wp-json\/wp\/v2\/media\/350977"}],"wp:attachment":[{"href":"https:\/\/www.europesays.com\/fr\/wp-json\/wp\/v2\/media?parent=350976"}],"wp:term":[{"taxonomy":"category","embeddable":true,"href":"https:\/\/www.europesays.com\/fr\/wp-json\/wp\/v2\/categories?post=350976"},{"taxonomy":"post_tag","embeddable":true,"href":"https:\/\/www.europesays.com\/fr\/wp-json\/wp\/v2\/tags?post=350976"}],"curies":[{"name":"wp","href":"https:\/\/api.w.org\/{rel}","templated":true}]}}