{"id":350978,"date":"2025-08-29T00:36:13","date_gmt":"2025-08-29T00:36:13","guid":{"rendered":"https:\/\/www.europesays.com\/fr\/350978\/"},"modified":"2025-08-29T00:36:13","modified_gmt":"2025-08-29T00:36:13","slug":"les-streamers-du-collectif-lokal-ferment-la-chaine","status":"publish","type":"post","link":"https:\/\/www.europesays.com\/fr\/350978\/","title":{"rendered":"les streamers du collectif \u00ab\u00a0Lokal\u00a0\u00bb ferment la cha\u00eene"},"content":{"rendered":"<p>            Par<br \/>\n        <strong><br \/>\n            <a href=\"https:\/\/actu.fr\/auteur\/redaction-nice\" title=\"Consulter tous les articles de R\u00e9daction Nice\" rel=\"nofollow noopener\" target=\"_blank\">R\u00e9daction Nice<\/a><br \/>\n        <\/strong><\/p>\n<p>        Publi\u00e9 le<\/p>\n<p>            28 ao\u00fbt 2025 \u00e0 18h39        <\/p>\n<p>\u00ab\u2009C\u2019est avec une grande \u00e9motion que nous vous annon\u00e7ons la fin de l\u2019aventure du Lokal. Le Lokal s\u2019en va avec JP, mais il ne dispara\u00eetra jamais vraiment\u2009\u00bb, \u00e9crit Owen Cenazandotti, alias Naruto, dans un message publi\u00e9 apr\u00e8s les obs\u00e8ques de Rapha\u00ebl Graven (Jean Pormanove) mercredi.<\/p>\n<p class=\" wall-content\">\u00c2g\u00e9 de 46\u00a0ans, <strong>le streamer est d\u00e9c\u00e9d\u00e9<\/strong> pr\u00e8s de Nice le 18\u00a0ao\u00fbt lors d\u2019une diffusion en direct sur Kick, apr\u00e8s plus de 12\u00a0jours de direct le montrant, ainsi qu\u2019un autre homme, violent\u00e9 et humili\u00e9 par M. Cenazandotti et Safine Hamadi.<\/p>\n<p class=\" wall-content\">Les enregistrements se d\u00e9roulaient principalement dans un local \u00e0 Contes, pr\u00e8s de <a href=\"https:\/\/actu.fr\/provence-alpes-cote-d-azur\/nice_06088\" rel=\"nofollow noopener\" target=\"_blank\">Nice<\/a> (<a href=\"https:\/\/actu.fr\/provence-alpes-cote-d-azur\/alpes-maritimes_06\" rel=\"nofollow noopener\" target=\"_blank\">Alpes-Maritimes<\/a>), o\u00f9 \u00e9tait enregistr\u00e9e la soci\u00e9t\u00e9 \u00ab\u2009leLokal\u2009\u00bb de M. Cenazandotti.<\/p>\n<p>Insultes, menaces, agressions physiques en live<\/p>\n<p class=\" wall-content\">Les deux jeunes hommes, que Rapha\u00ebl Graven qualifiait de \u00ab\u2009petits fr\u00e8res\u2009\u00bb, \u00e9taient pr\u00e9sents \u00e0 la <strong>c\u00e9r\u00e9monie d\u2019obs\u00e8ques<\/strong> mercredi au cr\u00e9matorium de Nice. M. Cenazandotti a publi\u00e9 une photo prise \u00e0 cette occasion, o\u00f9 lui et M. Hamadi entourent la m\u00e8re du d\u00e9funt.<\/p>\n<p class=\" wall-content\">\u00ab\u2009\u00c0 travers nos souvenirs, nos rires, nos rencontres et toutes les histoires qui s\u2019y sont \u00e9crites, le Lokal continuera de vivre dans le c\u0153ur et la m\u00e9moire de chacun d\u2019entre nous. Merci \u00e0 toutes celles et ceux qui ont fait de ce lieu un espace de partage, de solidarit\u00e9 et de vie\u2009\u00bb, a-t-il ajout\u00e9.<\/p>\n<p class=\" wall-content\">Suivie par pr\u00e8s de 200.000 personnes, la cha\u00eene \u00ab\u2009jeanpormanove\u2009\u00bb montrait depuis des mois Rapha\u00ebl Graven se faire insulter, frapper, tirer les cheveux, menacer ou encore tirer dessus sans protection avec des projectiles de paintball. Lui-m\u00eame et ses acolytes ont assur\u00e9 qu\u2019il s\u2019agissait de <strong>contenus sc\u00e9naris\u00e9s<\/strong>.<\/p>\n<p>Votre r\u00e9gion, votre actu !<\/p>\n<p>Recevez chaque jour les infos qui comptent pour vous.<\/p>\n<p>\t<a href=\"https:\/\/actu.fr\/newsletter\" class=\"ac-btn ac-btn--corner ac-btn--medium ac-btn--blue800\" rel=\"nofollow noopener\" target=\"_blank\">S&rsquo;incrire<\/a><br \/>\nCauses de la mort \u00ab\u2009m\u00e9dicales ou toxicologiques\u2009\u00bb<\/p>\n<p class=\" wall-content\">L\u2019autopsie r\u00e9alis\u00e9e la semaine derni\u00e8re a conclu que le d\u00e9c\u00e8s de Rapha\u00ebl Graven n\u2019\u00e9tait pas d\u00fb \u00e0 l\u2019intervention d\u2019un tiers mais probablement \u00e0 des causes d\u2019origines m\u00e9dicales ou toxicologiques. L\u2019examen de pr\u00e9l\u00e8vements est toujours en cours.<\/p>\n<p class=\" wall-content\">Avant m\u00eame son d\u00e9c\u00e8s, les vid\u00e9os de Jean Pormanove faisaient l\u2019objet d\u2019une enqu\u00eate ouverte en d\u00e9cembre notamment pour <strong>\u00ab\u2009violences volontaires en r\u00e9union sur personnes vuln\u00e9rables\u2009\u00bb<\/strong>, apr\u00e8s leur mise en lumi\u00e8re par Mediapart. En janvier, M. Cenazandotti, 26\u00a0ans, et M. Hamadi, 23\u00a0ans, avaient \u00e9t\u00e9 plac\u00e9s en garde \u00e0 vue dans le cadre de cette enqu\u00eate avant d\u2019\u00eatre rel\u00e2ch\u00e9s sans charges.<\/p>\n<p class=\" wall-content\">En plus de l\u2019enqu\u00eate men\u00e9e \u00e0 Nice, <a href=\"https:\/\/actu.fr\/provence-alpes-cote-d-azur\/contes_06048\/mort-de-jean-pormanove-pres-de-nice-une-nouvelle-enquete-ouverte-ce-que-l-on-sait_63078728.html\" rel=\"nofollow noopener\" target=\"_blank\">le parquet de Paris a ouvert mardi une enqu\u00eate sur la plateforme Kick<\/a> et le gouvernement annonc\u00e9 son intention d\u2019attaquer l\u2019entreprise pour \u00ab\u2009manquement face \u00e0 la loi\u2009\u00bb pour la confiance dans l\u2019\u00e9conomie num\u00e9rique.<\/p>\n<p class=\" wall-content\"><strong>Avec AFP<\/strong><\/p>\n<p class=\" wall-content\">Personnalisez votre actualit\u00e9 en ajoutant vos villes et m\u00e9dias en favori avec <a href=\"https:\/\/moncompte.actu.fr\" title=\"D\u00e9couvez Mon Actu\" rel=\"nofollow noopener\" data-trk=\"{&quot;cta&quot;:{&quot;action&quot;:&quot;https:\\\/\\\/moncompte.actu.fr&quot;,&quot;category&quot;:&quot;mon compte&quot;,&quot;from&quot;:&quot;article footer&quot;,&quot;name&quot;:&quot;Mon actu&quot;,&quot;type&quot;:&quot;cta&quot;}}\" target=\"_blank\">Mon Actu<\/a>.<\/p>\n","protected":false},"excerpt":{"rendered":"Par R\u00e9daction Nice Publi\u00e9 le 28 ao\u00fbt 2025 \u00e0 18h39 \u00ab\u2009C\u2019est avec une grande \u00e9motion que nous vous&hellip;\n","protected":false},"author":2,"featured_media":350979,"comment_status":"","ping_status":"","sticky":false,"template":"","format":"standard","meta":{"footnotes":""},"categories":[2819],"tags":[1111,11,1777,674,118,1011,27,303,12,2401,882,25,938],"class_list":{"0":"post-350978","1":"post","2":"type-post","3":"status-publish","4":"format-standard","5":"has-post-thumbnail","7":"category-nice","8":"tag-actu","9":"tag-actualites","10":"tag-eu","11":"tag-europe","12":"tag-faits-divers","13":"tag-fr","14":"tag-france","15":"tag-justice","16":"tag-news","17":"tag-nice","18":"tag-provence-alpes-cote-dazur","19":"tag-republique-francaise","20":"tag-reseaux-sociaux"},"share_on_mastodon":{"url":"https:\/\/pubeurope.com\/@fr\/115109257753712352","error":""},"_links":{"self":[{"href":"https:\/\/www.europesays.com\/fr\/wp-json\/wp\/v2\/posts\/350978","targetHints":{"allow":["GET"]}}],"collection":[{"href":"https:\/\/www.europesays.com\/fr\/wp-json\/wp\/v2\/posts"}],"about":[{"href":"https:\/\/www.europesays.com\/fr\/wp-json\/wp\/v2\/types\/post"}],"author":[{"embeddable":true,"href":"https:\/\/www.europesays.com\/fr\/wp-json\/wp\/v2\/users\/2"}],"replies":[{"embeddable":true,"href":"https:\/\/www.europesays.com\/fr\/wp-json\/wp\/v2\/comments?post=350978"}],"version-history":[{"count":0,"href":"https:\/\/www.europesays.com\/fr\/wp-json\/wp\/v2\/posts\/350978\/revisions"}],"wp:featuredmedia":[{"embeddable":true,"href":"https:\/\/www.europesays.com\/fr\/wp-json\/wp\/v2\/media\/350979"}],"wp:attachment":[{"href":"https:\/\/www.europesays.com\/fr\/wp-json\/wp\/v2\/media?parent=350978"}],"wp:term":[{"taxonomy":"category","embeddable":true,"href":"https:\/\/www.europesays.com\/fr\/wp-json\/wp\/v2\/categories?post=350978"},{"taxonomy":"post_tag","embeddable":true,"href":"https:\/\/www.europesays.com\/fr\/wp-json\/wp\/v2\/tags?post=350978"}],"curies":[{"name":"wp","href":"https:\/\/api.w.org\/{rel}","templated":true}]}}