{"id":350980,"date":"2025-08-29T00:37:13","date_gmt":"2025-08-29T00:37:13","guid":{"rendered":"https:\/\/www.europesays.com\/fr\/350980\/"},"modified":"2025-08-29T00:37:13","modified_gmt":"2025-08-29T00:37:13","slug":"nice-slow-rentree-au-caffe-orso-la-dolce-vita-automnale","status":"publish","type":"post","link":"https:\/\/www.europesays.com\/fr\/350980\/","title":{"rendered":"NICE : Slow rentr\u00e9e au Caff\u00e8 Orso, la dolce vita automnale !"},"content":{"rendered":"<p><strong>Cet automne, le Caff\u00e8 Orso c\u00e9l\u00e8bre l\u2019art du l\u00e2cher-prise.<\/strong><\/p>\n<p>\u00c0 l\u2019heure o\u00f9 la rentr\u00e9e s\u2019installe et o\u00f9 les agendas se remplissent, le Caff\u00e8 Orso, un petit coin d\u2019Italie o\u00f9 r\u00e8gne le fait-maison, vous invite \u00e0 ralentir. Entre saveurs in\u00e9dites, boissons d\u2019exception et rendez-vous<br \/>bien-\u00eatre, la maison devient le QG ni\u00e7ois de la dolce vita automnale.<\/p>\n<p>\ud83c\udf3f <strong>La Via del T\u00e8 \u2013 Une exclusivit\u00e9 florentine \u00e0 Nice.<\/strong><\/p>\n<p>Le Caff\u00e8 Orso devient l\u2019unique lieu de la C\u00f4te d\u2019Azur \u00e0 proposer les th\u00e9s et infusions de la maison La Via del T\u00e8, institution florentine fond\u00e9e en 1961.<\/p>\n<p>R\u00e9put\u00e9e dans le monde entier pour la qualit\u00e9 de ses m\u00e9langes et son savoir-faire artisanal, la marque incarne le raffinement italien appliqu\u00e9 \u00e0 l\u2019univers du th\u00e9. Ici, chaque tasse raconte une histoire : de l\u2019assemblage des feuilles les plus fines \u00e0 la ma\u00eetrise des ar\u00f4mes, autour de th\u00e8mes, de lieux, de personnages embl\u00e9matiques.<\/p>\n<p>Les amateurs pourront les savourer sur place dans un cadre chaleureux ou m\u00eame les emporter pour prolonger l\u2019exp\u00e9rience \u00e0 la maison avec une jolie gamme de th\u00e9s en vrac.<\/p>\n<p>\u00c0 s\u2019offrir : la collection \u2018FIRENZE\u2019 qui rassemble une gamme de d\u00e9licieux blends faisant \u00e9cho \u00e0 la capitale de la Toscane !<\/p>\n<p>Boire un th\u00e9 au Caff\u00e8 Orso, servi en th\u00e9i\u00e8re &amp; infus\u00e9 \u00e0 temp\u00e9rature id\u00e9ale de d\u00e9gustation : 4,60\u20ac<br \/>Emporter du vrac \u00e0 la maison : \u00e0 partir de 7,90\u20ac les 50 grammes.<\/p>\n<p>\u2615 <strong>Caf\u00e9 Excelsior BIO 100% Arabica \u2013 L\u2019art du slow coffee.<\/strong><\/p>\n<p>Le Caff\u00e8 Orso propose, depuis ses d\u00e9buts, le d\u00e9licieux caf\u00e9 de la torr\u00e9faction pi\u00e9montaise Excelsior, une maison familiale transalpine install\u00e9e depuis 1966 \u00e0 Busca. Du ristretto au cappuccino, les classiques<br \/>restent, autour d\u2019un m\u00e9lange \u00e9quilibr\u00e9 et joliment torr\u00e9fi\u00e9 \u00e0 l\u2019italienne pour une d\u00e9gustation propice \u00e0 toutes les pauses de la journ\u00e9e.<\/p>\n<p>Cet automne, le Caff\u00e8 Orso fait entrer en sc\u00e8ne le blend Excelsior BIO 100% Arabica, \u00e0 d\u00e9guster en extraction longue, au Chemex, pour une pause m\u00e9ditative bien m\u00e9rit\u00e9e.<\/p>\n<p>Ce blend exclusif d\u2019Arabica provenant du P\u00e9rou, du Mexique et de la Colombie provient de plantation respectant la terre et les producteurs. Torr\u00e9fi\u00e9 avec attention pour d\u00e9gager des notes fines et \u00e9quilibr\u00e9es, il se pr\u00eate tout particuli\u00e8rement \u00e0 l\u2019extraction au Chemex, une m\u00e9thode lente invent\u00e9e dans les ann\u00e9es 1940 qui r\u00e9v\u00e8le toute la complexit\u00e9 aromatique du caf\u00e9.<\/p>\n<p>Une m\u00e9thode parfaite ce caf\u00e9 bio d\u2019am\u00e9rique latine dont la torr\u00e9faction italienne r\u00e9v\u00e8le ses accents de chocolat, d\u2019amande et de vanille. Plus qu\u2019une boisson, une exp\u00e9rience. Avec une belle tasse limpide, soyeuse, aux ar\u00f4mes d\u00e9licats, accordez-vous un vrai moment de pause.<\/p>\n<p>D\u00e9gustation caf\u00e9 Excelsior BIO 100% arabica au Chemex : 6,00\u20ac<\/p>\n<p>\ud83e\uddd8 <strong>Dolce Yoga du vendredi \u2013 Reconnexion garantie.<\/strong><\/p>\n<p>Le l\u00e2cher-prise se pratique aussi hors tasse ! Les cours de \u201cDolce yoga\u201d se poursuivent avec Emma, kin\u00e9sith\u00e9rapeute et professeure de yoga, tous les vendredis de 18h30 \u00e0 19h30 au Caff\u00e8 Orso.<\/p>\n<p>La salle se transforme en petit cocon pour accueillir 6 chanceux autour d\u2019une s\u00e9ance concoct\u00e9e sur mesure par Emma, qui offre des focus diff\u00e9rents afin de travailler l\u2019ensemble du corps et de s\u2019accorder un moment de l\u00e2cher-prise \u00e0 chaque s\u00e9ance.<\/p>\n<p>Respiration, vinyasa tonique &amp; relaxation sont au programme de ce rendez-vous hebdomadaire. Dans l\u2019atmosph\u00e8re feutr\u00e9e du Caff\u00e8 Orso, ces s\u00e9ances invitent \u00e0 se recentrer, respirer et se d\u00e9tendre avant le week-end.<\/p>\n<p>La s\u00e9ance de yoga : \u00e0 partir de 15\u20ac le cours<br \/>Pas d\u2019engagement mais inscription requise \u00e0 chaque s\u00e9ance (les cours se remplissent vite!)<\/p>\n<p><strong>\u00c0 propos du Caff\u00e8 Orso.<\/strong><\/p>\n<p>Situ\u00e9 au c\u0153ur de Nice, le Caff\u00e8 Orso est bien plus qu\u2019un simple caf\u00e9 : c\u2019est un lieu de rencontres, de partage et de d\u00e9couvertes. Alliant l\u2019authenticit\u00e9 des saveurs italiennes faites maison par Laura, sa fondatrice, \u00e0 une ambiance chaleureuse, inspirante et remplie de Dolce Vita. Le Caff\u00e8 Orso s\u2019impose comme un lieu incontournable pour les amoureux de l\u2019italie et les \u00e9picurieux qui souhaitent vivre des exp\u00e9riences riches en saveurs et en \u00e9motions.\u00a0<\/p>\n","protected":false},"excerpt":{"rendered":"Cet automne, le Caff\u00e8 Orso c\u00e9l\u00e8bre l\u2019art du l\u00e2cher-prise. \u00c0 l\u2019heure o\u00f9 la rentr\u00e9e s\u2019installe et o\u00f9 les&hellip;\n","protected":false},"author":2,"featured_media":350981,"comment_status":"","ping_status":"","sticky":false,"template":"","format":"standard","meta":{"footnotes":""},"categories":[2819],"tags":[1111,11,1777,674,1011,27,12,2401,882,25],"class_list":{"0":"post-350980","1":"post","2":"type-post","3":"status-publish","4":"format-standard","5":"has-post-thumbnail","7":"category-nice","8":"tag-actu","9":"tag-actualites","10":"tag-eu","11":"tag-europe","12":"tag-fr","13":"tag-france","14":"tag-news","15":"tag-nice","16":"tag-provence-alpes-cote-dazur","17":"tag-republique-francaise"},"share_on_mastodon":{"url":"https:\/\/pubeurope.com\/@fr\/115109261724774366","error":""},"_links":{"self":[{"href":"https:\/\/www.europesays.com\/fr\/wp-json\/wp\/v2\/posts\/350980","targetHints":{"allow":["GET"]}}],"collection":[{"href":"https:\/\/www.europesays.com\/fr\/wp-json\/wp\/v2\/posts"}],"about":[{"href":"https:\/\/www.europesays.com\/fr\/wp-json\/wp\/v2\/types\/post"}],"author":[{"embeddable":true,"href":"https:\/\/www.europesays.com\/fr\/wp-json\/wp\/v2\/users\/2"}],"replies":[{"embeddable":true,"href":"https:\/\/www.europesays.com\/fr\/wp-json\/wp\/v2\/comments?post=350980"}],"version-history":[{"count":0,"href":"https:\/\/www.europesays.com\/fr\/wp-json\/wp\/v2\/posts\/350980\/revisions"}],"wp:featuredmedia":[{"embeddable":true,"href":"https:\/\/www.europesays.com\/fr\/wp-json\/wp\/v2\/media\/350981"}],"wp:attachment":[{"href":"https:\/\/www.europesays.com\/fr\/wp-json\/wp\/v2\/media?parent=350980"}],"wp:term":[{"taxonomy":"category","embeddable":true,"href":"https:\/\/www.europesays.com\/fr\/wp-json\/wp\/v2\/categories?post=350980"},{"taxonomy":"post_tag","embeddable":true,"href":"https:\/\/www.europesays.com\/fr\/wp-json\/wp\/v2\/tags?post=350980"}],"curies":[{"name":"wp","href":"https:\/\/api.w.org\/{rel}","templated":true}]}}