{"id":350987,"date":"2025-08-29T00:41:15","date_gmt":"2025-08-29T00:41:15","guid":{"rendered":"https:\/\/www.europesays.com\/fr\/350987\/"},"modified":"2025-08-29T00:41:15","modified_gmt":"2025-08-29T00:41:15","slug":"2-2-victoires-pour-les-matchs-de-preparation-actualites-union-bordeaux-begles-ubb-rugby","status":"publish","type":"post","link":"https:\/\/www.europesays.com\/fr\/350987\/","title":{"rendered":"2\/2 victoires pour les matchs de pr\u00e9paration &#8211; Actualit\u00e9s &#8211; Union Bordeaux B\u00e8gles (UBB Rugby)"},"content":{"rendered":"<p>                    Nos Girondins avaient rendez-vous \u00e0 Agen, au stade Armandie, pour conclure leur pr\u00e9paration estivale par un second match amical. Alors que la premi\u00e8re mi-temps avait \u00e9t\u00e9 bien ma\u00eetris\u00e9e par nos Girondins (<strong>7-28<\/strong>), la seconde leur a donn\u00e9 davantage de fil \u00e0 retordre (<strong>28-35<\/strong>).<\/p>\n<p>La premi\u00e8re mi-temps se d\u00e9roulait sans accroc pour nos Bordeaux &amp; Blanc, qui r\u00e9ussissaient \u00e0 inscrire pas moins de quatre essais (<strong>Gazzotti, 10\u2019 ; Carbery, 16\u2019 ; Barlot, 20\u2019 ; Bielle-Biarrey, 27\u2019<\/strong>), contre un seul pour les Montalbanais (<strong>Powell &#8211; 36\u2019<\/strong>), incapables d\u2019imposer leur rythme durant ces quarante premi\u00e8res minutes. <strong>Joey Carbery<\/strong> venait parfaire cette prestation en r\u00e9ussissant toutes ses transformations.<\/p>\n<p><img loading=\"lazy\" decoding=\"async\" style=\"undefined\" src=\"https:\/\/www.europesays.com\/fr\/wp-content\/uploads\/2025\/08\/Mi-temps copie.png\" alt=\"\" width=\"1200\" height=\"1200\"\/><\/p>\n<p>La seconde mi-temps, en revanche, \u00e9tait plus compliqu\u00e9e puisque l\u2019USM Sapiac parvenait \u00e0 recoller au score avec trois essais en douze minutes. L\u2019essai de Jon Echegaray, sur une superbe chistera de Laharrague, permettait \u00e0 nos Girondins de rester dans le tempo et de garder l\u2019ascendant.\u00a0Pas moins de trois cartons jaunes venaient n\u00e9anmoins perturber le rythme de ces quarante minutes.<\/p>\n<p><img loading=\"lazy\" decoding=\"async\" src=\"https:\/\/www.europesays.com\/fr\/wp-content\/uploads\/2025\/08\/DSC04353-2.png\" alt=\"\" width=\"1200\" height=\"1200\"\/><\/p>\n<p><strong>Rendez-vous d\u00e8s la semaine prochaine pour la premi\u00e8re rencontre de Top 14 face aux Rochelais, samedi 6 septembre \u00e0 21h05.<\/strong><\/p>\n","protected":false},"excerpt":{"rendered":"Nos Girondins avaient rendez-vous \u00e0 Agen, au stade Armandie, pour conclure leur pr\u00e9paration estivale par un second match&hellip;\n","protected":false},"author":2,"featured_media":350988,"comment_status":"","ping_status":"","sticky":false,"template":"","format":"standard","meta":{"footnotes":""},"categories":[2817],"tags":[1111,47,11,4402,1997,4404,4401,4356,4400,4357,1983,1777,674,1011,27,1987,1114,2947,955,12,2219,4048,25,479,517,2858,478,4364,4403,1264],"class_list":{"0":"post-350987","1":"post","2":"type-post","3":"status-publish","4":"format-standard","5":"has-post-thumbnail","7":"category-bordeaux","8":"tag-actu","9":"tag-actualite","10":"tag-actualites","11":"tag-begles","12":"tag-bordeaux","13":"tag-chaban","14":"tag-challenge-cup","15":"tag-coronavirus","16":"tag-covid","17":"tag-covid-19","18":"tag-essai","19":"tag-eu","20":"tag-europe","21":"tag-fr","22":"tag-france","23":"tag-girondins","24":"tag-infos","25":"tag-lnr","26":"tag-match","27":"tag-news","28":"tag-nouvelle-aquitaine","29":"tag-presse","30":"tag-republique-francaise","31":"tag-rugby","32":"tag-sport","33":"tag-stade","34":"tag-top-14","35":"tag-ubb","36":"tag-union","37":"tag-victoire"},"share_on_mastodon":{"url":"https:\/\/pubeurope.com\/@fr\/115109277845420045","error":""},"_links":{"self":[{"href":"https:\/\/www.europesays.com\/fr\/wp-json\/wp\/v2\/posts\/350987","targetHints":{"allow":["GET"]}}],"collection":[{"href":"https:\/\/www.europesays.com\/fr\/wp-json\/wp\/v2\/posts"}],"about":[{"href":"https:\/\/www.europesays.com\/fr\/wp-json\/wp\/v2\/types\/post"}],"author":[{"embeddable":true,"href":"https:\/\/www.europesays.com\/fr\/wp-json\/wp\/v2\/users\/2"}],"replies":[{"embeddable":true,"href":"https:\/\/www.europesays.com\/fr\/wp-json\/wp\/v2\/comments?post=350987"}],"version-history":[{"count":0,"href":"https:\/\/www.europesays.com\/fr\/wp-json\/wp\/v2\/posts\/350987\/revisions"}],"wp:featuredmedia":[{"embeddable":true,"href":"https:\/\/www.europesays.com\/fr\/wp-json\/wp\/v2\/media\/350988"}],"wp:attachment":[{"href":"https:\/\/www.europesays.com\/fr\/wp-json\/wp\/v2\/media?parent=350987"}],"wp:term":[{"taxonomy":"category","embeddable":true,"href":"https:\/\/www.europesays.com\/fr\/wp-json\/wp\/v2\/categories?post=350987"},{"taxonomy":"post_tag","embeddable":true,"href":"https:\/\/www.europesays.com\/fr\/wp-json\/wp\/v2\/tags?post=350987"}],"curies":[{"name":"wp","href":"https:\/\/api.w.org\/{rel}","templated":true}]}}