{"id":35099,"date":"2025-04-18T23:12:14","date_gmt":"2025-04-18T23:12:14","guid":{"rendered":"https:\/\/www.europesays.com\/fr\/35099\/"},"modified":"2025-04-18T23:12:14","modified_gmt":"2025-04-18T23:12:14","slug":"au-proces-meta-mark-zuckerberg-veut-tourner-la-page-du-reseau-social","status":"publish","type":"post","link":"https:\/\/www.europesays.com\/fr\/35099\/","title":{"rendered":"Au proc\u00e8s Meta, Mark Zuckerberg veut tourner la page du r\u00e9seau social"},"content":{"rendered":"<p>Une dizaine d&rsquo;heures \u00e0 la barre pour Mark Zuckerberg. Le patron de Meta a quitt\u00e9 mercredi 16 avril le tribunal de Washington, o\u00f9 se d\u00e9roule le proc\u00e8s intent\u00e9 par la Federal Trade Commission (FTC) contre son entreprise. Pas de r\u00e9v\u00e9lation explosive lors des premiers jours d&rsquo;audience, mais plusieurs courriels internes savoureux et \u00e9changes r\u00e9v\u00e9lant les id\u00e9es parfois farfelues du dirigeant. Surtout, un d\u00e9bat central : que fait vraiment Meta aujourd&rsquo;hui ? Et qu&rsquo;est-ce qu&rsquo;un r\u00e9seau social ? Car c&rsquo;est cette d\u00e9finition qui d\u00e9terminera si les rachats d&rsquo;Instagram et de WhatsApp \u00e9taient l\u00e9gaux, ou s&rsquo;ils ont permis \u00e0 Meta d&rsquo;imposer un monopole.<\/p>\n<p>Pour la FTC, la r\u00e9ponse est claire : Meta domine le march\u00e9 des r\u00e9seaux sociaux dits \u00ab personnels \u00bb, ceux qui permettent de se connecter \u00e0 ses proches. Apr\u00e8s tout, cela a longtemps \u00e9t\u00e9 le slogan sur la page d&rsquo;accueil de la plateforme : \u00ab Facebook vous aide \u00e0 vous connecter et \u00e0 partager avec les personnes qui font partie de votre vie. \u00bb\u00a0Et sur ce terrain, seul Snapchat repr\u00e9sente encore un rival cr\u00e9dible, avance la FTC. Cette d\u00e9finition exclut TikTok, consid\u00e9r\u00e9 comme une plateforme de divertissement vid\u00e9o \u00e0 la YouTube. Exit aussi X (ex-Twitter) ou LinkedIn, davantage tourn\u00e9s vers l&rsquo;actualit\u00e9 ou le monde professionnel.<\/p>\n","protected":false},"excerpt":{"rendered":"Une dizaine d&rsquo;heures \u00e0 la barre pour Mark Zuckerberg. Le patron de Meta a quitt\u00e9 mercredi 16 avril&hellip;\n","protected":false},"author":2,"featured_media":35100,"comment_status":"","ping_status":"","sticky":false,"template":"","format":"standard","meta":{"footnotes":""},"categories":[6],"tags":[17,35,33,34,1011,27,11409,1016,8975,2694,1807,11411,9870,11410],"class_list":{"0":"post-35099","1":"post","2":"type-post","3":"status-publish","4":"format-standard","5":"has-post-thumbnail","7":"category-economie","8":"tag-17","9":"tag-business","10":"tag-economie","11":"tag-economy","12":"tag-fr","13":"tag-france","14":"tag-mark","15":"tag-meta","16":"tag-page","17":"tag-proces","18":"tag-technos-medias","19":"tag-tourner","20":"tag-veut","21":"tag-zuckerberg"},"share_on_mastodon":{"url":"https:\/\/pubeurope.com\/@fr\/114361502512120576","error":""},"_links":{"self":[{"href":"https:\/\/www.europesays.com\/fr\/wp-json\/wp\/v2\/posts\/35099","targetHints":{"allow":["GET"]}}],"collection":[{"href":"https:\/\/www.europesays.com\/fr\/wp-json\/wp\/v2\/posts"}],"about":[{"href":"https:\/\/www.europesays.com\/fr\/wp-json\/wp\/v2\/types\/post"}],"author":[{"embeddable":true,"href":"https:\/\/www.europesays.com\/fr\/wp-json\/wp\/v2\/users\/2"}],"replies":[{"embeddable":true,"href":"https:\/\/www.europesays.com\/fr\/wp-json\/wp\/v2\/comments?post=35099"}],"version-history":[{"count":0,"href":"https:\/\/www.europesays.com\/fr\/wp-json\/wp\/v2\/posts\/35099\/revisions"}],"wp:featuredmedia":[{"embeddable":true,"href":"https:\/\/www.europesays.com\/fr\/wp-json\/wp\/v2\/media\/35100"}],"wp:attachment":[{"href":"https:\/\/www.europesays.com\/fr\/wp-json\/wp\/v2\/media?parent=35099"}],"wp:term":[{"taxonomy":"category","embeddable":true,"href":"https:\/\/www.europesays.com\/fr\/wp-json\/wp\/v2\/categories?post=35099"},{"taxonomy":"post_tag","embeddable":true,"href":"https:\/\/www.europesays.com\/fr\/wp-json\/wp\/v2\/tags?post=35099"}],"curies":[{"name":"wp","href":"https:\/\/api.w.org\/{rel}","templated":true}]}}