{"id":350991,"date":"2025-08-29T00:43:15","date_gmt":"2025-08-29T00:43:15","guid":{"rendered":"https:\/\/www.europesays.com\/fr\/350991\/"},"modified":"2025-08-29T00:43:15","modified_gmt":"2025-08-29T00:43:15","slug":"toulouse-simpose-a-bayonne-et-termine-bien-sa-preparation","status":"publish","type":"post","link":"https:\/\/www.europesays.com\/fr\/350991\/","title":{"rendered":"Toulouse s\u2019impose \u00e0 Bayonne et termine bien sa pr\u00e9paration"},"content":{"rendered":"<p>Auteur d\u2019une belle performance \u00e0 Jean-Dauger, Toulouse a dispos\u00e9 de Bayonne \u00e0 l\u2019ext\u00e9rieur pour le dernier match de pr\u00e9paration avant la reprise du Top 14 (24-28).<\/p>\n<p class=\"fig-paragraph\"><a href=\"http:\/\/www.lefigaro.fr\/sports\/rugby\/top-14\/top-14-le-stade-toulousain-devoile-un-maillot-rendant-hommage-a-l-epopee-de-la-saison-1985-1986-20250822\" data-fig-type=\"NewsFlash\" data-gtm-custom-categorie=\"navigation\" data-gtm-custom-action=\"crossclick\" data-gtm-custom-label=\"Contextuel\" data-gtm-event=\"customEventSPE\" data-fig-domain=\"LEFIGARO\" target=\"_blank\" rel=\"noopener\">Le Stade Toulousain<\/a>\u00a0s\u2019est impos\u00e9 au Pays basque pour son dernier match de pr\u00e9paration de la saison. En effet, les joueurs d\u2019Ugo Mola ont \u00e9t\u00e9 en mesure de prendre le dessus sur une \u00e9quipe de Bayonne qui s\u2019incline une nouvelle fois avant la reprise du Top 14 la semaine prochaine (24-28).<\/p>\n<p class=\"fig-paragraph\">Apr\u00e8s un score de parit\u00e9 \u00e0 la pause (7-7), c\u2019est en deuxi\u00e8me p\u00e9riode que la rencontre s\u2019est d\u00e9brid\u00e9e. Avec quatre essais inscrits par Meafou, Delibes, Pouzelgues et Sa\u00efto, les Rouge et Noir ont fini par prendre le dessus sur<a href=\"http:\/\/www.lefigaro.fr\/sports\/rugby\/top-14\/top-14-je-n-ai-pas-vocation-a-mettre-gregory-patat-en-porte-a-faux-laurent-travers-ecarte-les-rumeurs-d-ingerence-avec-son-manager-a-bayonne-20250815\" data-fig-type=\"NewsFlash\" data-gtm-custom-categorie=\"navigation\" data-gtm-custom-action=\"crossclick\" data-gtm-custom-label=\"Contextuel\" data-gtm-event=\"customEventSPE\" data-fig-domain=\"LEFIGARO\" target=\"_blank\" rel=\"noopener\">\u00a0une \u00e9quipe de Bayonne<\/a>\u00a0combative, mais qui n\u2019a pas su faire la diff\u00e9rence.<\/p>\n","protected":false},"excerpt":{"rendered":"Auteur d\u2019une belle performance \u00e0 Jean-Dauger, Toulouse a dispos\u00e9 de Bayonne \u00e0 l\u2019ext\u00e9rieur pour le dernier match de&hellip;\n","protected":false},"author":2,"featured_media":350992,"comment_status":"","ping_status":"","sticky":false,"template":"","format":"standard","meta":{"footnotes":""},"categories":[2816],"tags":[1111,11,4736,1777,674,1011,27,12,2680,25,479,476,2312],"class_list":{"0":"post-350991","1":"post","2":"type-post","3":"status-publish","4":"format-standard","5":"has-post-thumbnail","7":"category-toulouse","8":"tag-actu","9":"tag-actualites","10":"tag-aviron-bayonnais","11":"tag-eu","12":"tag-europe","13":"tag-fr","14":"tag-france","15":"tag-news","16":"tag-occitanie","17":"tag-republique-francaise","18":"tag-rugby","19":"tag-stade-toulousain","20":"tag-toulouse"},"share_on_mastodon":{"url":"https:\/\/pubeurope.com\/@fr\/115109285240170950","error":""},"_links":{"self":[{"href":"https:\/\/www.europesays.com\/fr\/wp-json\/wp\/v2\/posts\/350991","targetHints":{"allow":["GET"]}}],"collection":[{"href":"https:\/\/www.europesays.com\/fr\/wp-json\/wp\/v2\/posts"}],"about":[{"href":"https:\/\/www.europesays.com\/fr\/wp-json\/wp\/v2\/types\/post"}],"author":[{"embeddable":true,"href":"https:\/\/www.europesays.com\/fr\/wp-json\/wp\/v2\/users\/2"}],"replies":[{"embeddable":true,"href":"https:\/\/www.europesays.com\/fr\/wp-json\/wp\/v2\/comments?post=350991"}],"version-history":[{"count":0,"href":"https:\/\/www.europesays.com\/fr\/wp-json\/wp\/v2\/posts\/350991\/revisions"}],"wp:featuredmedia":[{"embeddable":true,"href":"https:\/\/www.europesays.com\/fr\/wp-json\/wp\/v2\/media\/350992"}],"wp:attachment":[{"href":"https:\/\/www.europesays.com\/fr\/wp-json\/wp\/v2\/media?parent=350991"}],"wp:term":[{"taxonomy":"category","embeddable":true,"href":"https:\/\/www.europesays.com\/fr\/wp-json\/wp\/v2\/categories?post=350991"},{"taxonomy":"post_tag","embeddable":true,"href":"https:\/\/www.europesays.com\/fr\/wp-json\/wp\/v2\/tags?post=350991"}],"curies":[{"name":"wp","href":"https:\/\/api.w.org\/{rel}","templated":true}]}}