{"id":350993,"date":"2025-08-29T00:45:12","date_gmt":"2025-08-29T00:45:12","guid":{"rendered":"https:\/\/www.europesays.com\/fr\/350993\/"},"modified":"2025-08-29T00:45:12","modified_gmt":"2025-08-29T00:45:12","slug":"lom-proche-dun-accord-pour-edon-zhegrova","status":"publish","type":"post","link":"https:\/\/www.europesays.com\/fr\/350993\/","title":{"rendered":"L\u2019OM proche d\u2019un accord pour Edon Zhegrova"},"content":{"rendered":"<p>Le dossier <a href=\"https:\/\/www.footmercato.net\/joueur\/edon-zhegrova\/\" rel=\"nofollow noopener\" target=\"_blank\">Edon Zhegrova<\/a> devient l\u2019un des feuilletons de cette fin ao\u00fbt. <a href=\"https:\/\/www.footmercato.net\/a6172618404523061431-lom-vise-edon-zhegrova\" rel=\"nofollow noopener\" target=\"_blank\">Comme nous l\u2019avions r\u00e9v\u00e9l\u00e9<\/a>, l\u2019ailier de 26 ans est en discussions avec l\u2019Olympique de Marseille et a \u00e9t\u00e9 convaincu par le projet olympien apr\u00e8s les premiers contacts. Mais le dossier semblait compliqu\u00e9, puisqu\u2019il devait trouver un passeport europ\u00e9en afin de ne plus \u00eatre extra-communautaire, avant de trouver un terrain d\u2019entente avec <a href=\"https:\/\/www.footmercato.net\/club\/losc\/\" rel=\"nofollow noopener\" target=\"_blank\">Lille<\/a>, qui souhaite obtenir au moins 15 millions d\u2019euros, et 5 millions d\u2019euros de bonus, pour son joueur qui n\u2019a plus qu\u2019un an de contrat. <\/p>\n<p>            La suite apr\u00e8s cette publicit\u00e9<\/p>\n<p>Op\u00e9r\u00e9 d\u2019une pubalgie au bout d\u2019un long feuilleton avec le staff m\u00e9dical du club, Edon Zhegrova n\u2019a pas jou\u00e9 un seul match sur l\u2019ann\u00e9e 2025 et avait exprim\u00e9 ses envies de d\u00e9part durant l\u2019intersaison, ce qui l\u2019avait conduit \u00e0 \u00eatre \u00e9cart\u00e9 et \u00e0 s\u2019entra\u00eener avec l\u2019\u00e9quipe r\u00e9serve. Mais depuis, <a href=\"https:\/\/www.footmercato.net\/a8689649571619002979-lille-prend-une-decision-radicale-pour-edon-zhegrova\" rel=\"nofollow noopener\" target=\"_blank\">le LOSC a d\u00e9cid\u00e9 de r\u00e9int\u00e9grer l\u2019international kosovar<\/a> (34 s\u00e9lections, 4 buts) dans son effectif et son pr\u00e9sident, Olivier L\u00e9tang, avait affirm\u00e9 que l\u2019ex-joueur du FC B\u00e2le devrait bien finir son contrat. <\/p>\n<p>            La suite apr\u00e8s cette publicit\u00e9<\/p>\n<p>        Edon Zhegrova veut rejoindre l\u2019OM<\/p>\n<p>\u00abOn a envisag\u00e9 qu\u2019il puisse partir \u00e0 un moment donn\u00e9. Mais je pense qu\u2019aujourd\u2019hui, les conditions ne sont pas forc\u00e9ment r\u00e9unies pour qu\u2019il puisse partir. Et nous, on se dit que plut\u00f4t que d\u2019aller chercher quelqu\u2019un \u00e0 l\u2019ext\u00e9rieur, on a quelqu\u2019un qui est l\u00e0, \u00e0 la maison, qui va bien. Le pacte avec lui, c\u2019est qu\u2019il puisse faire la saison avec nous\u00bb. Pourtant, tout pourrait aller tr\u00e8s vite dans les prochaines heures, car l\u2019Olympique de Marseille n\u2019a clairement pas abandonn\u00e9 ce dossier. <\/p>\n<p>Selon nos informations, l\u2019Olympique de Marseille s\u2019est quasiment mis d\u2019accord avec l\u2019ailier de 22 ans qui vient d\u2019obtenir son passeport albanais. Avec 80 matches de <a href=\"https:\/\/www.footmercato.net\/france\/ligue-1\/\" rel=\"nofollow noopener\" target=\"_blank\">Ligue 1<\/a>, 15 buts et 12 passes d\u00e9cisives \u00e0 son actif, Zhegrova est donc pr\u00eat \u00e0 quitter le LOSC, qu\u2019il a rejoint en janvier 2022 contre 7 millions d\u2019euros, et tenter l\u2019aventure phoc\u00e9enne sous Roberto De Zerbi. Mais pour cela, les Olympiens vont devoir convaincre les Dogues, qui ont d\u00e9j\u00e0 perdu Lucas Chevalier (PSG) et Bafod\u00e9 Diakit\u00e9 (Bournemouth) ces derniers jours. <\/p>\n<p>\n    Pub. le 29\/08\/2025 01:26<br \/>\n            &#8211; MAJ le 29\/08\/2025 02:18\n    <\/p>\n","protected":false},"excerpt":{"rendered":"Le dossier Edon Zhegrova devient l\u2019un des feuilletons de cette fin ao\u00fbt. Comme nous l\u2019avions r\u00e9v\u00e9l\u00e9, l\u2019ailier de&hellip;\n","protected":false},"author":2,"featured_media":174856,"comment_status":"","ping_status":"","sticky":false,"template":"","format":"standard","meta":{"footnotes":""},"categories":[2815],"tags":[1111,11,1777,674,1011,27,811,1307,12,25],"class_list":{"0":"post-350993","1":"post","2":"type-post","3":"status-publish","4":"format-standard","5":"has-post-thumbnail","7":"category-lille","8":"tag-actu","9":"tag-actualites","10":"tag-eu","11":"tag-europe","12":"tag-fr","13":"tag-france","14":"tag-hauts-de-france","15":"tag-lille","16":"tag-news","17":"tag-republique-francaise"},"share_on_mastodon":{"url":"https:\/\/pubeurope.com\/@fr\/115109293162713965","error":""},"_links":{"self":[{"href":"https:\/\/www.europesays.com\/fr\/wp-json\/wp\/v2\/posts\/350993","targetHints":{"allow":["GET"]}}],"collection":[{"href":"https:\/\/www.europesays.com\/fr\/wp-json\/wp\/v2\/posts"}],"about":[{"href":"https:\/\/www.europesays.com\/fr\/wp-json\/wp\/v2\/types\/post"}],"author":[{"embeddable":true,"href":"https:\/\/www.europesays.com\/fr\/wp-json\/wp\/v2\/users\/2"}],"replies":[{"embeddable":true,"href":"https:\/\/www.europesays.com\/fr\/wp-json\/wp\/v2\/comments?post=350993"}],"version-history":[{"count":0,"href":"https:\/\/www.europesays.com\/fr\/wp-json\/wp\/v2\/posts\/350993\/revisions"}],"wp:featuredmedia":[{"embeddable":true,"href":"https:\/\/www.europesays.com\/fr\/wp-json\/wp\/v2\/media\/174856"}],"wp:attachment":[{"href":"https:\/\/www.europesays.com\/fr\/wp-json\/wp\/v2\/media?parent=350993"}],"wp:term":[{"taxonomy":"category","embeddable":true,"href":"https:\/\/www.europesays.com\/fr\/wp-json\/wp\/v2\/categories?post=350993"},{"taxonomy":"post_tag","embeddable":true,"href":"https:\/\/www.europesays.com\/fr\/wp-json\/wp\/v2\/tags?post=350993"}],"curies":[{"name":"wp","href":"https:\/\/api.w.org\/{rel}","templated":true}]}}