{"id":350994,"date":"2025-08-29T00:46:10","date_gmt":"2025-08-29T00:46:10","guid":{"rendered":"https:\/\/www.europesays.com\/fr\/350994\/"},"modified":"2025-08-29T00:46:10","modified_gmt":"2025-08-29T00:46:10","slug":"un-hommage-rendu-aux-cheminots-resistants","status":"publish","type":"post","link":"https:\/\/www.europesays.com\/fr\/350994\/","title":{"rendered":"Un hommage rendu aux cheminots r\u00e9sistants"},"content":{"rendered":"\n<p>\u00ab \u00c0 Marseille, les cheminots r\u00e9sistants de la Seconde Guerre mondiale ont pay\u00e9 le prix fort\u00a0\u00bb, d\u00e9clare R\u00e9my Hours, secr\u00e9taire g\u00e9n\u00e9ral de la CGT Cheminots Marseille. Ce jeudi 28\u00a0ao\u00fbt, pour comm\u00e9morer les 81\u00a0ans de la lib\u00e9ration de Marseille du joug nazi, une trentaine de cheminots ont r\u00e9pondu \u00e0 l\u2019appel du syndicat pour honorer la m\u00e9moire des travailleurs du rail. R\u00e9unis sur le Square Narvik, autour du monument des cheminots morts pendant la guerre, les participants ont d\u00e9pos\u00e9 deux gerbes de fleurs au pied de la st\u00e8le o\u00f9 sont grav\u00e9s les 500\u00a0noms de ceux que l\u2019on comm\u00e9more ce jeudi matin.<\/p>\n<p>Au micro, R\u00e9my Hours \u00e9voque le pass\u00e9, mais pense aussi \u00e0 l\u2019avenir\u00a0: \u00ab\u00a0En 1944, Marseille, ville ouvri\u00e8re, ville portuaire, ville populaire, s\u2019est lev\u00e9e d\u2019une seule voix pour dire non \u00e0 l\u2019oppresseur. Aujourd\u2019hui, notre m\u00e9moire nous ordonne de continuer \u00e0 lutter pour la libert\u00e9 et le droit des travailleurs\u00a0\u00bb.<\/p>\n<p>Un devoir de m\u00e9moire que les cheminots marseillais prennent tr\u00e8s au s\u00e9rieux puisque 36\u00a0membres du Casi cheminot Paca faisaient partie de la d\u00e9l\u00e9gation proven\u00e7ale pr\u00e9sente au Japon, au d\u00e9but du mois, pour comm\u00e9morer les 80\u00a0ans des bombardements atomiques. Pour Fran\u00e7ois Tejedor, secr\u00e9taire g\u00e9n\u00e9ral de la CGT Cheminots Paca, ce rassemblement est un moyen de faire face \u00e0 une s\u00e9quence politique inqui\u00e9tante\u00a0: \u00ab\u00a0On voit aujourd\u2019hui que beaucoup se laissent s\u00e9duire par des discours fascisants. Avec cette comm\u00e9moration, nous essayons de montrer qu\u2019ils sont pr\u00eats \u00e0 recommencer 81\u00a0ans plus tard\u00a0\u00bb.<\/p>\n<p>Une vigilance que le syndicaliste entend transmettre aux g\u00e9n\u00e9rations futures. \u00ab\u00a0Nous avons \u00e9t\u00e9 jeunes un jour et nos anciens secr\u00e9taires g\u00e9n\u00e9raux nous ont appris l\u2019importance de ces c\u00e9r\u00e9monies. C\u2019est un h\u00e9ritage qu\u2019on va laisser aux autres comme on nous l\u2019a laiss\u00e9\u00a0\u00bb, rappelle-t-il, le regard tourn\u00e9 en direction d\u2019une petite fille intrigu\u00e9e par les fleurs fra\u00eechement d\u00e9pos\u00e9es.<\/p>\n","protected":false},"excerpt":{"rendered":"\u00ab \u00c0 Marseille, les cheminots r\u00e9sistants de la Seconde Guerre mondiale ont pay\u00e9 le prix fort\u00a0\u00bb, d\u00e9clare R\u00e9my&hellip;\n","protected":false},"author":2,"featured_media":350995,"comment_status":"","ping_status":"","sticky":false,"template":"","format":"standard","meta":{"footnotes":""},"categories":[2814],"tags":[1111,11,1777,674,1011,27,884,12,36175,882,25],"class_list":{"0":"post-350994","1":"post","2":"type-post","3":"status-publish","4":"format-standard","5":"has-post-thumbnail","7":"category-marseille","8":"tag-actu","9":"tag-actualites","10":"tag-eu","11":"tag-europe","12":"tag-fr","13":"tag-france","14":"tag-marseille","15":"tag-news","16":"tag-paul-cayre","17":"tag-provence-alpes-cote-dazur","18":"tag-republique-francaise"},"share_on_mastodon":{"url":"https:\/\/pubeurope.com\/@fr\/115109297039219300","error":""},"_links":{"self":[{"href":"https:\/\/www.europesays.com\/fr\/wp-json\/wp\/v2\/posts\/350994","targetHints":{"allow":["GET"]}}],"collection":[{"href":"https:\/\/www.europesays.com\/fr\/wp-json\/wp\/v2\/posts"}],"about":[{"href":"https:\/\/www.europesays.com\/fr\/wp-json\/wp\/v2\/types\/post"}],"author":[{"embeddable":true,"href":"https:\/\/www.europesays.com\/fr\/wp-json\/wp\/v2\/users\/2"}],"replies":[{"embeddable":true,"href":"https:\/\/www.europesays.com\/fr\/wp-json\/wp\/v2\/comments?post=350994"}],"version-history":[{"count":0,"href":"https:\/\/www.europesays.com\/fr\/wp-json\/wp\/v2\/posts\/350994\/revisions"}],"wp:featuredmedia":[{"embeddable":true,"href":"https:\/\/www.europesays.com\/fr\/wp-json\/wp\/v2\/media\/350995"}],"wp:attachment":[{"href":"https:\/\/www.europesays.com\/fr\/wp-json\/wp\/v2\/media?parent=350994"}],"wp:term":[{"taxonomy":"category","embeddable":true,"href":"https:\/\/www.europesays.com\/fr\/wp-json\/wp\/v2\/categories?post=350994"},{"taxonomy":"post_tag","embeddable":true,"href":"https:\/\/www.europesays.com\/fr\/wp-json\/wp\/v2\/tags?post=350994"}],"curies":[{"name":"wp","href":"https:\/\/api.w.org\/{rel}","templated":true}]}}