{"id":350996,"date":"2025-08-29T00:47:10","date_gmt":"2025-08-29T00:47:10","guid":{"rendered":"https:\/\/www.europesays.com\/fr\/350996\/"},"modified":"2025-08-29T00:47:10","modified_gmt":"2025-08-29T00:47:10","slug":"traore-est-a-marseille-ordonez-sen-eloigne","status":"publish","type":"post","link":"https:\/\/www.europesays.com\/fr\/350996\/","title":{"rendered":"Traor\u00e9 est \u00e0 Marseille, Ordo\u00f1ez s\u2019en \u00e9loigne"},"content":{"rendered":"\n<p>L\u2019OM continue de s\u2019activer dans ces derniers jours du march\u00e9 estival des transferts. Apr\u00e8s que l\u2019accord avec le Real au sujet de Dani Ceballos soit tomb\u00e9 \u00e0 l\u2019eau, c\u2019est d\u2019outre-Manche qu\u2019est arriv\u00e9e la bonne nouvelle. L\u2019OM et Bournemouth se sont mis au diapason concernant Hamed Traor\u00e9. Ce qui n\u2019\u00e9tait encore que conditionnel est devenu indicatif, lorsque l\u2019ancien Auxerrois a atterri \u00e0 l\u2019aviation g\u00e9n\u00e9rale de Marignane. Avec Thierry Mode, alias \u00ab\u00a0C\u2019est toi le boss\u00a0\u00bb, qui l\u2019attendait avec l\u2019\u00e9charpe de l\u2019OM pour la bienvenue.<\/p>\n<p>Hamed Traor\u00e9 a ensuite pris la direction de La\u00a0Commanderie. Au programme, la traditionnelle visite m\u00e9dicale qui, une fois satisfaite, \u00e9tait suivie de la signature du contrat, sur la base d\u2019un pr\u00eat, avec option d\u2019achat assortie d\u2019un engagement sur cinq ans.<\/p>\n<p>C\u00f4t\u00e9 d\u00e9parts, le club marseillais a trouv\u00e9 un accord avec G\u00e9rone au sujet d\u2019Azzedine Ounahi, contre un ch\u00e8que de 6\u00a0millions d\u2019euros.<\/p>\n<p> Le bureau de Pablo Longoria \u00ab\u00a0ouvert\u00a0\u00bb pour Rabiot\n              <\/p>\n<p>Au rayon renforts, l\u2019OM esp\u00e9rait obtenir la confirmation de la venue de Jo\u00ebl Ordo\u00f1ez. Toutefois, la qualification de Bruges et le duel \u00e0 venir face \u00e0 l\u2019OM en Ligue des Champions ont chang\u00e9 la donne. \u00ab\u00a0La diff\u00e9rence par rapport \u00e0 une qualification pour la phase de groupes de la Ligue Europa est d&rsquo;environ 20\u00a0millions d&rsquo;euros\u00a0\u00bb, a indiqu\u00e9 Bob Malou sur les ondes d\u2019une radio belge. Le pr\u00e9sident brugeois pr\u00e9vient\u00a0: \u00ab\u00a0Il n&rsquo;y a plus de grands projets, ni de signatures, ni de transferts. Mais soyons clairs\u00a0: nous aimerions aller en Ligue des champions avec toute cette \u00e9quipe.\u00a0\u00bb<\/p>\n<p>En suspens, le cas Adrien Rabiot. Apr\u00e8s la victoire face au Paris\u00a0FC, Roberto De\u00a0Zerbi lui a tendu la main. Pablo Longoria semble \u00e9galement pr\u00eat \u00e0 une r\u00e9conciliation. \u00ab\u00a0La porte de mon bureau est toujours ouverte, que ce soit pour Rabiot ou un autre. La chose la plus importante, c\u2019est d\u2019avoir des discussions sinc\u00e8res.\u00a0\u00bb<\/p>\n","protected":false},"excerpt":{"rendered":"L\u2019OM continue de s\u2019activer dans ces derniers jours du march\u00e9 estival des transferts. Apr\u00e8s que l\u2019accord avec le&hellip;\n","protected":false},"author":2,"featured_media":350997,"comment_status":"","ping_status":"","sticky":false,"template":"","format":"standard","meta":{"footnotes":""},"categories":[2814],"tags":[1111,11,885,1777,674,1011,27,884,12,882,25],"class_list":{"0":"post-350996","1":"post","2":"type-post","3":"status-publish","4":"format-standard","5":"has-post-thumbnail","7":"category-marseille","8":"tag-actu","9":"tag-actualites","10":"tag-bouches-du-rhone","11":"tag-eu","12":"tag-europe","13":"tag-fr","14":"tag-france","15":"tag-marseille","16":"tag-news","17":"tag-provence-alpes-cote-dazur","18":"tag-republique-francaise"},"share_on_mastodon":{"url":"https:\/\/pubeurope.com\/@fr\/115109301014586429","error":""},"_links":{"self":[{"href":"https:\/\/www.europesays.com\/fr\/wp-json\/wp\/v2\/posts\/350996","targetHints":{"allow":["GET"]}}],"collection":[{"href":"https:\/\/www.europesays.com\/fr\/wp-json\/wp\/v2\/posts"}],"about":[{"href":"https:\/\/www.europesays.com\/fr\/wp-json\/wp\/v2\/types\/post"}],"author":[{"embeddable":true,"href":"https:\/\/www.europesays.com\/fr\/wp-json\/wp\/v2\/users\/2"}],"replies":[{"embeddable":true,"href":"https:\/\/www.europesays.com\/fr\/wp-json\/wp\/v2\/comments?post=350996"}],"version-history":[{"count":0,"href":"https:\/\/www.europesays.com\/fr\/wp-json\/wp\/v2\/posts\/350996\/revisions"}],"wp:featuredmedia":[{"embeddable":true,"href":"https:\/\/www.europesays.com\/fr\/wp-json\/wp\/v2\/media\/350997"}],"wp:attachment":[{"href":"https:\/\/www.europesays.com\/fr\/wp-json\/wp\/v2\/media?parent=350996"}],"wp:term":[{"taxonomy":"category","embeddable":true,"href":"https:\/\/www.europesays.com\/fr\/wp-json\/wp\/v2\/categories?post=350996"},{"taxonomy":"post_tag","embeddable":true,"href":"https:\/\/www.europesays.com\/fr\/wp-json\/wp\/v2\/tags?post=350996"}],"curies":[{"name":"wp","href":"https:\/\/api.w.org\/{rel}","templated":true}]}}