{"id":350998,"date":"2025-08-29T00:48:12","date_gmt":"2025-08-29T00:48:12","guid":{"rendered":"https:\/\/www.europesays.com\/fr\/350998\/"},"modified":"2025-08-29T00:48:12","modified_gmt":"2025-08-29T00:48:12","slug":"lyon-gregory-doucet-supprime-un-aliment-phare-des-cantines-scolaires-voici-pourquoi","status":"publish","type":"post","link":"https:\/\/www.europesays.com\/fr\/350998\/","title":{"rendered":"Lyon. Gr\u00e9gory Doucet supprime un aliment phare des cantines scolaires, voici pourquoi"},"content":{"rendered":"<p>            Par<br \/>\n        <strong><br \/>\n            <a href=\"https:\/\/actu.fr\/auteur\/redaction-lyon\" title=\"Consulter tous les articles de R\u00e9daction Lyon\" rel=\"nofollow noopener\" target=\"_blank\">R\u00e9daction Lyon<\/a><br \/>\n        <\/strong><\/p>\n<p>        Publi\u00e9 le<\/p>\n<p>            28 ao\u00fbt 2025 \u00e0 18h24        <\/p>\n<p>Le maire \u00e9cologiste <strong>Gr\u00e9gory Doucet<\/strong> continue de modifier le menu des cantines scolaires \u00e0 <a href=\"https:\/\/actu.fr\/lyon\/\" rel=\"nofollow noopener\" target=\"_blank\">Lyon<\/a>. Apr\u00e8s avoir mis plus de bio, de local et r\u00e9duit la viande, il retire cette fois-ci un poisson qui fait pol\u00e9mique pour une question de sant\u00e9 publique.<\/p>\n<p class=\" wall-content\">Huit mairies repr\u00e9sentant plus de 3,5 millions d\u2019habitants, dont Paris et Lyon, ont d\u00e9cid\u00e9 de temporairement <strong>bannir le thon des menus de leurs cantines scolaires<\/strong> pour \u00ab\u00a0faire cesser l\u2019exposition des enfants au mercure\u00a0\u00bb, un m\u00e9tal neurotoxique, ont-elles annonc\u00e9 jeudi.<\/p>\n<p>Le thon contamin\u00e9 au mercure<\/p>\n<p class=\" wall-content\">En octobre 2024, les ONG Bloom et Foodwatch avaient alert\u00e9 sur la <strong>contamination du thon au mercure<\/strong> apr\u00e8s avoir fait tester al\u00e9atoirement 148 bo\u00eetes de thon en conserve par un laboratoire ind\u00e9pendant.<\/p>\n<p class=\" wall-content\">L\u2019\u00e9tude avait montr\u00e9 que 100% des bo\u00eetes test\u00e9es \u00e9taient contamin\u00e9es au mercure, class\u00e9 par l\u2019Organisation mondiale de la sant\u00e9 (OMS) parmi les dix substances les plus pr\u00e9occupantes pour la sant\u00e9 publique.<\/p>\n<p>\u00ab\u00a0Les enfants peuvent tr\u00e8s vite d\u00e9passer la dose hebdomadaire tol\u00e9rable\u00a0\u00bb<\/p>\n<p class=\" wall-content\">Critiquant l\u2019absence de mesures prises depuis cette \u00e9tude, les villes signataires, dont font aussi partie Mouans-Sartoux (Alpes-Maritimes), B\u00e8gles, Grenoble, Lille, Montpellier et Rennes, ont d\u00e9cid\u00e9 \u00ab\u00a0de ne pas servir de produits \u00e0 base de thon dans les menus scolaires\u00a0\u00bb.\u00a0<\/p>\n<p class=\" wall-content\">\u00ab\u00a0Premi\u00e8res victimes de cette norme \u00e9tablie sans prendre en compte la sant\u00e9 des consommateurs, les enfants peuvent tr\u00e8s vite d\u00e9passer la dose hebdomadaire tol\u00e9rable (DHT), c\u2019est-\u00e0-dire la quantit\u00e9 maximale ing\u00e9rable r\u00e9guli\u00e8rement au cours d\u2019une vie avant de s\u2019exposer \u00e0 un risque sanitaire\u00a0\u00bb, alertent les huit collectivit\u00e9s signataires dans un communiqu\u00e9.<\/p>\n<p class=\" wall-content\">\u00ab\u00a0Une fois ing\u00e9r\u00e9, ce puissant neurotoxique peut se loger dans le cerveau et avoir des effets d\u00e9vastateurs, en particulier sur le d\u00e9veloppement neuronal des plus jeunes (baisse de QI, troubles neuromoteurs, troubles du comportement, troubles de la m\u00e9moire, etc.)\u00a0\u00bb,\u00a0poursuit le communiqu\u00e9.<\/p>\n<p>Votre r\u00e9gion, votre actu !<\/p>\n<p>Recevez chaque jour les infos qui comptent pour vous.<\/p>\n<p>\t<a href=\"https:\/\/actu.fr\/newsletter\" class=\"ac-btn ac-btn--corner ac-btn--medium ac-btn--blue800\" rel=\"nofollow noopener\" target=\"_blank\">S&rsquo;incrire<\/a><br \/>\nUne teneur en mercure qui inqui\u00e8te les maires<\/p>\n<p class=\" wall-content\">Selon Bloom, pour plus d\u2019une bo\u00eete sur deux test\u00e9e, la teneur en mercure d\u00e9passe la limite maximale fix\u00e9e pour d\u2019autres esp\u00e8ces de poissons comme le cabillaud ou les anchois, soit 0,3 mg\/kg.<\/p>\n<p class=\" wall-content\">Pour le thon, la limite a \u00e9t\u00e9 fix\u00e9e \u00e0 1 mg\/kg, mais ce seuil est calcul\u00e9 sur le \u00ab\u00a0produit frais\u00a0\u00bb.\u00a0<br \/>Or, selon les calculs de l\u2019ONG, cela revient \u00e0 une teneur d\u2019environ 2,7 mg\/kg dans la conserve, car le mercure est plus concentr\u00e9 une fois le produit d\u00e9shydrat\u00e9.<\/p>\n<p class=\" wall-content\">\u00ab\u00a0Ce qui est assez surprenant, c\u2019est que le thon ait droit \u00e0 une d\u00e9rogation de taux de mercure par rapport aux autres poissons. Nous, on souhaite appliquer le principe de pr\u00e9caution\u00a0\u00bb, a expliqu\u00e9 \u00e0 l\u2019AFP Gilles P\u00e9role, adjoint au maire de Mouans-Sartoux.<\/p>\n<p class=\" wall-content\">L\u2019absence du thon dans les menus \u00ab\u00a0ne pourra \u00eatre revue sans que la limite maximale de mercure autoris\u00e9e dans le thon ne soit abaiss\u00e9e \u00e0 la teneur la plus stricte existant pour le poisson, \u00e0 savoir 0,3 mg\/kg\u00a0\u00bb, pr\u00e9cisent les collectivit\u00e9s.<\/p>\n<p class=\" wall-content\"><strong>Avec AFP<\/strong><\/p>\n<p class=\" wall-content\">Personnalisez votre actualit\u00e9 en ajoutant vos villes et m\u00e9dias en favori avec <a href=\"https:\/\/moncompte.actu.fr\" title=\"D\u00e9couvez Mon Actu\" rel=\"nofollow noopener\" data-trk=\"{&quot;cta&quot;:{&quot;action&quot;:&quot;https:\\\/\\\/moncompte.actu.fr&quot;,&quot;category&quot;:&quot;mon compte&quot;,&quot;from&quot;:&quot;article footer&quot;,&quot;name&quot;:&quot;Mon actu&quot;,&quot;type&quot;:&quot;cta&quot;}}\" target=\"_blank\">Mon Actu<\/a>.<\/p>\n","protected":false},"excerpt":{"rendered":"Par R\u00e9daction Lyon Publi\u00e9 le 28 ao\u00fbt 2025 \u00e0 18h24 Le maire \u00e9cologiste Gr\u00e9gory Doucet continue de modifier&hellip;\n","protected":false},"author":2,"featured_media":350999,"comment_status":"","ping_status":"","sticky":false,"template":"","format":"standard","meta":{"footnotes":""},"categories":[1889],"tags":[1111,11,2430,1777,674,1011,27,2428,12,25,104],"class_list":{"0":"post-350998","1":"post","2":"type-post","3":"status-publish","4":"format-standard","5":"has-post-thumbnail","7":"category-lyon","8":"tag-actu","9":"tag-actualites","10":"tag-auvergne-rhone-alpes","11":"tag-eu","12":"tag-europe","13":"tag-fr","14":"tag-france","15":"tag-lyon","16":"tag-news","17":"tag-republique-francaise","18":"tag-societe"},"share_on_mastodon":{"url":"https:\/\/pubeurope.com\/@fr\/115109305727161216","error":""},"_links":{"self":[{"href":"https:\/\/www.europesays.com\/fr\/wp-json\/wp\/v2\/posts\/350998","targetHints":{"allow":["GET"]}}],"collection":[{"href":"https:\/\/www.europesays.com\/fr\/wp-json\/wp\/v2\/posts"}],"about":[{"href":"https:\/\/www.europesays.com\/fr\/wp-json\/wp\/v2\/types\/post"}],"author":[{"embeddable":true,"href":"https:\/\/www.europesays.com\/fr\/wp-json\/wp\/v2\/users\/2"}],"replies":[{"embeddable":true,"href":"https:\/\/www.europesays.com\/fr\/wp-json\/wp\/v2\/comments?post=350998"}],"version-history":[{"count":0,"href":"https:\/\/www.europesays.com\/fr\/wp-json\/wp\/v2\/posts\/350998\/revisions"}],"wp:featuredmedia":[{"embeddable":true,"href":"https:\/\/www.europesays.com\/fr\/wp-json\/wp\/v2\/media\/350999"}],"wp:attachment":[{"href":"https:\/\/www.europesays.com\/fr\/wp-json\/wp\/v2\/media?parent=350998"}],"wp:term":[{"taxonomy":"category","embeddable":true,"href":"https:\/\/www.europesays.com\/fr\/wp-json\/wp\/v2\/categories?post=350998"},{"taxonomy":"post_tag","embeddable":true,"href":"https:\/\/www.europesays.com\/fr\/wp-json\/wp\/v2\/tags?post=350998"}],"curies":[{"name":"wp","href":"https:\/\/api.w.org\/{rel}","templated":true}]}}