{"id":351000,"date":"2025-08-29T00:49:17","date_gmt":"2025-08-29T00:49:17","guid":{"rendered":"https:\/\/www.europesays.com\/fr\/351000\/"},"modified":"2025-08-29T00:49:17","modified_gmt":"2025-08-29T00:49:17","slug":"jardin-des-balmes-des-logements-abordables-a-la-croix-rousse","status":"publish","type":"post","link":"https:\/\/www.europesays.com\/fr\/351000\/","title":{"rendered":"Jardin des Balmes : des logements abordables \u00e0 la Croix-Rousse"},"content":{"rendered":"<p>L\u2019attractivit\u00e9 du quartier de la Croix-Rousse contribue \u00e0 faire grimper les prix de l\u2019immobilier. L\u2019\u2019op\u00e9ration \u201cLe Jardin des balmes\u201d est innovante. Elle permet d\u2019offrir la possibilit\u00e9 de devenir propri\u00e9taire \u00e0 la Croix-Rousse, gr\u00e2ce \u00e0 un prix plus abordable que dans le priv\u00e9. Gr\u00e2ce au Bail R\u00e9el Solidaire\u2026<\/p>\n<p>Comme de nombreuses agglom\u00e9rations fran\u00e7aises, Lyon et sa m\u00e9tropole subissent une importante <strong>crise du logement<\/strong>, due notamment \u00e0 la <strong>forte attractivit\u00e9 du territoire<\/strong>. Selon l\u2019Insee, la population lyonnaise aurait augment\u00e9 de 10 % ces dix derni\u00e8res ann\u00e9es. La demande est donc trop importante par rapport au nombre de logements disponibles. Le r\u00e9sultat : une <strong>inflation des loyers et des prix immobiliers<\/strong>. Pour lutter contre cette situation compliqu\u00e9e, des <strong>projets immobiliers accessibles<\/strong> sont en cours sur le territoire, notamment dans le <strong>4\u1d49 arrondissement de Lyon<\/strong> avec le programme <strong>Jardin des Balmes<\/strong>. Un reportage de <strong>Th\u00e9ophile Eliot<\/strong>.<\/p>\n<p>Ecoutez le podcast<\/p>\n<p>Jardin des Balmes<\/p>\n<p>Face \u00e0 une crise du logement qui touche durement la m\u00e9tropole lyonnaise, un <strong>projet immobilier<\/strong> voit le jour \u00e0 la <strong>Croix-Rousse<\/strong>. Le <strong>programme Jardin des Balmes<\/strong> doit permettre de livrer <strong>105 logements abordables<\/strong> d\u2019ici 2026. Une initiative salu\u00e9e par les \u00e9lus, les bailleurs sociaux et les constructeurs. L\u2019ensemble est construit sur l\u2019ancien site du <strong>coll\u00e8ge Maurice Sc\u00e8ve.<\/strong><\/p>\n<p>Ecoutez aussi : <a href=\"https:\/\/www.lyondemain.fr\/reseau-de-froid-part-dieu-lyon-dalkia\/\" target=\"_blank\" rel=\"noreferrer noopener\">Un r\u00e9seau de froid aliment\u00e9 par l\u2019eau des parkings lyonnais<\/a><\/p>\n<p><img fetchpriority=\"high\" decoding=\"async\" width=\"1200\" height=\"675\" src=\"https:\/\/www.europesays.com\/fr\/wp-content\/uploads\/2025\/08\/Jardin-des-Balmes-lancement-chantier.png\" alt=\"lancement chantier\" class=\"wp-image-251276\"  \/><\/p>\n<p>Logement social et logement priv\u00e9 accessible<\/p>\n<p>\u00ab On a une crise de logements qui est tr\u00e8s forte sur la <strong>M\u00e9tropole de Lyon<\/strong>. Comme partout en France \u00bb, rappelle <strong>Bruno Bernard<\/strong>, pr\u00e9sident de la <strong>M\u00e9tropole de Lyon<\/strong>. Initialement pr\u00e9vu avec 70 % de logements priv\u00e9s, le programme a \u00e9t\u00e9 r\u00e9orient\u00e9 pour \u00eatre <strong>enti\u00e8rement abordable<\/strong>.<\/p>\n<p>\u00ab L\u2019objectif, c\u2019est de construire \u00e0 la fois du <strong>logement social<\/strong> et du <strong>logement priv\u00e9 accessible<\/strong> \u00bb, pr\u00e9cise-t-il, citant \u00e9galement d\u2019autres projets embl\u00e9matiques comme <strong>Gratte-Ciel Nord<\/strong> ou la <strong>Part-Dieu<\/strong>.<\/p>\n<p>Au sein des 105 logements, 38 seront des <strong>locatifs sociaux<\/strong> propos\u00e9s autour de 6 \u20ac le m\u00e8tre carr\u00e9. Les 67 autres seront <strong><a href=\"https:\/\/www.actionlogement.fr\/guides\/acheter-un-bien-immobilier\/comprendre-bail-reel-solidaire\" target=\"_blank\" rel=\"noreferrer noopener\">accessibles \u00e0 la propri\u00e9t\u00e9<\/a><\/strong> gr\u00e2ce au <strong>Bail R\u00e9el Solidaire<\/strong>, \u00e0 des<strong> prix environ deux fois inf\u00e9rieurs \u00e0 ceux du march\u00e9<\/strong>.<\/p>\n<p>\u00ab L\u2019enjeu principal, c\u2019\u00e9tait de travailler la mixit\u00e9 sociale \u00bb, explique <strong>Jean-No\u00ebl Freixinos<\/strong>, directeur g\u00e9n\u00e9ral de<strong> <a href=\"https:\/\/www.grandlyonhabitat.fr\/je-cherche-un-bien\/devenir-proprietaire\/a-vendre-appartement-neuf-a-lyon-4e-croix-rousse\/operation-le-jardin-des-balmes-a-lyon-croix-rousse\/\" target=\"_blank\" rel=\"noreferrer noopener\">GrandLyon Habitat<\/a><\/strong>. Pr\u00e8s de la moiti\u00e9 des acqu\u00e9reurs sont <strong>d\u00e9j\u00e0 habitants de la Croix-Rousse<\/strong>. Une opportunit\u00e9 pour ces familles de rester dans leur quartier malgr\u00e9 la pression immobili\u00e8re\u2026<\/p>\n<p>Ecoutez aussi : <a href=\"https:\/\/www.lyondemain.fr\/gratte-ciel-contrefort-villeurbanne\/\" target=\"_blank\" rel=\"noreferrer noopener\">Gratte-Ciel : un centre-ville qui se contreforte pour ses 100 ans<\/a><\/p>\n<p><img loading=\"lazy\" decoding=\"async\" width=\"1200\" height=\"675\" src=\"https:\/\/www.europesays.com\/fr\/wp-content\/uploads\/2025\/08\/Jardin-des-Balmes-terre-crue-et-brique-de-chanvre.png\" alt=\"Jardin des Balmes\" class=\"wp-image-251277\"  \/><\/p>\n<p>Terre crue et b\u00e9ton de chanvre<\/p>\n<p>L\u2019aspect environnemental n\u2019est pas en reste. <strong>David Bollache<\/strong>, de l\u2019<strong>entreprise Mazaud<\/strong>, insiste sur l\u2019usage de <strong>mat\u00e9riaux \u00e9coresponsables et innovants<\/strong>. Tels que la <strong><a href=\"https:\/\/terre-alternative.fr\/index.php\/maconnerie-ancienne\/brique-de-terre-crue\/\" target=\"_blank\" rel=\"noreferrer noopener\">brique de terre crue<\/a><\/strong> et des blocs de <strong><a href=\"https:\/\/www.construire-en-chanvre.fr\/bonnes-pratiques\" target=\"_blank\" rel=\"noreferrer noopener\">b\u00e9ton de chanvre<\/a><\/strong>.<\/p>\n<p>\u00ab Ces produits permettent de <strong>limiter la chaleur l\u2019\u00e9t\u00e9 <\/strong>et garantissent une <strong>meilleure durabilit\u00e9<\/strong>, tout en r\u00e9duisant l<strong>\u2019impact chimique<\/strong> de la construction. \u00bb<\/p>\n<p>Depuis le d\u00e9but du mandat, la <strong><a href=\"https:\/\/www.grandlyon.com\/mes-services-au-quotidien\/se-loger-ameliorer-ou-louer-son-logement\/acheter-un-logement-abordable\" target=\"_blank\" rel=\"noreferrer noopener\">M\u00e9tropole de Lyon<\/a><\/strong> revendique d\u00e9j\u00e0 la cr\u00e9ation de <strong>1 750 logements en Bail R\u00e9el Solidaire<\/strong>. Le <strong>Jardin des Balmes<\/strong> s\u2019inscrit donc comme une nouvelle pierre \u00e0 l\u2019\u00e9difice d\u2019un <strong>habitat plus accessible, plus social et plus durable<\/strong> \u00e0 Lyon.<\/p>\n<p>Ecoutez aussi : <a href=\"https:\/\/www.lyondemain.fr\/poes-gilgamesh-venissieux\/\" target=\"_blank\" rel=\"noreferrer noopener\">Poes raconte Gilgamesh sur un mur des Minguettes<\/a><\/p>\n<p><img loading=\"lazy\" decoding=\"async\" width=\"1200\" height=\"675\" src=\"https:\/\/www.europesays.com\/fr\/wp-content\/uploads\/2025\/08\/Jardin-des-Balmes-Croix-Rousse.png\" alt=\"Jardin des Balmes \" class=\"wp-image-251275\"  \/><br \/>\nJ\u2019aime \u00e7a\u00a0:<\/p>\n<p>J\u2019aime chargement\u2026<\/p>\n<p><a class=\"sd-link-color\"\/><\/p>\n<p>\n\tArticles similaires\n<\/p>\n<p>\t\t\t\t<img decoding=\"async\" src=\"https:\/\/www.europesays.com\/fr\/wp-content\/uploads\/2025\/08\/1756428557_559_7866158698e17e8ed633c05e8f8e7fe5d9e057ad78661c4dc34e413abb6b9f19\" alt=\"G\u00e9rald Bouchon\"\/><\/p>\n<p>Pionnier des radios libres, passionn\u00e9 de radio, journaliste et dirigeant de m\u00e9dias \u00e9co-responsables..<\/p>\n","protected":false},"excerpt":{"rendered":"L\u2019attractivit\u00e9 du quartier de la Croix-Rousse contribue \u00e0 faire grimper les prix de l\u2019immobilier. L\u2019\u2019op\u00e9ration \u201cLe Jardin des&hellip;\n","protected":false},"author":2,"featured_media":351001,"comment_status":"","ping_status":"","sticky":false,"template":"","format":"standard","meta":{"footnotes":""},"categories":[1889],"tags":[1111,11,2430,31325,48752,5921,2838,1777,674,1011,27,37119,48753,1908,31328,16354,2428,12,48754,25,48755],"class_list":{"0":"post-351000","1":"post","2":"type-post","3":"status-publish","4":"format-standard","5":"has-post-thumbnail","7":"category-lyon","8":"tag-actu","9":"tag-actualites","10":"tag-auvergne-rhone-alpes","11":"tag-bail-reel-solidaire","12":"tag-beton-de-chanvre","13":"tag-bruno-bernard","14":"tag-croix-rousse","15":"tag-eu","16":"tag-europe","17":"tag-fr","18":"tag-france","19":"tag-grand-lyon-habitat","20":"tag-jardin-des-balmes","21":"tag-logement","22":"tag-logement-abordable","23":"tag-logement-social","24":"tag-lyon","25":"tag-news","26":"tag-programme-immobilier","27":"tag-republique-francaise","28":"tag-terre-crue"},"share_on_mastodon":{"url":"https:\/\/pubeurope.com\/@fr\/115109309424903557","error":""},"_links":{"self":[{"href":"https:\/\/www.europesays.com\/fr\/wp-json\/wp\/v2\/posts\/351000","targetHints":{"allow":["GET"]}}],"collection":[{"href":"https:\/\/www.europesays.com\/fr\/wp-json\/wp\/v2\/posts"}],"about":[{"href":"https:\/\/www.europesays.com\/fr\/wp-json\/wp\/v2\/types\/post"}],"author":[{"embeddable":true,"href":"https:\/\/www.europesays.com\/fr\/wp-json\/wp\/v2\/users\/2"}],"replies":[{"embeddable":true,"href":"https:\/\/www.europesays.com\/fr\/wp-json\/wp\/v2\/comments?post=351000"}],"version-history":[{"count":0,"href":"https:\/\/www.europesays.com\/fr\/wp-json\/wp\/v2\/posts\/351000\/revisions"}],"wp:featuredmedia":[{"embeddable":true,"href":"https:\/\/www.europesays.com\/fr\/wp-json\/wp\/v2\/media\/351001"}],"wp:attachment":[{"href":"https:\/\/www.europesays.com\/fr\/wp-json\/wp\/v2\/media?parent=351000"}],"wp:term":[{"taxonomy":"category","embeddable":true,"href":"https:\/\/www.europesays.com\/fr\/wp-json\/wp\/v2\/categories?post=351000"},{"taxonomy":"post_tag","embeddable":true,"href":"https:\/\/www.europesays.com\/fr\/wp-json\/wp\/v2\/tags?post=351000"}],"curies":[{"name":"wp","href":"https:\/\/api.w.org\/{rel}","templated":true}]}}