{"id":351006,"date":"2025-08-29T00:53:10","date_gmt":"2025-08-29T00:53:10","guid":{"rendered":"https:\/\/www.europesays.com\/fr\/351006\/"},"modified":"2025-08-29T00:53:10","modified_gmt":"2025-08-29T00:53:10","slug":"lr-investit-dati-qui-se-retire-de-la-legislative-partielle-au-profit-de-barnier-2","status":"publish","type":"post","link":"https:\/\/www.europesays.com\/fr\/351006\/","title":{"rendered":"LR investit Dati, qui se retire de la l\u00e9gislative partielle au profit de Barnier"},"content":{"rendered":"<p class=\"mb-4 text-lg md:leading-8 break-words\">Les R\u00e9publicains (LR) ont annonc\u00e9 jeudi accorder l&rsquo;investiture \u00e0 Rachida Dati pour les \u00e9lections municipales \u00e0 Paris, la ministre de la Culture retirant sa candidature dissidente pour la l\u00e9gislative partielle dans la 2e circonscription de la capitale o\u00f9 le parti avait investi Michel Barnier.<\/p>\n<p class=\"mb-4 text-lg md:leading-8 break-words\">\u00ab\u00a0A l&rsquo;unanimit\u00e9, les R\u00e9publicains ont investi Rachida Dati pour les municipales \u00e0 Paris\u00a0\u00bb de mars 2026 et \u00ab\u00a0Rachida Dati apportera son soutien \u00e0 Michel Barnier pour l&rsquo;\u00e9lection l\u00e9gislative partielle dans la 2e circonscription de Paris\u00a0\u00bb pr\u00e9vue les 21 et 28 septembre, \u00e9crit le parti dans un communiqu\u00e9.<\/p>\n<p class=\"mb-4 text-lg md:leading-8 break-words\">Le s\u00e9nateur Francis Szpiner, qui briguait \u00e9galement l&rsquo;investiture pour les municipales, a retir\u00e9 sa candidature, a indiqu\u00e9 la porte-parole de LR, Agn\u00e8s Evren, \u00e9galement pr\u00e9sidente de la f\u00e9d\u00e9ration LR de Paris.<\/p>\n<p class=\"mb-4 text-lg md:leading-8 break-words\">\u00ab\u00a0La raison l&rsquo;a emport\u00e9\u00a0\u00bb pour \u00ab\u00a0un accord gagnant-gagnant\u00a0\u00bb, a-t-elle estim\u00e9 aupr\u00e8s de l&rsquo;AFP.<\/p>\n<p class=\"mb-4 text-lg md:leading-8 break-words\">\u00ab\u00a0Rachida Dati est d\u00e9sormais la candidate officiellement investie par Les R\u00e9publicains \u00e0 la mairie de Paris. Les efforts de l\u2019ensemble du mouvement seront orient\u00e9s pour faire gagner la liste de Rachida Dati et battre la gauche parisienne. Cette liste conduite par Rachida Dati comportera une majorit\u00e9 de candidats issus de LR en position \u00e9ligible et les responsables, \u00e9lus et militants LR qui s\u2019engageront publiquement \u00e0 ses c\u00f4t\u00e9s seront associ\u00e9s \u00e0 la campagne et \u00e0 l\u2019action municipale\u00a0\u00bb, \u00e9crit encore le parti.<\/p>\n<p class=\"mb-4 text-lg md:leading-8 break-words\">\u00ab\u00a0Michel Barnier, qui ne s\u2019engagera pas dans l\u2019\u00e9lection municipale de 2026, soutiendra Rachida Dati dans cette campagne. Rachida Dati apportera son soutien \u00e0 Michel Barnier pour l\u2019\u00e9lection l\u00e9gislative partielle dans la 2\u00e8me circonscription de Paris\u00a0\u00bb, conclut LR.<\/p>\n<p class=\"mb-4 text-lg md:leading-8 break-words\">Dans la foul\u00e9e, Michel Barnier a annonc\u00e9 que sa suppl\u00e9ante serait Florence Berthout, maire (Horizons) du 5e arrondissement, particuli\u00e8rement crucial dans cette \u00e9lection.<\/p>\n<p class=\"mb-4 text-lg md:leading-8 break-words\">L&rsquo;ancien et \u00e9ph\u00e9m\u00e8re Premier ministre affrontera notamment, c\u00f4t\u00e9 gauche, la candidate Fr\u00e9d\u00e9rique Bredin, investie par le PS et soutenue par les Ecologistes.<\/p>\n<p class=\"mb-4 text-lg md:leading-8 break-words\">Le parti de droite, revigor\u00e9 par sa participation au gouvernement et l&rsquo;\u00e9lection \u00e0 sa t\u00eate de Bruno Retailleau, \u00e9vite ainsi un duel fratricide dans la circonscription parisienne de la rive gauche recouvrant le 5e, une partie du 6e et une partie du 7e arrondissement, donc Rachida Dati est maire.<\/p>\n<p class=\"mb-4 text-lg md:leading-8 break-words\">Apr\u00e8s l&rsquo;invalidation par le Conseil constitutionnel de l&rsquo;\u00e9lection de Jean Laussucq, ancien collaborateur de Mme Dati qui si\u00e9geait au sein du groupe Renaissance, le parti avait investi Michel Barnier, et la ministre de la Culture avait annonc\u00e9 \u00eatre \u00e9galement candidate, ce qu&rsquo;elle avait r\u00e9it\u00e9r\u00e9 dans La Tribune Dimanche.<\/p>\n<p class=\"mb-4 text-lg md:leading-8 break-words\">Exclue des R\u00e9publicains en 2024 apr\u00e8s avoir \u00e9t\u00e9 recrut\u00e9e en janvier 2024 par la macronie pour entrer dans le gouvernement de Gabriel Attal, Rachida Dati a repris sa carte chez LR.<\/p>\n<p class=\"mb-4 text-lg md:leading-8 break-words\">A ce calendrier \u00e9lectoral, Mme Dati, 59 ans, doit faire correspondre son agenda judiciaire: elle a \u00e9t\u00e9 renvoy\u00e9e le 22 juillet en proc\u00e8s pour corruption et trafic d&rsquo;influence, soup\u00e7onn\u00e9e d&rsquo;avoir per\u00e7u 900.000 euros entre 2010 et 2012 pour des prestations de conseil avec une filiale de l&rsquo;alliance Renault-Nissan mais sans avoir r\u00e9ellement travaill\u00e9, alors qu&rsquo;elle \u00e9tait avocate et d\u00e9put\u00e9e europ\u00e9enne. Elle a fait appel de la d\u00e9cision.<\/p>\n<p class=\"mb-4 text-lg md:leading-8 break-words\">La date pr\u00e9cise du proc\u00e8s devrait \u00eatre fix\u00e9e lors d&rsquo;une premi\u00e8re audience pr\u00e9vue le 29 septembre.<\/p>\n<p class=\"mb-4 text-lg md:leading-8 break-words\">bpa\/cbn<\/p>\n","protected":false},"excerpt":{"rendered":"Les R\u00e9publicains (LR) ont annonc\u00e9 jeudi accorder l&rsquo;investiture \u00e0 Rachida Dati pour les \u00e9lections municipales \u00e0 Paris, la&hellip;\n","protected":false},"author":2,"featured_media":351007,"comment_status":"","ping_status":"","sticky":false,"template":"","format":"standard","meta":{"footnotes":""},"categories":[1888],"tags":[1111,1928,11,1927,1777,674,1011,27,48672,3228,2381,27636,2616,12,1926,626,1925,417,25],"class_list":{"0":"post-351006","1":"post","2":"type-post","3":"status-publish","4":"format-standard","5":"has-post-thumbnail","7":"category-paris","8":"tag-actu","9":"tag-actu-paris","10":"tag-actualites","11":"tag-actualites-paris","12":"tag-eu","13":"tag-europe","14":"tag-fr","15":"tag-france","16":"tag-lelection-municipale","17":"tag-lr","18":"tag-mairie-de-paris","19":"tag-michel-barnier","20":"tag-ministre-de-la-culture","21":"tag-news","22":"tag-news-paris","23":"tag-paris","24":"tag-paris-news","25":"tag-rachida-dati","26":"tag-republique-francaise"},"share_on_mastodon":{"url":"https:\/\/pubeurope.com\/@fr\/115109325579951569","error":""},"_links":{"self":[{"href":"https:\/\/www.europesays.com\/fr\/wp-json\/wp\/v2\/posts\/351006","targetHints":{"allow":["GET"]}}],"collection":[{"href":"https:\/\/www.europesays.com\/fr\/wp-json\/wp\/v2\/posts"}],"about":[{"href":"https:\/\/www.europesays.com\/fr\/wp-json\/wp\/v2\/types\/post"}],"author":[{"embeddable":true,"href":"https:\/\/www.europesays.com\/fr\/wp-json\/wp\/v2\/users\/2"}],"replies":[{"embeddable":true,"href":"https:\/\/www.europesays.com\/fr\/wp-json\/wp\/v2\/comments?post=351006"}],"version-history":[{"count":0,"href":"https:\/\/www.europesays.com\/fr\/wp-json\/wp\/v2\/posts\/351006\/revisions"}],"wp:featuredmedia":[{"embeddable":true,"href":"https:\/\/www.europesays.com\/fr\/wp-json\/wp\/v2\/media\/351007"}],"wp:attachment":[{"href":"https:\/\/www.europesays.com\/fr\/wp-json\/wp\/v2\/media?parent=351006"}],"wp:term":[{"taxonomy":"category","embeddable":true,"href":"https:\/\/www.europesays.com\/fr\/wp-json\/wp\/v2\/categories?post=351006"},{"taxonomy":"post_tag","embeddable":true,"href":"https:\/\/www.europesays.com\/fr\/wp-json\/wp\/v2\/tags?post=351006"}],"curies":[{"name":"wp","href":"https:\/\/api.w.org\/{rel}","templated":true}]}}