{"id":351014,"date":"2025-08-29T00:57:08","date_gmt":"2025-08-29T00:57:08","guid":{"rendered":"https:\/\/www.europesays.com\/fr\/351014\/"},"modified":"2025-08-29T00:57:08","modified_gmt":"2025-08-29T00:57:08","slug":"ladministration-trump-annonce-une-vente-darmes-a-lukraine-de-825-millions-us","status":"publish","type":"post","link":"https:\/\/www.europesays.com\/fr\/351014\/","title":{"rendered":"L&rsquo;administration Trump annonce une vente d&rsquo;armes \u00e0 l&rsquo;Ukraine de 825 millions $ US"},"content":{"rendered":"<p>L\u2019administration Trump a approuv\u00e9 une vente d\u2019armes de 825\u00a0millions\u00a0$\u00a0US \u00e0 l\u2019Ukraine. Cette vente comprendra des missiles \u00e0 longue port\u00e9e et des \u00e9quipements connexes destin\u00e9s \u00e0 renforcer ses capacit\u00e9s d\u00e9fensives, alors que les efforts am\u00e9ricains pour n\u00e9gocier la paix entre l\u2019Ukraine et la Russie semblent au point mort.<\/p>\n<p>Le d\u00e9partement d\u2019\u00c9tat a annonc\u00e9 jeudi avoir notifi\u00e9 au Congr\u00e8s la vente de missiles d\u2019attaque \u00e0 longue port\u00e9e et de syst\u00e8mes de navigation destin\u00e9s \u00e0 l\u2019Ukraine. La vente portera sur 3350 missiles ERAM, 3350 unit\u00e9s GPS, ainsi que des composants, des pi\u00e8ces d\u00e9tach\u00e9es et d\u2019autres accessoires, ainsi que sur la formation et le soutien technique.<\/p>\n<p>Le d\u00e9partement d\u2019\u00c9tat a indiqu\u00e9 que l\u2019Ukraine utiliserait des fonds provenant de ses alli\u00e9s de l\u2019OTAN, le Danemark, les Pays-Bas et la Norv\u00e8ge, en plus du financement militaire am\u00e9ricain \u00e0 l\u2019\u00e9tranger, pour financer ces \u00e9quipements.<\/p>\n<p>\u00abCette vente propos\u00e9e soutiendra les objectifs de politique \u00e9trang\u00e8re et de s\u00e9curit\u00e9 nationale des \u00c9tats-Unis en am\u00e9liorant la s\u00e9curit\u00e9 d\u2019un pays partenaire, moteur de la stabilit\u00e9 politique et du progr\u00e8s \u00e9conomique en Europe\u00bb, a expliqu\u00e9 le d\u00e9partement d\u2019\u00c9tat dans un communiqu\u00e9. <\/p>\n<p>Cette vente a \u00e9t\u00e9 annonc\u00e9e alors que la Russie continue d\u2019intensifier ses attaques contre l\u2019Ukraine, malgr\u00e9 la rencontre entre le pr\u00e9sident Donald Trump et le dirigeant russe Vladimir Poutine en Alaska au d\u00e9but du mois pour promouvoir un r\u00e8glement n\u00e9goci\u00e9 du conflit qui dure depuis trois ans.<\/p>\n<p>En juillet, les \u00c9tats-Unis ont annonc\u00e9 deux autres projets de vente d\u2019armes \u00e0 l\u2019Ukraine: l\u2019un d\u2019une valeur de 322\u00a0millions\u00a0$\u00a0US pour renforcer ses capacit\u00e9s de d\u00e9fense a\u00e9rienne et lui fournir des v\u00e9hicules de combat blind\u00e9s, et l\u2019autre d\u2019une valeur de 330\u00a0millions\u00a0$\u00a0US pour des syst\u00e8mes de d\u00e9fense a\u00e9rienne ainsi que pour la maintenance, la r\u00e9paration et la r\u00e9vision de v\u00e9hicules d\u2019artillerie automoteurs.<\/p>\n","protected":false},"excerpt":{"rendered":"L\u2019administration Trump a approuv\u00e9 une vente d\u2019armes de 825\u00a0millions\u00a0$\u00a0US \u00e0 l\u2019Ukraine. Cette vente comprendra des missiles \u00e0 longue&hellip;\n","protected":false},"author":2,"featured_media":351015,"comment_status":"","ping_status":"","sticky":false,"template":"","format":"standard","meta":{"footnotes":"","_share_on_mastodon":"0"},"categories":[1590],"tags":[11,1777,674,4574,11621,48760,1854,4576,12,220],"class_list":["post-351014","post","type-post","status-publish","format-standard","has-post-thumbnail","category-ukraine","tag-actualites","tag-eu","tag-europe","tag-https-lactualite-com-sujet-affaires","tag-https-lactualite-com-sujet-defense","tag-https-lactualite-com-sujet-fabrication","tag-https-lactualite-com-sujet-international","tag-https-lactualite-com-sujet-politique","tag-news","tag-ukraine"],"share_on_mastodon":{"url":"https:\/\/pubeurope.com\/@fr\/115109340832515339","error":""},"_links":{"self":[{"href":"https:\/\/www.europesays.com\/fr\/wp-json\/wp\/v2\/posts\/351014","targetHints":{"allow":["GET"]}}],"collection":[{"href":"https:\/\/www.europesays.com\/fr\/wp-json\/wp\/v2\/posts"}],"about":[{"href":"https:\/\/www.europesays.com\/fr\/wp-json\/wp\/v2\/types\/post"}],"author":[{"embeddable":true,"href":"https:\/\/www.europesays.com\/fr\/wp-json\/wp\/v2\/users\/2"}],"replies":[{"embeddable":true,"href":"https:\/\/www.europesays.com\/fr\/wp-json\/wp\/v2\/comments?post=351014"}],"version-history":[{"count":0,"href":"https:\/\/www.europesays.com\/fr\/wp-json\/wp\/v2\/posts\/351014\/revisions"}],"wp:featuredmedia":[{"embeddable":true,"href":"https:\/\/www.europesays.com\/fr\/wp-json\/wp\/v2\/media\/351015"}],"wp:attachment":[{"href":"https:\/\/www.europesays.com\/fr\/wp-json\/wp\/v2\/media?parent=351014"}],"wp:term":[{"taxonomy":"category","embeddable":true,"href":"https:\/\/www.europesays.com\/fr\/wp-json\/wp\/v2\/categories?post=351014"},{"taxonomy":"post_tag","embeddable":true,"href":"https:\/\/www.europesays.com\/fr\/wp-json\/wp\/v2\/tags?post=351014"}],"curies":[{"name":"wp","href":"https:\/\/api.w.org\/{rel}","templated":true}]}}