{"id":351016,"date":"2025-08-29T00:58:12","date_gmt":"2025-08-29T00:58:12","guid":{"rendered":"https:\/\/www.europesays.com\/fr\/351016\/"},"modified":"2025-08-29T00:58:12","modified_gmt":"2025-08-29T00:58:12","slug":"trump-prepare-une-vaste-operation-anti-immigration-a-chicago-2","status":"publish","type":"post","link":"https:\/\/www.europesays.com\/fr\/351016\/","title":{"rendered":"Trump pr\u00e9pare une vaste op\u00e9ration anti-immigration \u00e0 Chicago"},"content":{"rendered":"<p>Le pr\u00e9sident <a href=\"https:\/\/www.20minutes.fr\/dossier\/donald_trump\" target=\"_blank\" class=\"c-link c-link--is-underlined\" rel=\"noopener\">Donald Trump<\/a> envisage de lancer d\u00e8s la semaine prochaine une op\u00e9ration de grande ampleur contre l\u2019<a href=\"https:\/\/www.20minutes.fr\/dossier\/immigration_clandestine\" target=\"_blank\" class=\"c-link c-link--is-underlined\" rel=\"noopener\">immigration ill\u00e9gale<\/a> \u00e0 Chicago, rapporte <a href=\"https:\/\/www.20minutes.fr\/dossier\/cnn\" target=\"_blank\" class=\"c-link c-link--is-underlined\" rel=\"noopener\">CNN<\/a>, citant plusieurs sources proches du dossier. Cette initiative marque une nouvelle confrontation entre la Maison-Blanche et une ville d\u00e9mocrate connue pour ses politiques de protection des migrants.<\/p>\n<p>Depuis son arriv\u00e9e au pouvoir, Donald Trump a fait de <a href=\"https:\/\/www.20minutes.fr\/dossier\/chicago\" target=\"_blank\" class=\"c-link c-link--is-underlined\" rel=\"noopener\">Chicago<\/a> une cible r\u00e9currente, d\u00e9non\u00e7ant ses r\u00e8gles dites de \u00ab\u00a0sanctuaire\u00a0\u00bb qui limitent la coop\u00e9ration entre la police locale et les services f\u00e9d\u00e9raux. L\u2019administration avait d\u00e9j\u00e0 tent\u00e9 de couper certains financements f\u00e9d\u00e9raux \u00e0 la ville, mais la justice avait bloqu\u00e9 cette d\u00e9marche.<\/p>\n<p>Des op\u00e9rations calqu\u00e9es sur Los Angeles<\/p>\n<p>Cette fois, les pr\u00e9paratifs s\u2019annoncent d\u2019une autre ampleur\u00a0: d\u00e9ploiement d\u2019agents de l\u2019<a href=\"https:\/\/www.ice.gov\" rel=\"nofollow noopener\" target=\"_blank\" class=\"c-link c-link--is-underlined\">Immigration and Customs Enforcement (ICE)<\/a>, de la Customs and Border Protection (CBP), renforts f\u00e9d\u00e9raux et m\u00eame un appui potentiel de la Garde nationale. Selon CNN, des v\u00e9hicules blind\u00e9s doivent \u00eatre achemin\u00e9s vers la ville et les premiers agents suppl\u00e9mentaires pourraient arriver d\u00e8s vendredi 5\u00a0septembre.<\/p>\n<\/p>\n<p>Le mod\u00e8le retenu est celui de <a href=\"https:\/\/www.20minutes.fr\/dossier\/los_angeles\" target=\"_blank\" class=\"c-link c-link--is-underlined\" rel=\"noopener\">Los Angeles<\/a>, o\u00f9 le D\u00e9partement de la S\u00e9curit\u00e9 int\u00e9rieure (DHS) revendique 5.000 arrestations depuis juin. Gregory Bovino, d\u00e9j\u00e0 charg\u00e9 des op\u00e9rations en <a href=\"https:\/\/www.20minutes.fr\/dossier\/californie\" target=\"_blank\" class=\"c-link c-link--is-underlined\" rel=\"noopener\">Californie<\/a>, doit prendre la t\u00eate du dispositif \u00e0 Chicago. \u00ab\u00a0Vous pouvez vous attendre \u00e0 une mont\u00e9e en puissance de l\u2019op\u00e9ration \u00e0 Chicago, absolument\u00a0\u00bb, a confirm\u00e9 Tom Homan, coordinateur de la <a href=\"https:\/\/www.20minutes.fr\/dossier\/maison_blanche\" target=\"_blank\" class=\"c-link c-link--is-underlined\" rel=\"noopener\">Maison-Blanche<\/a> pour la fronti\u00e8re, tout en \u00e9voquant des discussions pour utiliser une base navale au nord de la ville comme centre logistique.<\/p>\n<p>La question sensible du r\u00f4le de la Garde nationale<\/p>\n<p>Un responsable du DHS a justifi\u00e9 cette strat\u00e9gie aupr\u00e8s de CNN\u00a0: \u00ab\u00a0A travers le pays, nos forces arr\u00eatent et expulsent les pires criminels, notamment des membres de gangs, des meurtriers, des <a href=\"https:\/\/www.20minutes.fr\/dossier\/pedophilie\" target=\"_blank\" class=\"c-link c-link--is-underlined\" rel=\"noopener\">p\u00e9dophiles<\/a> et des <a href=\"https:\/\/www.20minutes.fr\/dossier\/viol\" target=\"_blank\" class=\"c-link c-link--is-underlined\" rel=\"noopener\">violeurs<\/a> qui ont terroris\u00e9 les communaut\u00e9s am\u00e9ricaines.\u00a0\u00bb<\/p>\n<p><img decoding=\"async\" alt=\"A Chicago, plusieurs manifestations ont \u00e9t\u00e9 organis\u00e9es pour d\u00e9noncer la politique anit-migratoire de Donald Trump.\" class=\"c-img\" loading=\"lazy\" fetchpriority=\"auto\" width=\"718\"  src=\"https:\/\/img.20mn.fr\/cqhAGJxQTDig8hh8LEY1LCk\/718x0\" \/>A Chicago, plusieurs manifestations ont \u00e9t\u00e9 organis\u00e9es pour d\u00e9noncer la politique anit-migratoire de Donald Trump.\u2002-\u00a0M. Herman\/Sipa USA\/SIPA<\/p>\n<p>A Los Angeles, les troupes f\u00e9d\u00e9rales avaient \u00e9t\u00e9 mobilis\u00e9es sous le r\u00e9gime du \u00ab\u00a0Title 10\u00a0\u00bb, ce qui les emp\u00eachait l\u00e9galement de participer directement aux op\u00e9rations polici\u00e8res. La situation est plus complexe \u00e0 Chicago, o\u00f9 un d\u00e9ploiement sous un autre cadre juridique risquerait de soulever de vives contestations.<\/p>\n<p>Col\u00e8re du gouverneur de l\u2019Illinois<\/p>\n<p>Le <a href=\"https:\/\/www.20minutes.fr\/monde\/etats-unis\/4169688-20250826-etats-unis-gouverneur-b-pritzker-cite-2028-traite-sagouin-donald-trump\" target=\"_blank\" class=\"c-link c-link--is-underlined\" rel=\"noopener\">gouverneur d\u00e9mocrate J.B. Pritzker<\/a> a vivement d\u00e9nonc\u00e9 les projets de la Maison-Blanche, accusant Donald Trump de vouloir \u00ab\u00a0militariser nos villes et mettre en p\u00e9ril la d\u00e9mocratie\u00a0\u00bb. Selon lui, ni son bureau ni la mairie de Chicago n\u2019ont \u00e9t\u00e9 consult\u00e9s en amont. Il a ajout\u00e9\u00a0: \u00ab\u00a0L\u2019administration cherche des moyens de contourner nos institutions, de d\u00e9ployer des forces sans coordination et de poser les bases d\u2019une remise en cause de nos \u00e9lections.\u00a0\u00bb<\/p>\n<p><a href=\"https:\/\/www.20minutes.fr\/monde\/etats-unis\/\" target=\"_blank\" class=\"c-link c-btn c-btn--primary\" rel=\"noopener\">Notre dossier sur les Etats-Unis<\/a><\/p>\n<p>La Maison-Blanche insiste sur le fait que cette op\u00e9ration est distincte d\u2019un projet plus large \u00e9voqu\u00e9 par Donald Trump ces derniers jours pour lutter contre la criminalit\u00e9 \u00e0 Chicago, \u00e0 l\u2019image d\u2019un plan d\u00e9j\u00e0 en place \u00e0 Washington. Mais, comme le note CNN, la fronti\u00e8re entre lutte contre l\u2019immigration et lutte contre l\u2019ins\u00e9curit\u00e9 appara\u00eet de plus en plus floue, tant les arrestations de migrants sont au c\u0153ur des bilans mis en avant par l\u2019administration.<\/p>\n","protected":false},"excerpt":{"rendered":"Le pr\u00e9sident Donald Trump envisage de lancer d\u00e8s la semaine prochaine une op\u00e9ration de grande ampleur contre l\u2019immigration&hellip;\n","protected":false},"author":2,"featured_media":351017,"comment_status":"","ping_status":"","sticky":false,"template":"","format":"standard","meta":{"footnotes":""},"categories":[1589],"tags":[47,11,2139,17005,75,73,1866,6734,6116,78,74,12,1072,1864,1865,1863,308,2744],"class_list":{"0":"post-351016","1":"post","2":"type-post","3":"status-publish","4":"format-standard","5":"has-post-thumbnail","7":"category-etats-unis","8":"tag-actualite","9":"tag-actualites","10":"tag-californie","11":"tag-chicago","12":"tag-donald-trump","13":"tag-etats-unis","14":"tag-etats-unis-damerique","15":"tag-immigration-clandestine","16":"tag-los-angeles","17":"tag-maison-blanche","18":"tag-monde","19":"tag-news","20":"tag-police","21":"tag-united-states","22":"tag-united-states-of-america","23":"tag-us","24":"tag-usa","25":"tag-washington"},"share_on_mastodon":{"url":"https:\/\/pubeurope.com\/@fr\/115109344318331967","error":""},"_links":{"self":[{"href":"https:\/\/www.europesays.com\/fr\/wp-json\/wp\/v2\/posts\/351016","targetHints":{"allow":["GET"]}}],"collection":[{"href":"https:\/\/www.europesays.com\/fr\/wp-json\/wp\/v2\/posts"}],"about":[{"href":"https:\/\/www.europesays.com\/fr\/wp-json\/wp\/v2\/types\/post"}],"author":[{"embeddable":true,"href":"https:\/\/www.europesays.com\/fr\/wp-json\/wp\/v2\/users\/2"}],"replies":[{"embeddable":true,"href":"https:\/\/www.europesays.com\/fr\/wp-json\/wp\/v2\/comments?post=351016"}],"version-history":[{"count":0,"href":"https:\/\/www.europesays.com\/fr\/wp-json\/wp\/v2\/posts\/351016\/revisions"}],"wp:featuredmedia":[{"embeddable":true,"href":"https:\/\/www.europesays.com\/fr\/wp-json\/wp\/v2\/media\/351017"}],"wp:attachment":[{"href":"https:\/\/www.europesays.com\/fr\/wp-json\/wp\/v2\/media?parent=351016"}],"wp:term":[{"taxonomy":"category","embeddable":true,"href":"https:\/\/www.europesays.com\/fr\/wp-json\/wp\/v2\/categories?post=351016"},{"taxonomy":"post_tag","embeddable":true,"href":"https:\/\/www.europesays.com\/fr\/wp-json\/wp\/v2\/tags?post=351016"}],"curies":[{"name":"wp","href":"https:\/\/api.w.org\/{rel}","templated":true}]}}