{"id":351019,"date":"2025-08-29T01:00:23","date_gmt":"2025-08-29T01:00:23","guid":{"rendered":"https:\/\/www.europesays.com\/fr\/351019\/"},"modified":"2025-08-29T01:00:23","modified_gmt":"2025-08-29T01:00:23","slug":"europeens-de-dressage-a-jiva-hill-lallemagne-remporte-le-titre-par-equipe-la-grande-bretagne-en-argent-et-le-bronze-pour-le-danemark","status":"publish","type":"post","link":"https:\/\/www.europesays.com\/fr\/351019\/","title":{"rendered":"Europ\u00e9ens de dressage \u00e0 Jiva Hill: L\u2019Allemagne remporte le titre par \u00e9quipe, la Grande-Bretagne en argent et le bronze pour le Danemark"},"content":{"rendered":"<p>\tLe classement n\u2019aura pas boug\u00e9 au niveau des nations depuis la premi\u00e8re partie d\u2019\u00e9preuve mercredi, \u00e0 Jiva Hill\/Crozet (FRA): l\u2019Allemagne monte sur la plus haute marche du podium, suivie de (tr\u00e8s!) pr\u00e8s par la Grande-Bretagne et le Danemark. <\/p>\n<p>\u00abTout pouvait arriver, jusqu&rsquo;aux\u00a0derniers cavaliers de la journ\u00e9e!\u00a0Il y avait un bon mix, de la tension jusqu\u2019\u00e0 la fin et de belles choses en piste\u00bb, se r\u00e9jouissait Isabell Werth en conf\u00e9rence de presse, \u00e0 l\u2019issue du championnat europ\u00e9en par \u00e9quipe, ce jeudi en fin de journ\u00e9e. Et il n\u2019y a pas \u00e0 dire, la tension est rest\u00e9e \u00e0 son comble jusqu\u2019aux derniers candidats! Si on devinait d\u00e9j\u00e0 depuis hier \u2013 la premi\u00e8re partie de l\u2019\u00e9preuve avait d\u00e9j\u00e0 fait passer la moiti\u00e9 des candidats (r\u00e9sum\u00e9 \u00e0 lire <a href=\"https:\/\/www.cavalier-romand.ch\/fr\/Actualites\/1ere-journee-aux-Europeens-de-Jiva-Hill-l-Allemagne-en-tete-provisoire-par-equipe-la-Suisse-11e.html\" target=\"_blank\" rel=\"noopener\">ICI<\/a>)\u00a0\u2013 les nations qui se d\u00e9marqueraient sur le podium final, les m\u00e9dailles se sont adug\u00e9es sur les derniers cavaliers en lice. Et \u00e0 la fin\u2026 c\u2019est l\u2019Allemagne qui gagne\u00a0!<\/p>\n<p>Mais avant cela, bataille il y a eu, avec tout d\u2019abord le couple danois Andreas Helgstrand et Jovian qui d\u00e9crochaient la note de 71,335%. Puis l\u2019Allemand Frederic Wandres et Bluetooth OLD signaient un canon 74,721% malgr\u00e9 quelques impr\u00e9cisions et laissant l\u2019Allemagne avec peu d\u2019avance. Toujours crescendo dans les notes, ont suivi Carl Hester pour la Grande-Bretagne avec Fame pour un joli\u00a076,087%. On ne savait alors plus trop de qui entre l\u2019Allemagne et la Grande-Bretagne menait r\u00e9ellement la danse lors de la pause en mi-journ\u00e9e.<\/p>\n<p>L\u2019apr\u00e8s-midi aura scell\u00e9 le sort de chacune des nations, apr\u00e8s les excellentes reprises de Cathrine Laudrup-Dufour (80,823%), d\u2019Isabell Werth et son olympique Wendy de Fontaine (79,224%) ou encore de la n\u00b01 mondiale Charlotte Fry (75,869%). \u00a0R\u00e9sultat final apr\u00e8s toutes ces performances: l\u2019Allemagne sur la plus haute marche du podium avec 229.644 points, la Grande-Bretagne 2e avec 226,785 points et le Danemark 3e avec 223,385 points.<\/p>\n<p>\tLa Suisse ne bouge pas au classement<\/p>\n<p>Deux cavali\u00e8res restaient encore \u00e0 passer ce matin pour essayer de rehausser le score de l\u2019\u00e9quipe de Suisse, 11e provisoire \u00e0 l\u2019issue de la premi\u00e8re partie mercredi soir. Jessica Neuhauser a d\u00e9roul\u00e9 sur Rockson\u00a0une reprise compos\u00e9e autant de figures compliqu\u00e9es solidement pr\u00e9sent\u00e9es\u00a0&#8211; malgr\u00e9 un zigzag tr\u00e8s f\u00e9brile &#8211; que de faiblesses dans d&rsquo;autres passages plus ais\u00e9s, comme dans\u00a0le trot allong\u00e9, pour un pourcentage final de 67,453%.<\/p>\n<p>Derni\u00e8re cavali\u00e8re helv\u00e9tique \u00e0 s\u2019\u00e9lancer, Charlotta Rogerson pr\u00e9sentait sa nouvelle recrue Bonheur de la vie, qu\u2019elle monte depuis le mois de mai seulement. De bonnes choses en piste, quelques maladresses notamment dans le changement de pied \u00e0 un temps, pour un r\u00e9sultat final de 68,680% &#8211; la meilleure performance de l\u2019\u00e9quipe. Ce qui laisse la Suisse dans son 11e rang, sur les 14 nations en lice.<\/p>\n<p><strong>Demain d\u00e8s 10h, place \u00e0 la comp\u00e9tition individuelle et au Grand Prix Sp\u00e9cial dans lequel les 30 meilleurs couples du Grand Prix sont convi\u00e9s. Pour entrer dans le top 30 et obtenir son ticket, il fallait atteindre aujourd\u2019hui les 68,882%. Des billets sont encore disponibles sur <a href=\"http:\/\/www.jivahillstables.com\" target=\"_blank\" rel=\"noopener\">www.jivahillstables.com<\/a> <\/strong>\u00a0<\/p>\n<p>J.Q.<\/p>\n","protected":false},"excerpt":{"rendered":"Le classement n\u2019aura pas boug\u00e9 au niveau des nations depuis la premi\u00e8re partie d\u2019\u00e9preuve mercredi, \u00e0 Jiva Hill\/Crozet&hellip;\n","protected":false},"author":2,"featured_media":351020,"comment_status":"","ping_status":"","sticky":false,"template":"","format":"standard","meta":{"footnotes":""},"categories":[1587],"tags":[26664,11,26679,672,26670,26693,18121,26700,26676,1804,26691,26662,26707,26709,26708,12668,26715,26668,26665,26678,451,26688,2622,1805,1803,25248,26722,26695,12219,26711,1777,674,26681,26721,1801,26702,26675,26689,11462,26719,26703,26686,26696,26698,26716,3996,26710,26669,26699,26705,26685,26674,26697,26682,26692,26706,12,26667,26680,26701,26677,26718,26672,26723,26724,26704,26712,1802,26673,699,26687,26713,2004,26666,26690,26694,26720,26663,26684,26683,26671,26714,26717],"class_list":{"0":"post-351019","1":"post","2":"type-post","3":"status-publish","4":"format-standard","5":"has-post-thumbnail","7":"category-allemagne","8":"tag-actualite-equestre","9":"tag-actualites","10":"tag-alban-poudret","11":"tag-allemagne","12":"tag-attelage","13":"tag-baloubet-du-rouet","14":"tag-barre","15":"tag-beat-mandli","16":"tag-beerbaum","17":"tag-bundesrepublik-deutschland","18":"tag-calvaro","19":"tag-cavalier","20":"tag-cavalier-romand","21":"tag-cavalier-suisse","22":"tag-cavaliers-romands","23":"tag-cheval","24":"tag-christina-liebherr","25":"tag-concours-complet","26":"tag-concours-hippique","27":"tag-concours-hippique-international-de-geneve","28":"tag-coupe-du-monde","29":"tag-coupe-du-monde-rolex-fei","30":"tag-courses","31":"tag-de","32":"tag-deutschland","33":"tag-dressage","34":"tag-equipub","35":"tag-eric-lamaze","36":"tag-et","37":"tag-etalon","38":"tag-eu","39":"tag-europe","40":"tag-fuchs","41":"tag-geneva-palexpo","42":"tag-germany","43":"tag-global-champions-tour","44":"tag-guerdat","45":"tag-hickstead","46":"tag-hippisme","47":"tag-iena","48":"tag-isabel-werth","49":"tag-jalisca-solier","50":"tag-jappeloup","51":"tag-jeunes-cavaliers","52":"tag-jeux-equestres-mondiaux","53":"tag-jeux-olympiques","54":"tag-journal-equestre","55":"tag-jumping","56":"tag-juniors","57":"tag-lausanne","58":"tag-leprevost","59":"tag-magazine-equestre","60":"tag-marcus-ehning","61":"tag-martin-fuchs","62":"tag-milton","63":"tag-mulet","64":"tag-news","65":"tag-obstacles","66":"tag-pessoa","67":"tag-piste-de-concours","68":"tag-pius-schwizer","69":"tag-pmu","70":"tag-polo","71":"tag-publicite-hippique","72":"tag-publicite-hippisme","73":"tag-pully","74":"tag-reproduction","75":"tag-republique-federale-dallemagne","76":"tag-revue-equestre","77":"tag-rolex","78":"tag-rolex-fei","79":"tag-rolf-goran-bengtsson","80":"tag-roman","81":"tag-saut","82":"tag-shutterfly","83":"tag-silvana-de-hus","84":"tag-sophie-mottu","85":"tag-sports-equestres","86":"tag-staut","87":"tag-steve-guerdat","88":"tag-voltige","89":"tag-wild-card","90":"tag-world-equestrian-games"},"share_on_mastodon":{"url":"","error":"Validation failed: Text character limit of 500 exceeded"},"_links":{"self":[{"href":"https:\/\/www.europesays.com\/fr\/wp-json\/wp\/v2\/posts\/351019","targetHints":{"allow":["GET"]}}],"collection":[{"href":"https:\/\/www.europesays.com\/fr\/wp-json\/wp\/v2\/posts"}],"about":[{"href":"https:\/\/www.europesays.com\/fr\/wp-json\/wp\/v2\/types\/post"}],"author":[{"embeddable":true,"href":"https:\/\/www.europesays.com\/fr\/wp-json\/wp\/v2\/users\/2"}],"replies":[{"embeddable":true,"href":"https:\/\/www.europesays.com\/fr\/wp-json\/wp\/v2\/comments?post=351019"}],"version-history":[{"count":0,"href":"https:\/\/www.europesays.com\/fr\/wp-json\/wp\/v2\/posts\/351019\/revisions"}],"wp:featuredmedia":[{"embeddable":true,"href":"https:\/\/www.europesays.com\/fr\/wp-json\/wp\/v2\/media\/351020"}],"wp:attachment":[{"href":"https:\/\/www.europesays.com\/fr\/wp-json\/wp\/v2\/media?parent=351019"}],"wp:term":[{"taxonomy":"category","embeddable":true,"href":"https:\/\/www.europesays.com\/fr\/wp-json\/wp\/v2\/categories?post=351019"},{"taxonomy":"post_tag","embeddable":true,"href":"https:\/\/www.europesays.com\/fr\/wp-json\/wp\/v2\/tags?post=351019"}],"curies":[{"name":"wp","href":"https:\/\/api.w.org\/{rel}","templated":true}]}}