{"id":351023,"date":"2025-08-29T01:02:12","date_gmt":"2025-08-29T01:02:12","guid":{"rendered":"https:\/\/www.europesays.com\/fr\/351023\/"},"modified":"2025-08-29T01:02:12","modified_gmt":"2025-08-29T01:02:12","slug":"leurope-debordee-par-un-tsunami-de-colis-seuls-82-produits-sur-1-million-sont-controles-par-les-douanes","status":"publish","type":"post","link":"https:\/\/www.europesays.com\/fr\/351023\/","title":{"rendered":"L\u2019Europe d\u00e9bord\u00e9e par un tsunami de colis : seuls 82 produits sur&#8230; 1 million sont contr\u00f4l\u00e9s par les douanes"},"content":{"rendered":"<p>  \tFace \u00e0 l\u2019explosion du commerce en ligne, les douanes europ\u00e9ennes peinent \u00e0 suivre le rythme\u00a0: en 2024, seuls 82 produits sur un million entrants dans l\u2019Union ont \u00e9t\u00e9 contr\u00f4l\u00e9s, selon un rapport de la Commission europ\u00e9enne qui appelle \u00e0 renforcer et moderniser le syst\u00e8me.<\/p>\n<p>&#13;<br \/>\n&#13;<\/p>\n<p>En 2024, seuls 82 produits sur un million entrant dans l\u2019Union europ\u00e9enne ont subi un contr\u00f4le de douane, ressort-il d\u2019un rapport de la Commission europ\u00e9enne publi\u00e9 jeudi. En raison de l\u2019\u00e9norme expansion du commerce en ligne, les services douaniers europ\u00e9ens sont de moins en moins en mesure de contr\u00f4ler les colis pour en v\u00e9rifier la conformit\u00e9 avec les normes environnementales, de sant\u00e9 ou de s\u00e9curit\u00e9.<\/p>\n<p>C\u00f4t\u00e9 pile, le nombre de contr\u00f4les a augment\u00e9, passant de 305.143 en 2022 \u00e0 392.529 en 2024. De plus en plus de produits qui ne respectent pas les r\u00e8gles sont intercept\u00e9s. En 2022, 29.798 produits ont \u00e9t\u00e9 saisis, pour 64.322 l\u2019ann\u00e9e derni\u00e8re. La plupart de ces produits irr\u00e9guliers proviennent de Chine. Les produits de sant\u00e9 constituaient la principale cat\u00e9gorie.<\/p>\n<p>&#13;<br \/>\n&#13;<\/p>\n<p>&#13;<br \/>\n&#13;<\/p>\n<p>  &#13;<br \/>\n  \u00c0 lire aussi&#13;<br \/>\n  &#13;<\/p>\n<p>  <img decoding=\"async\" data-copyright=\"AFP\/Belga\" class=\"r-img\"  typeof=\"foaf:Image\" src=\"https:\/\/www.europesays.com\/fr\/wp-content\/uploads\/2025\/08\/44943718.jpeg\" alt=\"Montage Sudinfo (3).jpg\"\/><br \/>\n        <a class=\"r-stories--link\" href=\"https:\/\/www.rtl.be\/actu\/conso\/alibaba-shein-temu-la-belgique-face-un-tsunami-de-colis-venant-de-chine-je\/2025-07-10\/article\/756098\" rel=\"nofollow noopener\" target=\"_blank\">Alibaba, Shein, Temu\u2026 La Belgique face \u00e0 un \u00ab\u00a0tsunami\u00a0\u00bb de colis venant de Chine\u00a0: \u00ab\u00a0Je soutiens sans r\u00e9serve la taxe de 2 euros\u00a0\u00bb, dit David Clarinval<\/a>&#13;<br \/>\n  &#13;<br \/>\n&#13;<\/p>\n<p>C\u00f4t\u00e9 face\u00a0: l\u2019afflux de colis a augment\u00e9 bien davantage que le nombre de contr\u00f4les. L\u2019an dernier, la Commission a enregistr\u00e9 4,7 milliards d\u2019\u00e9l\u00e9ments entrants, une augmentation de 353\u00a0% depuis 2022. Cette ann\u00e9e-l\u00e0, 203 produits sur un million \u00e9taient contr\u00f4l\u00e9s. Ce ratio est tomb\u00e9 \u00e0 82 pour 1 million l\u2019an dernier. En d\u00e9finitive, 13 produits sur un million ont \u00e9t\u00e9 intercept\u00e9s, car ils n\u2019\u00e9taient pas en r\u00e8gle (20 en 2022).<\/p>\n<p>La situation diff\u00e8re sensiblement d\u2019un Etat membre \u00e0 un autre. Le meilleur \u00e9l\u00e8ve de la classe a saisi 175 produits sur un million, tandis qu\u2019en queue de classement, seul 0,1 \u00e9tait intercept\u00e9. La Commission ne r\u00e9v\u00e8le pas le nom des pays pour \u00e9viter d\u2019assister \u00e0 un d\u00e9tournement des envois vers les \u00ab\u00a0maillons faibles\u00a0\u00bb, explique l\u2019institution.<\/p>\n<p>La Commission europ\u00e9enne lance un nouvel appel pour renforcer les contr\u00f4les. Elle a convoqu\u00e9 une r\u00e9union des dirigeants des services douaniers. Le rapport pointe la n\u00e9cessit\u00e9 de num\u00e9riser davantage le secteur et d\u2019am\u00e9liorer la collaboration entre les autorit\u00e9s de surveillance du march\u00e9, qui sont souvent sollicit\u00e9es en cas de colis suspect.<\/p>\n<p>La Commission est convaincue que la future autorit\u00e9 douani\u00e8re europ\u00e9enne et le centre de donn\u00e9es apporteront une valeur ajout\u00e9e en mati\u00e8re d\u2019analyse des risques et de communication. L\u2019autorit\u00e9 et le datahub font partie d\u2019une r\u00e9forme de l\u2019union douani\u00e8re europ\u00e9enne que n\u00e9gocient actuellement les Etats membres et le Parlement europ\u00e9en.<\/p>\n<p>&#13;<br \/>\n&#13;<\/p>\n<p>&#13;<br \/>\n&#13;<\/p>\n","protected":false},"excerpt":{"rendered":"Face \u00e0 l\u2019explosion du commerce en ligne, les douanes europ\u00e9ennes peinent \u00e0 suivre le rythme\u00a0: en 2024, seuls&hellip;\n","protected":false},"author":2,"featured_media":351024,"comment_status":"","ping_status":"","sticky":false,"template":"","format":"standard","meta":{"footnotes":""},"categories":[1586],"tags":[29950,11,1777,674,1779,1011,27,12,25,1778,364],"class_list":{"0":"post-351023","1":"post","2":"type-post","3":"status-publish","4":"format-standard","5":"has-post-thumbnail","7":"category-europe","8":"tag-nodefield_freetags","9":"tag-actualites","10":"tag-eu","11":"tag-europe","12":"tag-european-union","13":"tag-fr","14":"tag-france","15":"tag-news","16":"tag-republique-francaise","17":"tag-ue","18":"tag-union-europeenne"},"share_on_mastodon":{"url":"https:\/\/pubeurope.com\/@fr\/115109360127070181","error":""},"_links":{"self":[{"href":"https:\/\/www.europesays.com\/fr\/wp-json\/wp\/v2\/posts\/351023","targetHints":{"allow":["GET"]}}],"collection":[{"href":"https:\/\/www.europesays.com\/fr\/wp-json\/wp\/v2\/posts"}],"about":[{"href":"https:\/\/www.europesays.com\/fr\/wp-json\/wp\/v2\/types\/post"}],"author":[{"embeddable":true,"href":"https:\/\/www.europesays.com\/fr\/wp-json\/wp\/v2\/users\/2"}],"replies":[{"embeddable":true,"href":"https:\/\/www.europesays.com\/fr\/wp-json\/wp\/v2\/comments?post=351023"}],"version-history":[{"count":0,"href":"https:\/\/www.europesays.com\/fr\/wp-json\/wp\/v2\/posts\/351023\/revisions"}],"wp:featuredmedia":[{"embeddable":true,"href":"https:\/\/www.europesays.com\/fr\/wp-json\/wp\/v2\/media\/351024"}],"wp:attachment":[{"href":"https:\/\/www.europesays.com\/fr\/wp-json\/wp\/v2\/media?parent=351023"}],"wp:term":[{"taxonomy":"category","embeddable":true,"href":"https:\/\/www.europesays.com\/fr\/wp-json\/wp\/v2\/categories?post=351023"},{"taxonomy":"post_tag","embeddable":true,"href":"https:\/\/www.europesays.com\/fr\/wp-json\/wp\/v2\/tags?post=351023"}],"curies":[{"name":"wp","href":"https:\/\/api.w.org\/{rel}","templated":true}]}}