{"id":351025,"date":"2025-08-29T01:03:14","date_gmt":"2025-08-29T01:03:14","guid":{"rendered":"https:\/\/www.europesays.com\/fr\/351025\/"},"modified":"2025-08-29T01:03:14","modified_gmt":"2025-08-29T01:03:14","slug":"a-luniversite-dete-du-medef-jordan-bardella-peine-a-gagner-la-confiance-des-patrons-liberation","status":"publish","type":"post","link":"https:\/\/www.europesays.com\/fr\/351025\/","title":{"rendered":"A l\u2019universit\u00e9 d\u2019\u00e9t\u00e9 du Medef, Jordan Bardella peine \u00e0 gagner la confiance des patrons \u2013 Lib\u00e9ration"},"content":{"rendered":"<p class=\"sc-ksZaOG ehjQrN text-element\">Pour sa premi\u00e8re invitation, il n\u2019aura m\u00eame pas fait le tour des stands. Costume ajust\u00e9, coupe d\u2019\u00e9t\u00e9 et visage ferm\u00e9, le pr\u00e9sident du Rassemblement national \u00e9tait pourtant venu jouer la carte du pro-business \u00e0 la derni\u00e8re journ\u00e9e des Rencontres des entrepreneurs de France organis\u00e9es par le Medef, ce jeudi 28 ao\u00fbt, au stade Roland-Garros (Paris).<\/p>\n<p class=\"sc-ksZaOG ehjQrN text-element\">Arriv\u00e9 \u00e0 la derni\u00e8re minute pour son d\u00e9bat avec les repr\u00e9sentants des autres forces politiques \u2013 Bruno Retailleau (LR), Gabriel Attal (Renaissance), Marine Tondelier (Les Ecologistes), Fabien Roussel (PCF) et Manuel Bompard (LFI) \u2013 Jordan Bardella est reparti aussit\u00f4t, sans m\u00eame rencontrer des chefs d\u2019entreprise auxquels <a href=\"https:\/\/www.liberation.fr\/economie\/programme-economique-du-rn-aux-legislatives-le-grand-nimporte-quoi-20240618_CLTXA35AS5FH7MKLZDFSD4DOPU\/\" target=\"_blank\" rel=\"noopener\" title=\"https:\/\/www.liberation.fr\/economie\/programme-economique-du-rn-aux-legislatives-le-grand-nimporte-quoi-20240618_CLTXA35AS5FH7MKLZDFSD4DOPU\/\">il entend pourtant prouver sa cr\u00e9dibilit\u00e9 \u00e9conomique<\/a>.<\/p>\n<p class=\"sc-ksZaOG ehjQrN text-element\">Devant les tribunes du court Philippe-Chatrier garnies de patrons, il a n\u00e9anmoins d\u00e9roul\u00e9 ses arguments pour s\u00e9duire : \u00abIl faut s\u2019attaquer \u00e0 ces contraintes qui p\u00e8sent sur notre croissance, baisser les imp\u00f4ts de production, retrouver un prix de l\u2019\u00e9nergie fran\u00e7ais, faire du patriotisme \u00e9conomique pour que ceux qui produisent sur notre sol soient prioritaires dans l\u2019acc\u00e8s \u00e0 la commande publique [\u2026]. On a des salaires nets qui sont trop bas, et un c<\/p>\n","protected":false},"excerpt":{"rendered":"Pour sa premi\u00e8re invitation, il n\u2019aura m\u00eame pas fait le tour des stands. Costume ajust\u00e9, coupe d\u2019\u00e9t\u00e9 et&hellip;\n","protected":false},"author":2,"featured_media":351026,"comment_status":"","ping_status":"","sticky":false,"template":"","format":"standard","meta":{"footnotes":""},"categories":[2],"tags":[11,1011,27,1077,4803,12,25,2848],"class_list":{"0":"post-351025","1":"post","2":"type-post","3":"status-publish","4":"format-standard","5":"has-post-thumbnail","7":"category-actualites","8":"tag-actualites","9":"tag-fr","10":"tag-france","11":"tag-jordan-bardella","12":"tag-medef","13":"tag-news","14":"tag-republique-francaise","15":"tag-rn"},"share_on_mastodon":{"url":"https:\/\/pubeurope.com\/@fr\/115109364187650799","error":""},"_links":{"self":[{"href":"https:\/\/www.europesays.com\/fr\/wp-json\/wp\/v2\/posts\/351025","targetHints":{"allow":["GET"]}}],"collection":[{"href":"https:\/\/www.europesays.com\/fr\/wp-json\/wp\/v2\/posts"}],"about":[{"href":"https:\/\/www.europesays.com\/fr\/wp-json\/wp\/v2\/types\/post"}],"author":[{"embeddable":true,"href":"https:\/\/www.europesays.com\/fr\/wp-json\/wp\/v2\/users\/2"}],"replies":[{"embeddable":true,"href":"https:\/\/www.europesays.com\/fr\/wp-json\/wp\/v2\/comments?post=351025"}],"version-history":[{"count":0,"href":"https:\/\/www.europesays.com\/fr\/wp-json\/wp\/v2\/posts\/351025\/revisions"}],"wp:featuredmedia":[{"embeddable":true,"href":"https:\/\/www.europesays.com\/fr\/wp-json\/wp\/v2\/media\/351026"}],"wp:attachment":[{"href":"https:\/\/www.europesays.com\/fr\/wp-json\/wp\/v2\/media?parent=351025"}],"wp:term":[{"taxonomy":"category","embeddable":true,"href":"https:\/\/www.europesays.com\/fr\/wp-json\/wp\/v2\/categories?post=351025"},{"taxonomy":"post_tag","embeddable":true,"href":"https:\/\/www.europesays.com\/fr\/wp-json\/wp\/v2\/tags?post=351025"}],"curies":[{"name":"wp","href":"https:\/\/api.w.org\/{rel}","templated":true}]}}