{"id":351031,"date":"2025-08-29T01:06:28","date_gmt":"2025-08-29T01:06:28","guid":{"rendered":"https:\/\/www.europesays.com\/fr\/351031\/"},"modified":"2025-08-29T01:06:28","modified_gmt":"2025-08-29T01:06:28","slug":"clement-guichard-laisse-filer-un-troisieme-titre-au-profit-du-neerlandais-lars-van-der-vight","status":"publish","type":"post","link":"https:\/\/www.europesays.com\/fr\/351031\/","title":{"rendered":"Cl\u00e9ment Guichard laisse filer un troisi\u00e8me titre au profit du N\u00e9erlandais Lars van der Vight"},"content":{"rendered":"<p>\t\t\t\t\t\t<img width=\"770\" height=\"556\" src=\"https:\/\/www.europesays.com\/fr\/wp-content\/uploads\/2025\/08\/progolftour-770x556.jpg\" class=\"img-responsive wp-post-image\" alt=\"\" decoding=\"async\" fetchpriority=\"high\"  \/>\t\t\t\t\t<\/p>\n<p>\t\t\t\t\t\t Partager cet article <\/p>\n<p class=\"screen-reader-text juiz_sps_maybe_hidden_text\">Partager la publication \u00ab\u00a0Cl\u00e9ment Guichard laisse filer un troisi\u00e8me titre au profit du N\u00e9erlandais Lars van der Vight\u00a0\u00bb<\/p>\n<p><strong>\u00c0 la lutte pour le titre au Stippelberg Open, Cl\u00e9ment Guichard a tr\u00e9buch\u00e9 laissant le titre au N\u00e9erlandais Lars van der Vight (photo). Il lui c\u00e8de \u00e9galement la t\u00eate de l\u2019ordre du m\u00e9rite \u00e0 deux tournois de la fin de la saison. Louis Bonte a signe sa meilleure performance de l\u2019ann\u00e9e en terminant 4e ex aequo.\u00a0<\/strong><\/p>\n<p>\t\t\t\t\t<a id=\"183294\" href=\"https:\/\/golfplus.fr\/kit-1-2-serie-graphite-p4785.html\" target=\"_blank\" rel=\"sponsorised nofollow noopener\"><img decoding=\"async\" src=\"data:image\/svg+xml,%3Csvg%20xmlns=\" http:=\"\" class=\"img-responsive\" alt=\"\" data-lazy-src=\"https:\/\/www.europesays.com\/fr\/wp-content\/uploads\/2025\/08\/golfplus-e22-kits-greens-1170x275-1.jpg\"\/><\/a><\/p>\n<p><strong>H.D.<\/strong><\/p>\n<p>En remportant il y a deux semaines le<strong> Staan Open<\/strong>, <a href=\"https:\/\/www.golfplanete.com\/actualites\/clement-guichard-simpose-aux-pays-bas-et-prend-une-serieuse-option-sur-la-montee\/\" rel=\"nofollow noopener\" target=\"_blank\"><strong>Cl\u00e9ment Guichard<\/strong> avait pris la t\u00eate de l\u2019ordre du m\u00e9rite<\/a>. Cette semaine, il a bien failli remporter son troisi\u00e8me succ\u00e8s de la saison, synonyme de mont\u00e9e automatique sur <strong>l\u2019HotelPlanner Tour <\/strong>(ex-<strong>Challenge Tour<\/strong>). Mais le Normand a tr\u00e9buch\u00e9 sur son 53e trou au <strong>Stippelberg Open<\/strong>.<\/p>\n<p><a href=\"https:\/\/www.progolftour.de\/tournament-details\/stippelberg-open-2025?tab=livescoring#livescoring-5885\" rel=\"nofollow noopener\" target=\"_blank\">Retrouvez le leaderboard complet<\/a><\/p>\n<p>Un double bogey sur le par 4 du 17 a en effet compromis ses chances de victoire. C\u2019est un de ses concurrents directs, le rookie n\u00e9erlandais <strong>Lars van der Vight<\/strong> qui s\u2019est finalement impos\u00e9 gr\u00e2ce \u00e0 son deuxi\u00e8me 65 de la semaine (-5 journ\u00e9e). Il devance de deux coups le Fran\u00e7ais et l\u2019Allemand <strong>Linus Lang<\/strong>. Il ne reste que deux tournois et 10 000 points \u00e0 prendre. <strong>Cl\u00e9ment Guichard<\/strong> compte pr\u00e8s de 9 900 points d\u2019avance sur le sixi\u00e8me de <a href=\"https:\/\/www.progolftour.de\/order-of-merit-en\" target=\"_blank\" rel=\"noopener nofollow\">l\u2019ordre du m\u00e9rite<\/a>, l\u2019Allemand <strong>Nicolas Horder,\u00a0<\/strong>qui a manqu\u00e9 le cut cette semaine. Il accuse 363 points de retard sur le leader de la Race.\u00a0<\/p>\n<p>Le reste du top 5 ne change pas. Il est compl\u00e9t\u00e9 par les Allemands <strong>Michael Hirmer et Timo Valhenkamp<\/strong> 3\u00e8 et 5\u00e8 ainsi que le Tch\u00e8que<strong> Filip Mruzek<\/strong>, 4e. Leader \u00e0 l\u2019issue du premier tour et huiti\u00e8me ex aequo \u00e0 l\u2019arriv\u00e9e, le Suisse <strong>Mauro Gilardi<\/strong> rentre dans le top 10 (10e).<\/p>\n<p>\t\t\t\t\t<a id=\"181442\" href=\"https:\/\/www.formigolf.fr\/voyage-pays~fairplay_golf__spa_resort_5etoiles_cadiz~199~espagne\" target=\"_blank\" rel=\"sponsorised nofollow noopener\"><img decoding=\"async\" src=\"data:image\/svg+xml,%3Csvg%20xmlns=\" http:=\"\" class=\"img-responsive\" alt=\"\" data-lazy-src=\"https:\/\/www.europesays.com\/fr\/wp-content\/uploads\/2025\/08\/formigolf-e08-andalousie-cadiz-1170x275-1.gif\"\/><\/a><br \/>\nLouis Bonte au pied du podium<\/p>\n<p><strong>Louis Bonte<\/strong> est en grande forme en cette fin de saison. Le golfeur d\u2019Arcachon signe ainsi un troisi\u00e8me top 10 de suite sur le Dutch Swing en finissant quatri\u00e8me ex aequo aux c\u00f4t\u00e9s de l\u2019amateur n\u00e9erlandais <strong>Denny Kloeth<\/strong>, du Slovaque <strong>Jakub Hrinda\u00a0<\/strong>et de l\u2019Allemand <strong>Tom B\u00fcschges<\/strong>. Une belle dynamique qui lui permet de grimper \u00e0 la 24e place de l\u2019ordre du m\u00e9rite.\u00a0<\/p>\n<p>Herm\u00e8s Ferchaud brille lui aussi<\/p>\n<p>Ancien champion de France des moins de 13 ans, le Bordelais <strong>Herm\u00e8s Ferchaud<\/strong> a enregistr\u00e9 sa deuxi\u00e8me meilleure performance de la saison en prenant la 23e place ex aequo avec <strong>Timo Valhenkamp<\/strong>. Au milieu d\u2019une saison manqu\u00e9e (11 tournois, 6 cuts manqu\u00e9s et un abandon), il termine troisi\u00e8me fran\u00e7ais devant <strong>Mathieu Montagne<\/strong> et <strong>Pierre Rabassa<\/strong> 26es.<\/p>\n<p><strong>Claude Churchward<\/strong> et <strong>Julien Lebrere<\/strong> sont 34es en -2 total tandis que <strong>Mathias Gunzel<\/strong> et <strong>Hugo Amsallem<\/strong> prennent la 41e place, dans le par total. A +1, on retrouve ensuite <strong>Adrien Bernardet <\/strong>(43e) puis <strong>Louis Joubin<\/strong> (51e \u00e0 +6).<\/p>\n<p>Le prochain rendez-vous, qui sera l\u2019avant-dernier de la saison, aura lieu du 9 au 11 septembre en Belgique pour <strong>l\u2019Iron Duke Belgian Open<\/strong> au <strong>Hulencourt Golf Club<\/strong>, dans la banlieue sud de Bruxelles.\u00a0<\/p>\n<p>\t\t\t\t\t<a id=\"180479\" href=\"https:\/\/www.swing.fr\/voyage\/35-14eme-edition-des-doubles-gosset-by-beachcomber\" target=\"_blank\" rel=\"sponsorised nofollow noopener\"><img decoding=\"async\" src=\"data:image\/svg+xml,%3Csvg%20xmlns=\" http:=\"\" class=\"img-responsive\" alt=\"\" data-lazy-src=\"https:\/\/www.europesays.com\/fr\/wp-content\/uploads\/2025\/07\/beachcomber-e01-doubles-gosset-26-1170x275-1.jpg\"\/><\/a><br \/>\nLe top 10\u00a0<\/p>\n<p><img loading=\"lazy\" decoding=\"async\" class=\"alignnone size-large wp-image-183705\" src=\"data:image\/svg+xml,%3Csvg%20xmlns=\" http:=\"\" alt=\"\" width=\"770\" height=\"452\" data-lazy- data-lazy- data-lazy-src=\"https:\/\/www.europesays.com\/fr\/wp-content\/uploads\/2025\/08\/capture-decran-2025-08-28-152353-770x452.png\"\/><\/p>\n<p>\t\t\t\t\t<a id=\"182585\" href=\"https:\/\/www.golfcapdagde.com\/\" target=\"_blank\" rel=\"sponsorised nofollow noopener\"><img decoding=\"async\" src=\"data:image\/svg+xml,%3Csvg%20xmlns=\" http:=\"\" class=\"img-responsive\" alt=\"\" data-lazy-src=\"https:\/\/www.europesays.com\/fr\/wp-content\/uploads\/2025\/06\/capdagdegolf-e01-experience-golf-1170x275-1.gif\"\/><\/a><\/p>\n<p>Cr\u00e9dit : Pro Golf Tour<\/p>\n","protected":false},"excerpt":{"rendered":"Partager cet article Partager la publication \u00ab\u00a0Cl\u00e9ment Guichard laisse filer un troisi\u00e8me titre au profit du N\u00e9erlandais Lars&hellip;\n","protected":false},"author":2,"featured_media":351032,"comment_status":"","ping_status":"","sticky":false,"template":"","format":"standard","meta":{"footnotes":""},"categories":[1418],"tags":[1011,27,1472,60],"class_list":{"0":"post-351031","1":"post","2":"type-post","3":"status-publish","4":"format-standard","5":"has-post-thumbnail","7":"category-golf","8":"tag-fr","9":"tag-france","10":"tag-golf","11":"tag-sports"},"share_on_mastodon":{"url":"https:\/\/pubeurope.com\/@fr\/115109375735719767","error":""},"_links":{"self":[{"href":"https:\/\/www.europesays.com\/fr\/wp-json\/wp\/v2\/posts\/351031","targetHints":{"allow":["GET"]}}],"collection":[{"href":"https:\/\/www.europesays.com\/fr\/wp-json\/wp\/v2\/posts"}],"about":[{"href":"https:\/\/www.europesays.com\/fr\/wp-json\/wp\/v2\/types\/post"}],"author":[{"embeddable":true,"href":"https:\/\/www.europesays.com\/fr\/wp-json\/wp\/v2\/users\/2"}],"replies":[{"embeddable":true,"href":"https:\/\/www.europesays.com\/fr\/wp-json\/wp\/v2\/comments?post=351031"}],"version-history":[{"count":0,"href":"https:\/\/www.europesays.com\/fr\/wp-json\/wp\/v2\/posts\/351031\/revisions"}],"wp:featuredmedia":[{"embeddable":true,"href":"https:\/\/www.europesays.com\/fr\/wp-json\/wp\/v2\/media\/351032"}],"wp:attachment":[{"href":"https:\/\/www.europesays.com\/fr\/wp-json\/wp\/v2\/media?parent=351031"}],"wp:term":[{"taxonomy":"category","embeddable":true,"href":"https:\/\/www.europesays.com\/fr\/wp-json\/wp\/v2\/categories?post=351031"},{"taxonomy":"post_tag","embeddable":true,"href":"https:\/\/www.europesays.com\/fr\/wp-json\/wp\/v2\/tags?post=351031"}],"curies":[{"name":"wp","href":"https:\/\/api.w.org\/{rel}","templated":true}]}}