{"id":351037,"date":"2025-08-29T01:11:14","date_gmt":"2025-08-29T01:11:14","guid":{"rendered":"https:\/\/www.europesays.com\/fr\/351037\/"},"modified":"2025-08-29T01:11:14","modified_gmt":"2025-08-29T01:11:14","slug":"motogp-dani-pedrosa-decortique-marquez-acosta-martin-et-bagnaia-le-professeur-donne-sa-lecon","status":"publish","type":"post","link":"https:\/\/www.europesays.com\/fr\/351037\/","title":{"rendered":"MotoGP, Dani Pedrosa d\u00e9cortique Marquez, Acosta, Martin et Bagnaia : le professeur donne sa le\u00e7on"},"content":{"rendered":"<p><strong>Quand Dani Pedrosa parle, on tend l\u2019oreille. Calme,<br \/>\npr\u00e9cis, analytique, l\u2019Espagnol s\u2019est confi\u00e9 \u00e0 DAZN Espa\u00f1a apr\u00e8s le<br \/>\nGrand Prix de Hongrie. Comme toujours, il a livr\u00e9 des remarques<br \/>\nchirurgicales sur les stars actuelles de MotoGP.<\/strong><\/p>\n<p>Il commence avec un <strong>Marc Marquez<\/strong> en louant en<br \/>\nart de dominer\u2026 et de g\u00e9rer la pression. Pour Pedrosa, <strong>Marc<br \/>\nMarquez<\/strong> est dans une dimension \u00e0 part :<br \/>\n<strong>\u00ab<\/strong> il n\u2019y a rien \u00e0 dire, rien \u00e0 dire,<br \/>\nc\u2019est impossible. <strong>Il a tout fait parfaitement lors des<br \/>\nderni\u00e8res courses<\/strong>. Il a domin\u00e9, mais pas seulement. Ce qui<br \/>\nm\u2019impressionne le plus, outre les r\u00e9sultats qu\u2019il a obtenus en<br \/>\ngagnant dans ces conditions, sur ce circuit en Hongrie, <strong>ce<br \/>\nqui m\u2019impressionne le plus, c\u2019est sa fa\u00e7on de g\u00e9rer les<br \/>\nattentes<\/strong>. \u00bb<\/p>\n<p>Et l\u2019ancien pilote sait de quoi il parle : \u00ab car \u00e9videmment,<br \/>\nquand on gagne toutes les courses, on va ensuite voir la presse,<br \/>\n<strong>il faut leur parler et apaiser les attentes qui p\u00e8sent sur<br \/>\nvous<\/strong>, des attentes qui sont : il va tout gagner et il<br \/>\ngagnera quand il le voudra. Donc, pour moi, cet aspect de Marc est<br \/>\nimpressionnant. \u00bb<\/p>\n<p>Une d\u00e9claration forte de la part de celui qui conna\u00eet mieux que<br \/>\nquiconque le poids d\u2019une carri\u00e8re \u00e9cras\u00e9e par les attentes.<\/p>\n<p><strong>Dani Pedrosa<\/strong> n\u2019a pas oubli\u00e9 <strong>Pedro<br \/>\nAcosta<\/strong>, qui continue d\u2019impressionner malgr\u00e9 sa jeunesse :<br \/>\n\u00ab <strong>si Pedro avait r\u00e9ussi \u00e0 \u00eatre en premi\u00e8re<br \/>\nligne<\/strong>, il aurait sans aucun doute pu s\u2019\u00e9lancer devant, et<br \/>\nil aurait peut-\u00eatre eu l\u2019occasion de se rapprocher un peu plus de<br \/>\nMarc \u00e0 un moment donn\u00e9 de la course. Quoi qu\u2019il en soit, <strong>la<br \/>\nprochaine opportunit\u00e9 se pr\u00e9sentera \u00e0 Montmel\u00f3, pour v\u00e9rifier \u00e0<br \/>\nnouveau si la moto a progress\u00e9<\/strong>. C\u2019est un circuit assez<br \/>\nexigeant, il sera donc important de voir comment Pedro s\u2019en sortira<br \/>\n\u00e9galement. \u00bb<\/p>\n<p><img decoding=\"async\" class=\"aligncenter\" src=\"https:\/\/www.europesays.com\/fr\/wp-content\/uploads\/2025\/08\/d59a5ba5129d49b8a75c7c498bf36310.jpg\" alt=\"Le challenger de Marquez : Pedro Acosta a c\u00e9l\u00e9br\u00e9 la deuxi\u00e8me place avec l'\u00e9quipe KTM au parc Balaton\"\/><\/p>\n<p><strong>Dani Pedrosa\u00a0:<br \/>\n\u00ab\u00a0Pecco Bagnaia devrait essayer de retenir les points<br \/>\npositifs, m\u00eame minimes\u00a0\u00bb<\/strong><\/p>\n<p>Le message est clair : l\u2019avenir se construit, tour apr\u00e8s tour,<br \/>\nsur des circuits qui ne pardonnent rien.<\/p>\n<p><strong>Pedrosa<\/strong>, souvent victime de blessures au cours<br \/>\nde sa carri\u00e8re, n\u2019a pas manqu\u00e9 de saluer la t\u00e9nacit\u00e9 de<br \/>\n<strong>Jorge Martin<\/strong> : \u00ab apr\u00e8s avoir vu o\u00f9 il \u00e9tait, \u00e0<br \/>\nl\u2019h\u00f4pital l\u00e0-bas au Qatar, dans cet \u00e9tat physique\u2026 Que cela vous<br \/>\nplaise ou non<strong>, ces moments semblent tr\u00e8s longs<\/strong>, et<br \/>\nc\u2019est pourquoi <strong>l\u2019\u00e9motion de toute cette situation se brise<br \/>\nun peu<\/strong>. \u00catre de retour l\u00e0 o\u00f9 vous aimez le plus, l\u00e0 o\u00f9<br \/>\nvous appr\u00e9ciez le plus, est une sensation incroyable. \u00bb<\/p>\n<p>Un hommage appuy\u00e9 \u00e0 la r\u00e9silience de <strong>Martin<\/strong>,<br \/>\nqui vit chaque tour comme une revanche.<\/p>\n<p>Enfin, le double champion Ducati <a href=\"https:\/\/www.paddock-gp.com\/motogp-uccio-salucci-vr46-balance-pecco-bagnaia-a-perdu-sa-motivation-selon-les-donnees-ducati\/\" target=\"_blank\" rel=\"noopener\"><br \/>\n<strong>Pecco Bagnaia<\/strong><\/a> n\u2019a pas \u00e9chapp\u00e9 non plus \u00e0<br \/>\nl\u2019analyse \u00ab c\u2019\u00e9tait un week-end en dents de scie, et malgr\u00e9<br \/>\ncela, <strong>il a r\u00e9ussi \u00e0 redresser la barre en<br \/>\ncourse\u00a0<\/strong>: \u00a0parti quinzi\u00e8me il a termin\u00e9 neuvi\u00e8me.<br \/>\nDisons que le d\u00e9part \u00e9tait bon. Au premier tour, il a regagn\u00e9<br \/>\nbeaucoup de places. Il y a des points positifs \u00e0 retenir de la<br \/>\ncourse de Bagnaia. \u00c9videmment, il y a aussi des points n\u00e9gatifs,<br \/>\ncomme sa position finale, cette erreur dans le dernier tour. Mais<br \/>\nje pense qu\u2019il devrait essayer de retenir les points positifs, m\u00eame<br \/>\nminimes, <strong>mais il devrait les conserver<\/strong>. \u00bb Un<br \/>\nconseil de v\u00e9t\u00e9ran pour un champion en qu\u00eate de constance.<\/p>\n<p>Le maestro <strong>Pedrosa<\/strong> r\u00e9sume la situation en<br \/>\n<a href=\"https:\/\/www.motogp.com\/en\" target=\"_blank\" rel=\"noopener\">MotoGP<\/a> avec une<br \/>\nclairvoyance rare : <a href=\"https:\/\/www.paddock-gp.com\/motogp-ducati-esclave-de-marc-marquez-le-piege-dore-qui-rappelle-le-cas-honda\/\" target=\"_blank\" rel=\"noopener\"><br \/>\n<strong>Marquez<\/strong><\/a> est dans une sph\u00e8re inaccessible<br \/>\nmentalement et techniquement, <a href=\"https:\/\/www.paddock-gp.com\/motogp-hongrie-video-pedro-acosta-et-le-cameraman-joao-un-echange-emouvant-apres-le-crash-effrayant\/\" target=\"_blank\" rel=\"noopener\"><br \/>\n<strong>Acosta<\/strong><\/a> est le seul \u00e0 pouvoir le d\u00e9fier \u00e0<br \/>\nterme, et <strong>Bagnaia<\/strong> doit retrouver la foi en<br \/>\ncapitalisant sur les micro-progr\u00e8s. Une le\u00e7on de lucidit\u00e9 sign\u00e9e<br \/>\n<strong>Dani Pedrosa<\/strong>.<\/p>\n<p><img decoding=\"async\" class=\"aligncenter\" src=\"https:\/\/www.europesays.com\/fr\/wp-content\/uploads\/2025\/08\/dani-pedrosa.jpeg\" alt=\"MotoGP 2025. Dani Pedrosa analyse Marc Marquez : \u00ab C'est incroyable comme il g\u00e8re les attentes. \u00bb\"\/><\/p>\n","protected":false},"excerpt":{"rendered":"Quand Dani Pedrosa parle, on tend l\u2019oreille. Calme, pr\u00e9cis, analytique, l\u2019Espagnol s\u2019est confi\u00e9 \u00e0 DAZN Espa\u00f1a apr\u00e8s le&hellip;\n","protected":false},"author":2,"featured_media":351038,"comment_status":"","ping_status":"","sticky":false,"template":"","format":"standard","meta":{"footnotes":""},"categories":[1413],"tags":[1011,27,1457,1456,60],"class_list":{"0":"post-351037","1":"post","2":"type-post","3":"status-publish","4":"format-standard","5":"has-post-thumbnail","7":"category-moto","8":"tag-fr","9":"tag-france","10":"tag-moto","11":"tag-motocycle","12":"tag-sports"},"share_on_mastodon":{"url":"https:\/\/pubeurope.com\/@fr\/115109395408446837","error":""},"_links":{"self":[{"href":"https:\/\/www.europesays.com\/fr\/wp-json\/wp\/v2\/posts\/351037","targetHints":{"allow":["GET"]}}],"collection":[{"href":"https:\/\/www.europesays.com\/fr\/wp-json\/wp\/v2\/posts"}],"about":[{"href":"https:\/\/www.europesays.com\/fr\/wp-json\/wp\/v2\/types\/post"}],"author":[{"embeddable":true,"href":"https:\/\/www.europesays.com\/fr\/wp-json\/wp\/v2\/users\/2"}],"replies":[{"embeddable":true,"href":"https:\/\/www.europesays.com\/fr\/wp-json\/wp\/v2\/comments?post=351037"}],"version-history":[{"count":0,"href":"https:\/\/www.europesays.com\/fr\/wp-json\/wp\/v2\/posts\/351037\/revisions"}],"wp:featuredmedia":[{"embeddable":true,"href":"https:\/\/www.europesays.com\/fr\/wp-json\/wp\/v2\/media\/351038"}],"wp:attachment":[{"href":"https:\/\/www.europesays.com\/fr\/wp-json\/wp\/v2\/media?parent=351037"}],"wp:term":[{"taxonomy":"category","embeddable":true,"href":"https:\/\/www.europesays.com\/fr\/wp-json\/wp\/v2\/categories?post=351037"},{"taxonomy":"post_tag","embeddable":true,"href":"https:\/\/www.europesays.com\/fr\/wp-json\/wp\/v2\/tags?post=351037"}],"curies":[{"name":"wp","href":"https:\/\/api.w.org\/{rel}","templated":true}]}}