{"id":351040,"date":"2025-08-29T01:13:10","date_gmt":"2025-08-29T01:13:10","guid":{"rendered":"https:\/\/www.europesays.com\/fr\/351040\/"},"modified":"2025-08-29T01:13:10","modified_gmt":"2025-08-29T01:13:10","slug":"la-fleche-100-boucles-gravel-de-la-monnerie-30-aout-2025-les-engages","status":"publish","type":"post","link":"https:\/\/www.europesays.com\/fr\/351040\/","title":{"rendered":"La Fl\u00e8che 100 Boucles Gravel De La Monnerie 30 ao\u00fbt 2025 les engag\u00e9s"},"content":{"rendered":"<p><strong>IMPORTANT : Il reste des dossards disponibles donc possibilit\u00e9 de s&rsquo;inscrire jusqu&rsquo;\u00e0 vendredi (ou m\u00eame sur place) en contactant l&rsquo;organisation par email :<\/strong> cyclosportflechois@gmail.com<\/p>\n<p>Au programme de cette seconde \u00e9dition 4 \u00e9preuves Gravel chronom\u00e9tr\u00e9s sur un circuit de 7.5km :<br \/>&#8211; Les 100 Boucles (\u00c9preuve au format 24h, en solo ou en relais (2, 4 ou 6)<br \/>&#8211; Le D\u00e9fi (187Km soit 25 tours en solo ou duo)<br \/>&#8211; La Nocturne (75km \u00e0 la tomb\u00e9e de la nuit)<br \/>et la D\u00e9couverte (38km d\u00e8s 13 ans)<\/p>\n<p>En parall\u00e8le, l&rsquo;organisation propose un Vide Grenier sur deux jours, un village animations, Food Trucks, Concert, .<\/p>\n","protected":false},"excerpt":{"rendered":"IMPORTANT : Il reste des dossards disponibles donc possibilit\u00e9 de s&rsquo;inscrire jusqu&rsquo;\u00e0 vendredi (ou m\u00eame sur place) en&hellip;\n","protected":false},"author":2,"featured_media":351041,"comment_status":"","ping_status":"","sticky":false,"template":"","format":"standard","meta":{"footnotes":""},"categories":[1411],"tags":[1154,207,1011,27,60],"class_list":{"0":"post-351040","1":"post","2":"type-post","3":"status-publish","4":"format-standard","5":"has-post-thumbnail","7":"category-cyclisme","8":"tag-cycling","9":"tag-cyclisme","10":"tag-fr","11":"tag-france","12":"tag-sports"},"share_on_mastodon":{"url":"https:\/\/pubeurope.com\/@fr\/115109403304591289","error":""},"_links":{"self":[{"href":"https:\/\/www.europesays.com\/fr\/wp-json\/wp\/v2\/posts\/351040","targetHints":{"allow":["GET"]}}],"collection":[{"href":"https:\/\/www.europesays.com\/fr\/wp-json\/wp\/v2\/posts"}],"about":[{"href":"https:\/\/www.europesays.com\/fr\/wp-json\/wp\/v2\/types\/post"}],"author":[{"embeddable":true,"href":"https:\/\/www.europesays.com\/fr\/wp-json\/wp\/v2\/users\/2"}],"replies":[{"embeddable":true,"href":"https:\/\/www.europesays.com\/fr\/wp-json\/wp\/v2\/comments?post=351040"}],"version-history":[{"count":0,"href":"https:\/\/www.europesays.com\/fr\/wp-json\/wp\/v2\/posts\/351040\/revisions"}],"wp:featuredmedia":[{"embeddable":true,"href":"https:\/\/www.europesays.com\/fr\/wp-json\/wp\/v2\/media\/351041"}],"wp:attachment":[{"href":"https:\/\/www.europesays.com\/fr\/wp-json\/wp\/v2\/media?parent=351040"}],"wp:term":[{"taxonomy":"category","embeddable":true,"href":"https:\/\/www.europesays.com\/fr\/wp-json\/wp\/v2\/categories?post=351040"},{"taxonomy":"post_tag","embeddable":true,"href":"https:\/\/www.europesays.com\/fr\/wp-json\/wp\/v2\/tags?post=351040"}],"curies":[{"name":"wp","href":"https:\/\/api.w.org\/{rel}","templated":true}]}}