{"id":351042,"date":"2025-08-29T01:14:10","date_gmt":"2025-08-29T01:14:10","guid":{"rendered":"https:\/\/www.europesays.com\/fr\/351042\/"},"modified":"2025-08-29T01:14:10","modified_gmt":"2025-08-29T01:14:10","slug":"lattaquant-darsenal-kai-havertz-a-ete-opere-a-un-genou-lequipe","status":"publish","type":"post","link":"https:\/\/www.europesays.com\/fr\/351042\/","title":{"rendered":"L&#039;attaquant d&#039;Arsenal Kai Havertz a \u00e9t\u00e9 op\u00e9r\u00e9 \u00e0 un genou &#8211; L&#039;\u00c9quipe"},"content":{"rendered":"<ol>\n<li><a href=\"https:\/\/news.google.com\/rss\/articles\/CBMiqwFBVV95cUxNb2ltZXh2WWZuTEM1emM0c2VnLXJLRDdYWWhpak9vU0cxcDU4NjI3RXFKaE53NVByQnljQ3RZWVpmMEdCa0pVRHZTbFA0T1g5dGt6UU13Q0dSbE9NWEtvS3ZJM3hYeHFCOHBTYUNwcUZMbnQ4UUctV2lOckpJZ1RUTXVmNDlNNk1kT1psRVVDMFk4aENSektreDJDZHFqYWdGMFNUdzZzWXhUcjQ?oc=5\" target=\"_blank\" rel=\"nofollow noopener\">L&rsquo;attaquant d&rsquo;Arsenal Kai Havertz a \u00e9t\u00e9 op\u00e9r\u00e9 \u00e0 un genou<\/a>&nbsp;&nbsp;L&rsquo;\u00c9quipe<\/li>\n<li><a href=\"https:\/\/news.google.com\/rss\/articles\/CBMiqAFBVV95cUxNbWZsdFU2TkVYRVAyOUFzMm83WTZjTEgxQlZ6WFByUENKTVNmcHd6Sm1vUHRkZVBaUFFrWF93Y1JCckdXd3UzYjNxTEgwYXFmZk5adlNXaWppWHhyY1FOWFdpdFBzMUswS3o5VFhIb0kyaUsxaUQ1SW9MRDZtNlQxcHB3RE4xVHU0ODJpNEkzdU5oOHRhY3llVVUyNEJMUG43V1pYV3lvSEw?oc=5\" target=\"_blank\" rel=\"nofollow noopener\">Foot : Havertz op\u00e9r\u00e9 \u00e0 un genou, annonce Arsenal<\/a>&nbsp;&nbsp;Le Figaro<\/li>\n<li><a href=\"https:\/\/news.google.com\/rss\/articles\/CBMi_wFBVV95cUxQbmhtc19LQ2h1bUVaeWhZaE5lOG9SSU1NRjlXcnhTZ0RVVF84RUJiS2VNQU91TFc3c0Vwa2RxV2x4MVhVYjB0QUFRU2E0VjU3cWV1WDJiejlyb2RkM0hucW9UZ1NrclFUb1IwWWM3bGpLRUFDcERUUHQ1RmxacWpxajVwQXVxQTZGeVpWVVJ1TFREX0lEdC04NXZzUk9HNFRYdVJLX2YzYXR2QjhRSl8wQmQzbWZsWHpGcjBsTGVIUXBrSG5fSGhZWkd4anRaMTZOVi1rdjVZUEhpcVhFZTlma2ZQdVFsWVFvTTFVQlNNYW9sNXZoRUtnQjNtQmQtQ1k?oc=5\" target=\"_blank\" rel=\"nofollow noopener\">Bless\u00e9 \u00e0 un genou, Kai Havertz manquera le rassemblement de l&rsquo;Allemagne et pourrait subir une op\u00e9ration<\/a>&nbsp;&nbsp;MSN<\/li>\n<li><a href=\"https:\/\/news.google.com\/rss\/articles\/CBMi2gFBVV95cUxNcXV5T1h0bVhvRU5HM0hXVHc5d0MtRm83LTVpNDc1MFVTNWhTY0ZkU3dqYXBwNWVxYjBNazVvWFZFUFNhQU5QSnpORVNjVlBoWTUtYnZnNTFoYTJpQ3JVZGJFSFFSaEYzVl9id2w4M1RYUk9SR0tPM2dmbmM3SXVzVUhNeXZKa3RPYVZ0VUdCMjR5TUlwVkJhdXpMOUtUdVdyc3lNZkdwdElyN3Bkd0puTkZiYTA1RFlBbEtOMldJNElzdmItVFJSa1NJanZvVkVWd0Q3elIzN2lyZw?oc=5\" target=\"_blank\" rel=\"nofollow noopener\">Arsenal &#8211; Arteta : \u201cNous ne connaissons pas encore la gravit\u00e9 de la blessure d\u2019Havertz\u201d<\/a>&nbsp;&nbsp;Orange Actualit\u00e9s | Sports<\/li>\n<li><a href=\"https:\/\/news.google.com\/rss\/articles\/CBMiwwFBVV95cUxNWU9tdlhXQjM3T3ZqNGFsOFY0X3JFQnh3M2NER0NBNXFuYjZBZ184MXVHd012NmxlSVlUOU85X2laYVZhaVhYNUluajJsb2VoNU1aeUNIRVI3VXZuQ0Z0MVZyTGFoR01MMmRjNnp4eldLS0l0NDg1UGhKamJXdVhvcV9aZFk3UXNsMFJvZlhjZXVMUE5wekZTMkt0eEVlNFpwd21FVEtMS2NKbUdGZWpPbTFDNHl2ZWdNc2lQWV90YTJIVlk?oc=5\" target=\"_blank\" rel=\"nofollow noopener\">Arsenal est pr\u00eat \u00e0 jouer un sale tour \u00e0 Tottenham pour remplacer Kai Havertz<\/a>&nbsp;&nbsp;Foot Mercato<\/li>\n<\/ol>\n","protected":false},"excerpt":{"rendered":"L&rsquo;attaquant d&rsquo;Arsenal Kai Havertz a \u00e9t\u00e9 op\u00e9r\u00e9 \u00e0 un genou&nbsp;&nbsp;L&rsquo;\u00c9quipe Foot : Havertz op\u00e9r\u00e9 \u00e0 un genou, annonce&hellip;\n","protected":false},"author":2,"featured_media":351043,"comment_status":"","ping_status":"","sticky":false,"template":"","format":"standard","meta":{"footnotes":""},"categories":[1410],"tags":[63,1011,27,60],"class_list":{"0":"post-351042","1":"post","2":"type-post","3":"status-publish","4":"format-standard","5":"has-post-thumbnail","7":"category-football","8":"tag-football","9":"tag-fr","10":"tag-france","11":"tag-sports"},"share_on_mastodon":{"url":"https:\/\/pubeurope.com\/@fr\/115109407252023155","error":""},"_links":{"self":[{"href":"https:\/\/www.europesays.com\/fr\/wp-json\/wp\/v2\/posts\/351042","targetHints":{"allow":["GET"]}}],"collection":[{"href":"https:\/\/www.europesays.com\/fr\/wp-json\/wp\/v2\/posts"}],"about":[{"href":"https:\/\/www.europesays.com\/fr\/wp-json\/wp\/v2\/types\/post"}],"author":[{"embeddable":true,"href":"https:\/\/www.europesays.com\/fr\/wp-json\/wp\/v2\/users\/2"}],"replies":[{"embeddable":true,"href":"https:\/\/www.europesays.com\/fr\/wp-json\/wp\/v2\/comments?post=351042"}],"version-history":[{"count":0,"href":"https:\/\/www.europesays.com\/fr\/wp-json\/wp\/v2\/posts\/351042\/revisions"}],"wp:featuredmedia":[{"embeddable":true,"href":"https:\/\/www.europesays.com\/fr\/wp-json\/wp\/v2\/media\/351043"}],"wp:attachment":[{"href":"https:\/\/www.europesays.com\/fr\/wp-json\/wp\/v2\/media?parent=351042"}],"wp:term":[{"taxonomy":"category","embeddable":true,"href":"https:\/\/www.europesays.com\/fr\/wp-json\/wp\/v2\/categories?post=351042"},{"taxonomy":"post_tag","embeddable":true,"href":"https:\/\/www.europesays.com\/fr\/wp-json\/wp\/v2\/tags?post=351042"}],"curies":[{"name":"wp","href":"https:\/\/api.w.org\/{rel}","templated":true}]}}