{"id":351044,"date":"2025-08-29T01:15:11","date_gmt":"2025-08-29T01:15:11","guid":{"rendered":"https:\/\/www.europesays.com\/fr\/351044\/"},"modified":"2025-08-29T01:15:11","modified_gmt":"2025-08-29T01:15:11","slug":"poses-lascives-et-cri-bestial-en-crise-sur-scene-shym-inquiete-ses-fans","status":"publish","type":"post","link":"https:\/\/www.europesays.com\/fr\/351044\/","title":{"rendered":"Poses lascives et cri bestial : en \u00ab\u00a0crise\u00a0\u00bb sur sc\u00e8ne, Shy\u2019m inqui\u00e8te ses fans"},"content":{"rendered":"<p>      R\u00e9sum\u00e9<\/p>\n<p>Lors d\u2019un concert \u00e0 Toulouse, Shy\u2019m a surpris par une performance intense entre poses suggestives et cris, suscitant des r\u00e9actions vari\u00e9es de ses fans sur les r\u00e9seaux sociaux.<\/p>\n<p>        Sommaire<\/p>\n<p>Le 16 ao\u00fbt 2025, <strong>Shy&rsquo;m \u00e9tait au Festival la Kermesse \u00e0 Toulouse<\/strong>. La chanteuse a partag\u00e9 quelques extraits de son concert endiabl\u00e9. Dans son carrousel Instagram, on a vu ses fans transits d&rsquo;amour, chanter en c\u0153ur ses chansons. <\/p>\n<p>Toutefois, sa s\u00e9lection ne comprenait pas sa performance sur \u00ab\u00a0L&rsquo;Effet de serre\u00a0\u00bb. Sur TikTok, on a d\u00e9couvert, ce 28 ao\u00fbt 2025 un extrait du titre sorti en 2014. Et <strong>Shy&rsquo;m a dans\u00e9 et chant\u00e9 sur la m\u00e9lodie, de tout son \u00eatre. <\/strong>Normal, quand on sait que Tamara Marthe a pris un nom d&#8217;emprunt pour tout se permettre sur sc\u00e8ne.<\/p>\n<p>Au point o\u00f9 certains fans se sont l\u00e2ch\u00e9s en commentaire. Devant les poses lascives de la star et ses cris de b\u00eate sensuels, <strong>ils ont copieusement critiqu\u00e9 Shy&rsquo;m.<\/strong><\/p>\n<p>Shy&rsquo;m comme poss\u00e9d\u00e9e sur sc\u00e8ne ?<\/p>\n<p>Parce qu&rsquo;elle semblait comme habit\u00e9e pendant son show, certains ont imagin\u00e9 que la star avait pu prendre des substances. On a par exemple relev\u00e9 : \u00ab\u00a0qu est ce qu elle a pris ?\u00a0\u00bb, ou encore \u00ab\u00a0Mais mais c&rsquo;est quel genre de crise \u00e7a ?\u00a0\u00bb. <\/p>\n<p>D&rsquo;autres se sont focalis\u00e9 sur son aspect physique : \u00ab\u00a0Je vois son carr\u00e9 dans les extensions et \u00e7a me perturbe\u00a0\u00bb. Les plus mesquins ont tacl\u00e9 ses capacit\u00e9s vocales : \u00ab\u00a0Lorsque tu mise tout sur ton physique\u00a0\u00bb. <\/p>\n<p>Une nuit magique<\/p>\n<p>Pas de quoi g\u00e2cher la soir\u00e9e de Shy&rsquo;m. La chanteuse a r\u00e9sum\u00e9 avec de nombreux coeurs en feu, sur la Toile : \u00ab\u00a0O ToulouuuOUUUUzeee. Le meilleur pour la fin (y\u2019a pas de mots\u2026). Tu vas manquer la Kermesse Festival\u00a0\u00bb. <\/p>\n<p>Et en prime, la jolie membre du jury de Drag Race a aussi eu droit \u00e0 <a href=\"https:\/\/vsd.fr\/84578-jarrive-a-tenir-grace-au-soutien-de-mon-entourage-shym-epuisee-passe-aux-aveux\/\" target=\"_blank\" rel=\"noopener\">quelques commentaires encourageants<\/a>. D&rsquo;abord Sa\u00efd Boussif qui lui a \u00e9crit \u00ab\u00a0Beaut\u00e9\u00e9\u00e9\u00e9\u00e9\u00e9\u00e9\u00e9\u00e9\u00e9\u00a0\u00bb. <\/p>\n<p>De son c\u00f4t\u00e9, <a href=\"https:\/\/www.public.fr\/shym-et-jeremy-frerot-en-plein-road-trip-la-chanteuse-apparait-entierement-nue-dans-le-van-du-chanteur\" target=\"_blank\" rel=\"noopener\">son ami J\u00e9r\u00e9my Fr\u00e9rot lui a envoy\u00e9 un \u00e9moji couronne<\/a>, pour lui signifier qu&rsquo;elle est une queen. Enfin, Lio, Iris Mittenaere et Pierre Garnier ont lik\u00e9 son post. Les chiens aboient, la caravane passe. Nous en tout cas, on en veut encore !<\/p>\n<p>      Mentionn\u00e9s dans cet article<\/p>\n<p>      Sur le m\u00eame sujet<\/p>\n","protected":false},"excerpt":{"rendered":"R\u00e9sum\u00e9 Lors d\u2019un concert \u00e0 Toulouse, Shy\u2019m a surpris par une performance intense entre poses suggestives et cris,&hellip;\n","protected":false},"author":2,"featured_media":351045,"comment_status":"","ping_status":"","sticky":false,"template":"","format":"standard","meta":{"footnotes":""},"categories":[1359],"tags":[1697,58,59,849,1011,27,973,32262],"class_list":{"0":"post-351044","1":"post","2":"type-post","3":"status-publish","4":"format-standard","5":"has-post-thumbnail","7":"category-people","8":"tag-concert","9":"tag-divertissement","10":"tag-entertainment","11":"tag-festival","12":"tag-fr","13":"tag-france","14":"tag-people","15":"tag-shym"},"share_on_mastodon":{"url":"https:\/\/pubeurope.com\/@fr\/115109411218445467","error":""},"_links":{"self":[{"href":"https:\/\/www.europesays.com\/fr\/wp-json\/wp\/v2\/posts\/351044","targetHints":{"allow":["GET"]}}],"collection":[{"href":"https:\/\/www.europesays.com\/fr\/wp-json\/wp\/v2\/posts"}],"about":[{"href":"https:\/\/www.europesays.com\/fr\/wp-json\/wp\/v2\/types\/post"}],"author":[{"embeddable":true,"href":"https:\/\/www.europesays.com\/fr\/wp-json\/wp\/v2\/users\/2"}],"replies":[{"embeddable":true,"href":"https:\/\/www.europesays.com\/fr\/wp-json\/wp\/v2\/comments?post=351044"}],"version-history":[{"count":0,"href":"https:\/\/www.europesays.com\/fr\/wp-json\/wp\/v2\/posts\/351044\/revisions"}],"wp:featuredmedia":[{"embeddable":true,"href":"https:\/\/www.europesays.com\/fr\/wp-json\/wp\/v2\/media\/351045"}],"wp:attachment":[{"href":"https:\/\/www.europesays.com\/fr\/wp-json\/wp\/v2\/media?parent=351044"}],"wp:term":[{"taxonomy":"category","embeddable":true,"href":"https:\/\/www.europesays.com\/fr\/wp-json\/wp\/v2\/categories?post=351044"},{"taxonomy":"post_tag","embeddable":true,"href":"https:\/\/www.europesays.com\/fr\/wp-json\/wp\/v2\/tags?post=351044"}],"curies":[{"name":"wp","href":"https:\/\/api.w.org\/{rel}","templated":true}]}}