{"id":351048,"date":"2025-08-29T01:17:20","date_gmt":"2025-08-29T01:17:20","guid":{"rendered":"https:\/\/www.europesays.com\/fr\/351048\/"},"modified":"2025-08-29T01:17:20","modified_gmt":"2025-08-29T01:17:20","slug":"ma-frite-adoree-le-nouveau-livre-de-marie-laure-frechet","status":"publish","type":"post","link":"https:\/\/www.europesays.com\/fr\/351048\/","title":{"rendered":"Ma frite ador\u00e9e, le nouveau livre de Marie-Laure Fr\u00e9chet"},"content":{"rendered":"<p style=\"font-weight: 400\">La journaliste et experte de la gastronomie des Hauts-de-France Marie-Laure Fr\u00e9chet publie \u00ab Ma frite ador\u00e9e \u00bb, un carnet de recettes et d\u2019adresses qui suit l\u2019axe Paris-Lille-Bruxelles, illustr\u00e9 des photos de Val\u00e9rie Lhomme. Ce guide d\u00e9di\u00e9 aux amateurs de frites compile les meilleures recettes qui accompagnent traditionnellement cette sp\u00e9cialit\u00e9, dont le Nord de la France et la Belgique se disputent la paternit\u00e9. A.G.<\/p>\n<p style=\"font-weight: 400\">Ma frite ador\u00e9e<\/p>\n<p style=\"font-weight: 400\">\u00c9ditions Marabout<\/p>\n<p style=\"font-weight: 400\">19,95\u20ac<\/p>\n<p><\/p>\n","protected":false},"excerpt":{"rendered":"La journaliste et experte de la gastronomie des Hauts-de-France Marie-Laure Fr\u00e9chet publie \u00ab Ma frite ador\u00e9e \u00bb, un&hellip;\n","protected":false},"author":2,"featured_media":351049,"comment_status":"","ping_status":"","sticky":false,"template":"","format":"standard","meta":{"footnotes":""},"categories":[1357],"tags":[1379,58,59,1011,27,1380],"class_list":{"0":"post-351048","1":"post","2":"type-post","3":"status-publish","4":"format-standard","5":"has-post-thumbnail","7":"category-livres","8":"tag-books","9":"tag-divertissement","10":"tag-entertainment","11":"tag-fr","12":"tag-france","13":"tag-livres"},"share_on_mastodon":{"url":"https:\/\/pubeurope.com\/@fr\/115109419050490684","error":""},"_links":{"self":[{"href":"https:\/\/www.europesays.com\/fr\/wp-json\/wp\/v2\/posts\/351048","targetHints":{"allow":["GET"]}}],"collection":[{"href":"https:\/\/www.europesays.com\/fr\/wp-json\/wp\/v2\/posts"}],"about":[{"href":"https:\/\/www.europesays.com\/fr\/wp-json\/wp\/v2\/types\/post"}],"author":[{"embeddable":true,"href":"https:\/\/www.europesays.com\/fr\/wp-json\/wp\/v2\/users\/2"}],"replies":[{"embeddable":true,"href":"https:\/\/www.europesays.com\/fr\/wp-json\/wp\/v2\/comments?post=351048"}],"version-history":[{"count":0,"href":"https:\/\/www.europesays.com\/fr\/wp-json\/wp\/v2\/posts\/351048\/revisions"}],"wp:featuredmedia":[{"embeddable":true,"href":"https:\/\/www.europesays.com\/fr\/wp-json\/wp\/v2\/media\/351049"}],"wp:attachment":[{"href":"https:\/\/www.europesays.com\/fr\/wp-json\/wp\/v2\/media?parent=351048"}],"wp:term":[{"taxonomy":"category","embeddable":true,"href":"https:\/\/www.europesays.com\/fr\/wp-json\/wp\/v2\/categories?post=351048"},{"taxonomy":"post_tag","embeddable":true,"href":"https:\/\/www.europesays.com\/fr\/wp-json\/wp\/v2\/tags?post=351048"}],"curies":[{"name":"wp","href":"https:\/\/api.w.org\/{rel}","templated":true}]}}