{"id":35105,"date":"2025-04-18T23:17:39","date_gmt":"2025-04-18T23:17:39","guid":{"rendered":"https:\/\/www.europesays.com\/fr\/35105\/"},"modified":"2025-04-18T23:17:39","modified_gmt":"2025-04-18T23:17:39","slug":"meteo-la-neige-tombe-en-grande-quantite-dans-la-loire-decouvrez-les-images","status":"publish","type":"post","link":"https:\/\/www.europesays.com\/fr\/35105\/","title":{"rendered":"M\u00e9t\u00e9o. La neige tombe en grande quantit\u00e9 dans la Loire : d\u00e9couvrez les images"},"content":{"rendered":"<p>            Par<br \/>\n        <strong><br \/>\n            <a href=\"https:\/\/actu.fr\/auteur\/julien-sournies\" title=\"Consulter tous les articles de Julien Sournies\" rel=\"nofollow noopener\" target=\"_blank\">Julien Sournies<\/a><br \/>\n        <\/strong><\/p>\n<p>        Publi\u00e9 le<\/p>\n<p>            16 avr. 2025 \u00e0 15h51        <\/p>\n<p>Elles \u00e9taient attendues dans la <a href=\"https:\/\/actu.fr\/auvergne-rhone-alpes\/loire_42\" rel=\"nofollow noopener\" target=\"_blank\">Loire<\/a>. <a href=\"https:\/\/actu.fr\/auvergne-rhone-alpes\/saint-etienne_42218\/meteo-orages-neige-et-pluie-la-loire-en-alerte-l-hiver-de-retour_62511939.html\" rel=\"nofollow noopener\" target=\"_blank\">Comme pr\u00e9vu par M\u00e9t\u00e9o France<\/a>, la pluie, mais surtout de la neige \u00e0 moyenne altitude (1\u2009000\/1\u2009100m), sont en effet<strong> tomb\u00e9es sur le d\u00e9partement<\/strong> au cours de la matin\u00e9e de ce mercredi 16\u00a0avril 2025.<\/p>\n<p class=\" wall-content\">En ce sens, sur les r\u00e9seaux sociaux, les internautes n\u2019ont pas h\u00e9sit\u00e9 \u00e0 filmer et diffuser de belles images.<\/p>\n<p>De la neige aux cols de la Croix de Chabouret et de la Loge<\/p>\n<p class=\" wall-content\">\u00c0 commencer sur le col de la Croix de Chabouret, situ\u00e9 \u00e0 30 minutes de voiture de <a href=\"https:\/\/actu.fr\/saint-etienne\/\" rel=\"nofollow noopener\" target=\"_blank\">Saint-\u00c9tienne<\/a>. T\u00f4t ce mercredi matin, la neige s\u2019est abattue en quantit\u00e9 pendant quelques heures.<\/p>\n<p>    <a href=\"https:\/\/www.facebook.com\/plugins\/video.php?height=317&amp;href=https%3A%2F%2Fwww.facebook.com%2FNJBurel%2Fvideos%2F698656286170409%2F%3Fidorvanity%3D941260520148117&amp;show_text=false&amp;width=350&amp;t=0\" title=\"Ouvrie le lien\" rel=\"nofollow noopener\" target=\"_blank\">Cliquez ici pour visualiser le contenu<\/a><\/p>\n<p>      <img   decoding=\"async\" loading=\"lazy\" src=\"https:\/\/www.europesays.com\/fr\/wp-content\/uploads\/2025\/04\/cc-monts-du-pilat-960x591.png\" alt=\"Les flocons sont tomb\u00e9s en nombre sur le col de la Croix de Chaubouret.\" width=\"960\" height=\"591\"\/><br \/>\n    Les flocons sont tomb\u00e9s en nombre sur le col de la Croix de Chaubouret. (\u00a9Webcam Croix de Chaubouret)Vid\u00e9os : en ce moment sur Actu<\/p>\n<p class=\" wall-content\">Le <a href=\"https:\/\/actu.fr\/auvergne-rhone-alpes\/saint-etienne_42218\/massif-central-jamais-vu-depuis-20-ans-cette-station-de-ski-explose-tous-les-scores_62465878.html\" rel=\"nofollow noopener\" target=\"_blank\">col de la Loge<\/a>, dont la station de ski de fond a \u00e9t\u00e9 particuli\u00e8rement g\u00e2t\u00e9e en pr\u00e9cipitations neigeuses cet hiver, a \u00e9galement \u00e9t\u00e9 la cible des flocons. En t\u00e9moignent ces images capt\u00e9es par la webcam.<\/p>\n<p>      <img   decoding=\"async\" loading=\"lazy\" src=\"https:\/\/www.europesays.com\/fr\/wp-content\/uploads\/2025\/04\/col-de-la-loge-2-960x640.png\" alt=\"La neige est tomb\u00e9e en certain quantit\u00e9 sur le col de la Loge ce mercredi matin.\" width=\"960\" height=\"640\"\/><br \/>\n    La neige est tomb\u00e9e en certaine quantit\u00e9 sur le col de la Loge ce mercredi matin. (\u00a9Webcam col de la Loge)L\u2019\u00e9pisode neigeux se poursuit jeudi<\/p>\n<p class=\" wall-content\">\u00c0 noter que <strong>l\u2019\u00e9pisode neigeux va se poursuivre<\/strong> ce jeudi 17\u00a0avril. \u00ab\u2009Le d\u00e9but de matin\u00e9e se d\u00e9roulera sous un ciel couvert accompagn\u00e9 d\u2019averses r\u00e9siduelles localement. Au fil des heures, le front ondulant apportera des pluies faibles continues avec quelques chutes de neige \u00e0 partir de 1\u2009200\/1\u2009300m\u2009\u00bb, indique en effet M\u00e9t\u00e9o Loire.<\/p>\n<p class=\" wall-content\">Idem dans l\u2019apr\u00e8s-midi, o\u00f9 \u00ab\u2009le ciel restera couvert et rythm\u00e9 par quelques pluies faibles et de la neige vers 1\u2009300\/1\u2009400m d\u2019altitude\u2009\u00bb.<\/p>\n<p class=\" wall-content\">Suivez toute l\u2019actualit\u00e9 de vos villes et m\u00e9dias favoris en vous inscrivant \u00e0 <a href=\"https:\/\/moncompte.actu.fr\" title=\"D\u00e9couvez Mon Actu\" rel=\"nofollow noopener\" data-trk=\"{&quot;cta&quot;:{&quot;action&quot;:&quot;https:\\\/\\\/moncompte.actu.fr&quot;,&quot;category&quot;:&quot;mon compte&quot;,&quot;from&quot;:&quot;article footer&quot;,&quot;name&quot;:&quot;Mon actu&quot;,&quot;type&quot;:&quot;cta&quot;}}\" target=\"_blank\">Mon Actu<\/a>.<\/p>\n","protected":false},"excerpt":{"rendered":"Par Julien Sournies Publi\u00e9 le 16 avr. 2025 \u00e0 15h51 Elles \u00e9taient attendues dans la Loire. Comme pr\u00e9vu&hellip;\n","protected":false},"author":2,"featured_media":35106,"comment_status":"","ping_status":"","sticky":false,"template":"","format":"standard","meta":{"footnotes":""},"categories":[9653],"tags":[1111,11,2430,1777,674,1011,27,2487,2357,10584,12,25,4001],"class_list":{"0":"post-35105","1":"post","2":"type-post","3":"status-publish","4":"format-standard","5":"has-post-thumbnail","7":"category-saint-etienne","8":"tag-actu","9":"tag-actualites","10":"tag-auvergne-rhone-alpes","11":"tag-eu","12":"tag-europe","13":"tag-fr","14":"tag-france","15":"tag-meteo","16":"tag-meteo-france","17":"tag-neige","18":"tag-news","19":"tag-republique-francaise","20":"tag-saint-etienne"},"share_on_mastodon":{"url":"https:\/\/pubeurope.com\/@fr\/114361522299551330","error":""},"_links":{"self":[{"href":"https:\/\/www.europesays.com\/fr\/wp-json\/wp\/v2\/posts\/35105","targetHints":{"allow":["GET"]}}],"collection":[{"href":"https:\/\/www.europesays.com\/fr\/wp-json\/wp\/v2\/posts"}],"about":[{"href":"https:\/\/www.europesays.com\/fr\/wp-json\/wp\/v2\/types\/post"}],"author":[{"embeddable":true,"href":"https:\/\/www.europesays.com\/fr\/wp-json\/wp\/v2\/users\/2"}],"replies":[{"embeddable":true,"href":"https:\/\/www.europesays.com\/fr\/wp-json\/wp\/v2\/comments?post=35105"}],"version-history":[{"count":0,"href":"https:\/\/www.europesays.com\/fr\/wp-json\/wp\/v2\/posts\/35105\/revisions"}],"wp:featuredmedia":[{"embeddable":true,"href":"https:\/\/www.europesays.com\/fr\/wp-json\/wp\/v2\/media\/35106"}],"wp:attachment":[{"href":"https:\/\/www.europesays.com\/fr\/wp-json\/wp\/v2\/media?parent=35105"}],"wp:term":[{"taxonomy":"category","embeddable":true,"href":"https:\/\/www.europesays.com\/fr\/wp-json\/wp\/v2\/categories?post=35105"},{"taxonomy":"post_tag","embeddable":true,"href":"https:\/\/www.europesays.com\/fr\/wp-json\/wp\/v2\/tags?post=35105"}],"curies":[{"name":"wp","href":"https:\/\/api.w.org\/{rel}","templated":true}]}}