{"id":351050,"date":"2025-08-29T01:18:13","date_gmt":"2025-08-29T01:18:13","guid":{"rendered":"https:\/\/www.europesays.com\/fr\/351050\/"},"modified":"2025-08-29T01:18:13","modified_gmt":"2025-08-29T01:18:13","slug":"apres-son-pari-rate-francois-bayrou-cible-pour-peche-dorgueil","status":"publish","type":"post","link":"https:\/\/www.europesays.com\/fr\/351050\/","title":{"rendered":"Apr\u00e8s son pari rat\u00e9, Fran\u00e7ois Bayrou cibl\u00e9 pour \u00abp\u00e9ch\u00e9 d\u2019orgueil\u00bb"},"content":{"rendered":"<p><strong>D\u00c9CRYPTAGE &#8211; <\/strong>Critiqu\u00e9 pour avoir sollicit\u00e9 un tr\u00e8s risqu\u00e9 vote de confiance le 8 septembre, le premier ministre cultive l\u2019image d\u2019un homme pr\u00eat \u00e0 tomber face au danger de la dette. Mais il cherche aussi \u00e0 frapper les esprits pour l\u2019avenir, aux yeux d\u2019une partie de son camp.<\/p>\n<p class=\"fig-paragraph\">L\u2019exp\u00e9rience d\u2019un roublard de la vie politique n\u2019emp\u00eache pas les maladresses. Interrog\u00e9 mercredi soir sur l\u2019absence de concertations estivales avec les dirigeants d\u2019opposition,\u00a0<a href=\"http:\/\/www.lefigaro.fr\/politique\/francois-bayrou-a-sorti-une-carte-que-personne-n-a-vu-venir-fatalistes-les-ministres-se-sentent-condamnes-a-partir-20250827\" target=\"_blank\" data-fig-type=\"Article\" rel=\"noopener\" data-gtm-custom-categorie=\"navigation\" data-gtm-custom-action=\"crossclick\" data-gtm-custom-label=\"Contextuel\" data-gtm-event=\"customEventSPE\" data-fig-domain=\"LEFIGARO\">Fran\u00e7ois Bayrou<\/a>\u00a0se livre \u00e0 une explication poussive\u00a0: \u00ab\u00a0Au mois d\u2019ao\u00fbt,\u00a0<a href=\"http:\/\/www.lefigaro.fr\/politique\/ils-etaient-en-vacances-francois-bayrou-justifie-l-absence-de-negociations-cet-ete-les-oppositions-vent-debout-20250828\" target=\"_blank\" data-fig-type=\"NewsFlash\" rel=\"noopener\" data-gtm-custom-categorie=\"navigation\" data-gtm-custom-action=\"crossclick\" data-gtm-custom-label=\"Contextuel\" data-gtm-event=\"customEventSPE\" data-fig-domain=\"LEFIGARO\">ils \u00e9taient tous en vacances<\/a> \u00a0\u00bb, se justifie-t-il laborieusement,\u00a0<a href=\"http:\/\/www.lefigaro.fr\/politique\/a-rebours-d-edouard-philippe-francois-bayrou-s-oppose-a-une-nouvelle-dissolution-en-cas-de-chute-ou-de-blocage-politique-20250827\" target=\"_blank\" data-fig-type=\"NewsFlash\" rel=\"noopener\" data-gtm-custom-categorie=\"navigation\" data-gtm-custom-action=\"crossclick\" data-gtm-custom-label=\"Contextuel\" data-gtm-event=\"customEventSPE\" data-fig-domain=\"LEFIGARO\">sur le plateau du \u00ab 20 Heures\u00a0\u00bb de TF1<\/a>.<\/p>\n<p class=\"fig-paragraph\">Le premier ministre a beau se dire dans le m\u00eame temps \u00ab\u00a0pr\u00eat \u00e0 discuter sur tous les sujets\u00a0\u00bb, il crispe aussit\u00f4t les d\u00e9put\u00e9s et se voit accuser de mensonge par\u00a0<a href=\"http:\/\/www.lefigaro.fr\/politique\/en-cas-de-dissolution-le-chemin-etroit-qui-permettrait-a-marine-le-pen-d-etre-candidate-malgre-son-ineligibilite-20250827\" target=\"_blank\" data-fig-type=\"Article\" rel=\"noopener\" data-gtm-custom-categorie=\"navigation\" data-gtm-custom-action=\"crossclick\" data-gtm-custom-label=\"Contextuel\" data-gtm-event=\"customEventSPE\" data-fig-domain=\"LEFIGARO\">Marine Le Pen<\/a>\u00a0: \u00ab\u00a0Tout le monde peut v\u00e9rifier que je vous ai bien \u00e9crit une lettre pr\u00e9cise et d\u00e9taill\u00e9e sur vos propositions budg\u00e9taires, lettre rest\u00e9e sans r\u00e9ponse\u00a0\u00bb, lui r\u00e9plique la patronne des d\u00e9put\u00e9s du Rassemblement national (RN). Obligeant jeudi le chef du gouvernement \u00e0 pr\u00e9ciser sa pens\u00e9e face au toll\u00e9\u00a0: \u00ab\u00a0Il n\u2019y a aucune pol\u00e9mique sur le fait que tout le monde a le droit d\u2019\u00eatre en vacances.\u00a0\u00bb<\/p>\n<p>Sortir en martyr<\/p>\n<p class=\"fig-paragraph\">La m\u00e9thode de Fran\u00e7ois Bayrou, chantre du\u2026<\/p>\n<p class=\"fig-premium-paywall__infos\">\n        Cet article est r\u00e9serv\u00e9 aux abonn\u00e9s.        Il vous reste 84% \u00e0 d\u00e9couvrir.\n    <\/p>\n<p>                <img  data- alt=\"Le Figaro\" class=\"fig-img--complete fig-img\"\/><\/p>\n<p class=\"fig-premium-paywall__title\">Vente Flash<\/p>\n<p class=\"fig-premium-paywall__subtitle\">4,99\u20ac par mois pendant 12 mois. Sans engagement<\/p>\n<p class=\"fig-premium-paywall__connect\">\n                D\u00e9j\u00e0 abonn\u00e9\u00a0?                <a class=\"fig-premium-paywall__connect-link\" href=\"https:\/\/connect.lefigaro.fr\/login?client=horizon_web&amp;type=main&amp;redirect_uri=https%3A%2F%2Fwww.lefigaro.fr%2Fpolitique%2Fapres-son-pari-rate-francois-bayrou-cible-pour-peche-d-orgueil-20250828\" data-js-gtm=\"{&quot;customCategorie&quot;: &quot;conversion&quot;, &quot;customAction&quot;: &quot;before_Landing_Connexion_paywall_auto&quot;, &quot;customLabel&quot;: &quot;bGVmaWdhcm8uZnJfXzFmMDg0MGMxLThmM2YtNjIwNi04NDYwLWYzMzVkOTllZDU1M19fQXJ0aWNsZQ==_Apr\u00e8s son pari rat\u00e9, Fran\u00e7ois Bayrou cibl\u00e9 pour \u00abp\u00e9ch\u00e9 d\u2019orgueil\u00bb_41&quot;, &quot;customIDSPE&quot;: &quot;bGVmaWdhcm8uZnJfXzFmMDg0MGMxLThmM2YtNjIwNi04NDYwLWYzMzVkOTllZDU1M19fQXJ0aWNsZQ==&quot;, &quot;event&quot;: &quot;customEventSPE&quot;}\" target=\"_blank\" rel=\"noopener\"><br \/>\n                    Connectez-vous<br \/>\n                <\/a>\n            <\/p>\n","protected":false},"excerpt":{"rendered":"D\u00c9CRYPTAGE &#8211; Critiqu\u00e9 pour avoir sollicit\u00e9 un tr\u00e8s risqu\u00e9 vote de confiance le 8 septembre, le premier ministre&hellip;\n","protected":false},"author":2,"featured_media":351051,"comment_status":"","ping_status":"","sticky":false,"template":"","format":"standard","meta":{"footnotes":""},"categories":[1356],"tags":[416,58,59,1011,27,431,418,252,1364],"class_list":{"0":"post-351050","1":"post","2":"type-post","3":"status-publish","4":"format-standard","5":"has-post-thumbnail","7":"category-television","8":"tag-assemblee-nationale","9":"tag-divertissement","10":"tag-entertainment","11":"tag-fr","12":"tag-france","13":"tag-francois-bayrou","14":"tag-gouvernement","15":"tag-television","16":"tag-tv"},"share_on_mastodon":{"url":"https:\/\/pubeurope.com\/@fr\/115109423007760031","error":""},"_links":{"self":[{"href":"https:\/\/www.europesays.com\/fr\/wp-json\/wp\/v2\/posts\/351050","targetHints":{"allow":["GET"]}}],"collection":[{"href":"https:\/\/www.europesays.com\/fr\/wp-json\/wp\/v2\/posts"}],"about":[{"href":"https:\/\/www.europesays.com\/fr\/wp-json\/wp\/v2\/types\/post"}],"author":[{"embeddable":true,"href":"https:\/\/www.europesays.com\/fr\/wp-json\/wp\/v2\/users\/2"}],"replies":[{"embeddable":true,"href":"https:\/\/www.europesays.com\/fr\/wp-json\/wp\/v2\/comments?post=351050"}],"version-history":[{"count":0,"href":"https:\/\/www.europesays.com\/fr\/wp-json\/wp\/v2\/posts\/351050\/revisions"}],"wp:featuredmedia":[{"embeddable":true,"href":"https:\/\/www.europesays.com\/fr\/wp-json\/wp\/v2\/media\/351051"}],"wp:attachment":[{"href":"https:\/\/www.europesays.com\/fr\/wp-json\/wp\/v2\/media?parent=351050"}],"wp:term":[{"taxonomy":"category","embeddable":true,"href":"https:\/\/www.europesays.com\/fr\/wp-json\/wp\/v2\/categories?post=351050"},{"taxonomy":"post_tag","embeddable":true,"href":"https:\/\/www.europesays.com\/fr\/wp-json\/wp\/v2\/tags?post=351050"}],"curies":[{"name":"wp","href":"https:\/\/api.w.org\/{rel}","templated":true}]}}